{"id":3952,"date":"2015-09-29T19:00:02","date_gmt":"2015-09-29T22:00:02","guid":{"rendered":"https:\/\/mundobibliotecario.wordpress.com\/?p=3952"},"modified":"2015-09-29T19:00:02","modified_gmt":"2015-09-29T22:00:02","slug":"eifl-webinar-uma-introducao-a-literacia-digital","status":"publish","type":"post","link":"https:\/\/mundobibliotecario.com.br\/index.php\/2015\/09\/29\/eifl-webinar-uma-introducao-a-literacia-digital\/","title":{"rendered":"EIFL Webinar: uma introdu\u00e7\u00e3o \u00e0 literacia digital"},"content":{"rendered":"<p>O Programa de Licenciamento EIFL est\u00e1 organizando\u00a0um webinar com o orador convidado Dr\u00aa Jane Secker, que ir\u00e1 fornecer uma introdu\u00e7\u00e3o \u00e0 literacia\u00a0digital. Dr\u00aa Jane Secker \u00e9 Copyright e Digital Literacy Advisor na London School of Economics. Ela tamb\u00e9m \u00e9 presidente do Instituto Chartered de Documenta\u00e7\u00e3o e Informa\u00e7\u00e3o Profissionais (CILIP) Information Literacy Group.<\/p>\n<p>O webinar\u00a0ser\u00e1 realizado no dia 6\/10\/15, das 7h \u00e0s 8h (hor\u00e1rio de Bras\u00edlia). A not\u00edcia completa sobre o evento e a inscri\u00e7\u00e3o est\u00e3o dispon\u00edveis\u00a0no site do <a href=\"http:\/\/www.eifl.net\/events\/eifl-webinar-introduction-digital-literacy\">EIFL (Electronic Information for Libraries)<\/a>, uma ONG que oferece suporte para\u00a0pa\u00edses da \u00c1frica, \u00c1sia e Am\u00e9rica Latina no acesso \u00e0 informa\u00e7\u00e3o.<\/p>\n","protected":false},"excerpt":{"rendered":"<p>O Programa de Licenciamento EIFL est\u00e1 organizando\u00a0um webinar com o orador convidado Dr\u00aa Jane Secker, que ir\u00e1 fornecer uma introdu\u00e7\u00e3o \u00e0 literacia\u00a0digital. Dr\u00aa Jane Secker \u00e9 Copyright e Digital Literacy Advisor na London School of Economics. Ela tamb\u00e9m \u00e9 presidente do Instituto Chartered de Documenta\u00e7\u00e3o e Informa\u00e7\u00e3o Profissionais (CILIP) Information Literacy Group. O webinar\u00a0ser\u00e1 realizado &#8230; <a title=\"EIFL Webinar: uma introdu\u00e7\u00e3o \u00e0 literacia digital\" class=\"read-more\" href=\"https:\/\/mundobibliotecario.com.br\/index.php\/2015\/09\/29\/eifl-webinar-uma-introducao-a-literacia-digital\/\" aria-label=\"Read more about EIFL Webinar: uma introdu\u00e7\u00e3o \u00e0 literacia digital\">Ler mais<\/a><\/p>\n","protected":false},"author":1,"featured_media":0,"comment_status":"open","ping_status":"open","sticky":false,"template":"","format":"standard","meta":{"_mi_skip_tracking":false,"_exactmetrics_sitenote_active":false,"_exactmetrics_sitenote_note":"","_exactmetrics_sitenote_category":0,"_jetpack_newsletter_access":"","footnotes":""},"categories":[27],"tags":[1490,1491,1600,1127],"class_list":["post-3952","post","type-post","status-publish","format-standard","hentry","category-eventos","tag-eifl","tag-electronic-information-for-libraries","tag-literacia-digital","tag-webinar"],"jetpack_featured_media_url":"","jetpack_sharing_enabled":true,"jetpack-related-posts":[{"id":9311,"url":"https:\/\/mundobibliotecario.com.br\/index.php\/2021\/08\/05\/infotecarios-webinar-repositorios-digitales-a-tu-alcance\/","url_meta":{"origin":3952,"position":0},"title":"InfoTecarios Webinar: Repositorios digitales a tu alcance","author":"mundobibliotecario","date":"05\/08\/2021","format":false,"excerpt":"Te invitamos a una nueva edici\u00f3n de Infotecarios Webinar el viernes 30 de julio, en esta edici\u00f3n con el seminario: Repositorios digitales a tu alcance Impartido por Adri\u00e1n Mendez y Eudis Bello Insc\u2026 Source","rel":"","context":"Post similar","block_context":{"text":"Post similar","link":""},"img":{"alt_text":"","src":"https:\/\/i0.wp.com\/mundobibliotecario.com.br\/wp-content\/uploads\/2021\/08\/Untitled-design-6.png?resize=350%2C200&ssl=1","width":350,"height":200},"classes":[]},{"id":987,"url":"https:\/\/mundobibliotecario.com.br\/index.php\/2009\/11\/17\/2nd-ettlis\/","url_meta":{"origin":3952,"position":1},"title":"2nd ETTLIS","author":"mundobibliotecario","date":"17\/11\/2009","format":false,"excerpt":"2nd International Symposium on Emerging Trends and Technologies in Libraries and Information Services\u00a0 Jointly Organized by Learning Resource Centre Jaypee Institute of Information Technology Noida (UP) & Learning Resource Centre Jaypee University of Information Technology Waknaghat(HP) Important Dates Deadline for Abstract Submission Notification of Acceptance Camera Ready Paper Deadline for\u2026","rel":"","context":"Em &quot;Eventos&quot;","block_context":{"text":"Eventos","link":"https:\/\/mundobibliotecario.com.br\/index.php\/category\/eventos\/"},"img":{"alt_text":"","src":"","width":0,"height":0},"classes":[]},{"id":3385,"url":"https:\/\/mundobibliotecario.com.br\/index.php\/2014\/01\/13\/webinar-ifla-conexao-global-entre-novos-bibliotecarios-melhores-praticas-modelos-e-recomendacoes\/","url_meta":{"origin":3952,"position":2},"title":"Webinar IFLA &#8220;Conex\u00e3o global entre novos bibliotec\u00e1rios: melhores pr\u00e1ticas, modelos e recomenda\u00e7\u00f5es&#8221;","author":"mundobibliotecario","date":"13\/01\/2014","format":false,"excerpt":"Caros leitores do Mundo Bibliotec\u00e1rio, amanh\u00e3 ser\u00e1 realizado o primeiro webinar virtual promovido pela IFLA, cujas informa\u00e7\u00f5es est\u00e3o dispon\u00edveis em http:\/\/www.ifla.org\/node\/6141. Ser\u00e1 realizado no Brasil as 5:00 p.m.\u00a0Os webinares s\u00e3o eventos trimestrais (janeiro, abril, julho e outubro) e este ano contar\u00e3o com os seguintes conferencistas: Donna Scheeder, conferencista magistral e\u2026","rel":"","context":"Em &quot;Eventos&quot;","block_context":{"text":"Eventos","link":"https:\/\/mundobibliotecario.com.br\/index.php\/category\/eventos\/"},"img":{"alt_text":"","src":"","width":0,"height":0},"classes":[]},{"id":3667,"url":"https:\/\/mundobibliotecario.com.br\/index.php\/2014\/12\/15\/webinar-gratuito-coaching-na-atuacao-do-profissional-da-informacao\/","url_meta":{"origin":3952,"position":3},"title":"Webinar gratuito &quot;Coaching na Atua\u00e7\u00e3o do Profissional da Informa\u00e7\u00e3o&quot;","author":"mundobibliotecario","date":"15\/12\/2014","format":false,"excerpt":"Na Sociedade da Informa\u00e7\u00e3o e do Conhecimento, torna-se necess\u00e1rio um novo olhar sobre as formas de atua\u00e7\u00e3o do profissional da informa\u00e7\u00e3o. O profissional deve buscar conhecer tend\u00eancias e inova\u00e7\u00f5es que t\u00eam sido utilizadas em v\u00e1rios pa\u00edses. Nesse contexto, o coaching se apresenta como um subs\u00eddio eficaz e promissor de planejamento\u2026","rel":"","context":"Em &quot;Eventos&quot;","block_context":{"text":"Eventos","link":"https:\/\/mundobibliotecario.com.br\/index.php\/category\/eventos\/"},"img":{"alt_text":"","src":"","width":0,"height":0},"classes":[]},{"id":4925,"url":"https:\/\/mundobibliotecario.com.br\/index.php\/2014\/12\/15\/webinar-gratuito-coaching-na-atuacao-do-profissional-da-informacao-2\/","url_meta":{"origin":3952,"position":4},"title":"Webinar gratuito &#8220;Coaching na Atua\u00e7\u00e3o do Profissional da Informa\u00e7\u00e3o&#8221;","author":"mundobibliotecario","date":"15\/12\/2014","format":false,"excerpt":"Na Sociedade da Informa\u00e7\u00e3o e do Conhecimento, torna-se necess\u00e1rio um novo olhar sobre as formas de atua\u00e7\u00e3o do profissional da informa\u00e7\u00e3o. O profissional deve buscar conhecer tend\u00eancias e inova\u00e7\u00f5es que t\u00eam sido utilizadas em v\u00e1rios pa\u00edses. Nesse contexto, o coaching se apresenta como um subs\u00eddio eficaz e promissor de planejamento\u2026","rel":"","context":"Em &quot;Eventos&quot;","block_context":{"text":"Eventos","link":"https:\/\/mundobibliotecario.com.br\/index.php\/category\/eventos\/"},"img":{"alt_text":"","src":"","width":0,"height":0},"classes":[]},{"id":4689,"url":"https:\/\/mundobibliotecario.com.br\/index.php\/2018\/02\/20\/webinar-a-biblioteca-universitaria-e-os-novos-instrumentos-de-avaliacao-mec-inep\/","url_meta":{"origin":3952,"position":5},"title":"Webinar &#8220;A biblioteca universit\u00e1ria e os novos instrumentos de avalia\u00e7\u00e3o (MEC\/INEP)&#8221;","author":"mundobibliotecario","date":"20\/02\/2018","format":false,"excerpt":"Ol\u00e1! Tudo bem? No dia\u00a023\/02\u00a0\u00e0s\u00a010h30,\u00a0M\u00edriam Rocha\u00a0ministrar\u00e1 o evento online gratuito \u201cA biblioteca universit\u00e1ria e os novos instrumentos de avalia\u00e7\u00e3o (MEC\/INEP)\u201d! Altera\u00e7\u00f5es significativas na legisla\u00e7\u00e3o do ensino superior ocorreram no final de 2017, o que nos leva a refletir sobre uma\u00a0mudan\u00e7a de paradigma. Nesse sentido, o webinar ser\u00e1 direcionado para atualizar\u00a0\u2026","rel":"","context":"Em &quot;Eventos&quot;","block_context":{"text":"Eventos","link":"https:\/\/mundobibliotecario.com.br\/index.php\/category\/eventos\/"},"img":{"alt_text":"","src":"","width":0,"height":0},"classes":[]}],"jetpack_likes_enabled":true,"jetpack_shortlink":"https:\/\/wp.me\/pcbzwa-11K","_links":{"self":[{"href":"https:\/\/mundobibliotecario.com.br\/index.php\/wp-json\/wp\/v2\/posts\/3952","targetHints":{"allow":["GET"]}}],"collection":[{"href":"https:\/\/mundobibliotecario.com.br\/index.php\/wp-json\/wp\/v2\/posts"}],"about":[{"href":"https:\/\/mundobibliotecario.com.br\/index.php\/wp-json\/wp\/v2\/types\/post"}],"author":[{"embeddable":true,"href":"https:\/\/mundobibliotecario.com.br\/index.php\/wp-json\/wp\/v2\/users\/1"}],"replies":[{"embeddable":true,"href":"https:\/\/mundobibliotecario.com.br\/index.php\/wp-json\/wp\/v2\/comments?post=3952"}],"version-history":[{"count":0,"href":"https:\/\/mundobibliotecario.com.br\/index.php\/wp-json\/wp\/v2\/posts\/3952\/revisions"}],"wp:attachment":[{"href":"https:\/\/mundobibliotecario.com.br\/index.php\/wp-json\/wp\/v2\/media?parent=3952"}],"wp:term":[{"taxonomy":"category","embeddable":true,"href":"https:\/\/mundobibliotecario.com.br\/index.php\/wp-json\/wp\/v2\/categories?post=3952"},{"taxonomy":"post_tag","embeddable":true,"href":"https:\/\/mundobibliotecario.com.br\/index.php\/wp-json\/wp\/v2\/tags?post=3952"}],"curies":[{"name":"wp","href":"https:\/\/api.w.org\/{rel}","templated":true}]}}