{"id":3963,"date":"2015-09-26T10:28:43","date_gmt":"2015-09-26T13:28:43","guid":{"rendered":"https:\/\/mundobibliotecario.wordpress.com\/?p=3963"},"modified":"2020-07-21T23:25:20","modified_gmt":"2020-07-22T02:25:20","slug":"semana-dos-livros-proibidos","status":"publish","type":"post","link":"https:\/\/mundobibliotecario.com.br\/index.php\/2015\/09\/26\/semana-dos-livros-proibidos\/","title":{"rendered":"Semana dos livros proibidos"},"content":{"rendered":"<p>Exposici\u00f3n de libro en la semana de los libros prohibidos<\/p>\n<p>.<\/p>\n<p>2015 Banned Book Week (BBW)<\/p>\n<p><a href=\"http:\/\/www.bannedbooksweek.org\/\">http:\/\/www.bannedbooksweek.org\/<\/a><\/p>\n<p>Durante estos d\u00edas las escuelas, bibliotecas, librer\u00edas, y organizaciones comunitarias p\u00fablicas se est\u00e1n preparando para celebrar la libertad de leer al conmemorar la semana de los libros prohibidos,\u00a0que tendr\u00e1 lugar del 27 de septiembre al 3 de octubre de 2015. Para ello se han instalado estantes de libros prohibidos envueltos en cinta de color amarillo brillante marcados con la palabra \u201cPrecauci\u00f3n\u201d en las bibliotecas. Cada libro se cubre con papel de estraza marcado como prohibido (Banned!!) y se deja estrat\u00e9gicamente rasgado para dejar revelar parte del t\u00edtulo.<\/p>\n<p>Dispon\u00edvel em: &lt;http:\/\/www.universoabierto.com\/22802\/semana-de-los-libros-prohibidos\/&gt;. Acesso em: 22 set. 2015.<\/p>\n","protected":false},"excerpt":{"rendered":"<p>Exposici\u00f3n de libro en la semana de los libros prohibidos . 2015 Banned Book Week (BBW) http:\/\/www.bannedbooksweek.org\/ Durante estos d\u00edas las escuelas, bibliotecas, librer\u00edas, y organizaciones comunitarias p\u00fablicas se est\u00e1n preparando para celebrar la libertad de leer al conmemorar la semana de los libros prohibidos,\u00a0que tendr\u00e1 lugar del 27 de septiembre al 3 de octubre &#8230; <a title=\"Semana dos livros proibidos\" class=\"read-more\" href=\"https:\/\/mundobibliotecario.com.br\/index.php\/2015\/09\/26\/semana-dos-livros-proibidos\/\" aria-label=\"Read more about Semana dos livros proibidos\">Ler mais<\/a><\/p>\n","protected":false},"author":1,"featured_media":0,"comment_status":"open","ping_status":"open","sticky":false,"template":"","format":"standard","meta":{"_mi_skip_tracking":false,"_exactmetrics_sitenote_active":false,"_exactmetrics_sitenote_note":"","_exactmetrics_sitenote_category":0,"_jetpack_newsletter_access":"","footnotes":""},"categories":[27],"tags":[1282],"class_list":["post-3963","post","type-post","status-publish","format-standard","hentry","category-eventos","tag-livros-proibidos"],"jetpack_featured_media_url":"","jetpack_sharing_enabled":true,"jetpack-related-posts":[{"id":1494,"url":"https:\/\/mundobibliotecario.com.br\/index.php\/2010\/10\/07\/jornada-virtual-acceso-abierto-argentina-2010\/","url_meta":{"origin":3963,"position":0},"title":"Jornada Virtual &#8211; Acceso Abierto Argentina 2010","author":"mundobibliotecario","date":"07\/10\/2010","format":false,"excerpt":"La Semana del Acceso Abierto se celebrar\u00e1 por cuarta vez a nivel mundial del 18 al 24 de Octubre bajo el lema Leer, Compartir y Avanzar, con el objetivo de promocionar al Acceso Abierto como una nueva norma acad\u00e9mica y cient\u00edfica. El Acceso Abierto (Open Access) a la producci\u00f3n cient\u00edfico-tecnol\u00f3gica\u2026","rel":"","context":"Em &quot;Eventos&quot;","block_context":{"text":"Eventos","link":"https:\/\/mundobibliotecario.com.br\/index.php\/category\/eventos\/"},"img":{"alt_text":"","src":"","width":0,"height":0},"classes":[]},{"id":454,"url":"https:\/\/mundobibliotecario.com.br\/index.php\/2009\/03\/12\/salao-do-estudante-procurando-por-biblioteconomia-no-mundo\/","url_meta":{"origin":3963,"position":1},"title":"Sal\u00e3o do Estudante: procurando por biblioteconomia no mundo&#8230;","author":"mundobibliotecario","date":"12\/03\/2009","format":false,"excerpt":"12 de mar\u00e7o: dia do bibliotec\u00e1rio! Para o dia de hoje, preparei este post para os colegas bibliotec\u00e1rios. Parab\u00e9ns a todos! Estive no Sal\u00e3o do Estudante no \u00faltimo s\u00e1bado procurando por cursos p\u00f3s-gradua\u00e7\u00e3o de biblioteconomia no mundo. Para quem n\u00e3o conhece, o Sal\u00e3o do Estudante \u00e9 uma feira de interc\u00e2mbio\u2026","rel":"","context":"Em &quot;Curso de P\u00f3s-Gradua\u00e7\u00e3o&quot;","block_context":{"text":"Curso de P\u00f3s-Gradua\u00e7\u00e3o","link":"https:\/\/mundobibliotecario.com.br\/index.php\/category\/curso-de-pos-graduacao\/"},"img":{"alt_text":"","src":"","width":0,"height":0},"classes":[]},{"id":1433,"url":"https:\/\/mundobibliotecario.com.br\/index.php\/2010\/08\/30\/primeras-jornadas-virtuales-iberoamericanas-de-bibliotecologia\/","url_meta":{"origin":3963,"position":2},"title":"Primeras Jornadas Virtuales Iberoamericanas de Bibliotecolog\u00eda","author":"mundobibliotecario","date":"30\/08\/2010","format":false,"excerpt":"Primeras Jornadas Virtuales Iberoamericanas de Bibliotecolog\u00eda -- 1\u00ba al 30 de Noviembre de 2010-- Organiza: BIBAR Portal Argentino de Bibliotecolog\u00eda y Ciencias de la Informaci\u00f3n. .bibar.org\/ - bibliotecas. bibar.org\/ OBJETIVOS DE LAS JORNADAS: -Conformar un espacio de reflexi\u00f3n, participaci\u00f3n e intercambio de experiencias para los profesionales de la especialidad. -Promover\u2026","rel":"","context":"Em &quot;Eventos&quot;","block_context":{"text":"Eventos","link":"https:\/\/mundobibliotecario.com.br\/index.php\/category\/eventos\/"},"img":{"alt_text":"","src":"","width":0,"height":0},"classes":[]},{"id":1320,"url":"https:\/\/mundobibliotecario.com.br\/index.php\/2010\/06\/21\/nova-publicacao-em-bibliometria\/","url_meta":{"origin":3963,"position":3},"title":"Nova publica\u00e7\u00e3o em bibliometria","author":"mundobibliotecario","date":"21\/06\/2010","format":false,"excerpt":"Abaixo segue a resenha de uma nova obra sobre bibliometria. Boa leitura! ************************************* Rub\u00e9n Urbizag\u00e1stegui Alvarado. La Productividad cient\u00edfica de los autores: aplicaciones bibliom\u00e9tricas de la Ley de Lotka. Lima : Grupo Editorial Arteidea, 2009. 119 p. 20 cm. La bibliometr\u00eda, y en especial la Ley de Lotka, ha permanecido\u2026","rel":"","context":"Em &quot;Not\u00edcias&quot;","block_context":{"text":"Not\u00edcias","link":"https:\/\/mundobibliotecario.com.br\/index.php\/category\/noticias\/"},"img":{"alt_text":"","src":"","width":0,"height":0},"classes":[]},{"id":1981,"url":"https:\/\/mundobibliotecario.com.br\/index.php\/2011\/04\/25\/perspectivas-em-gestao-conhecimento-chamada-de-trabalho\/","url_meta":{"origin":3963,"position":4},"title":"Perspectivas em Gest\u00e3o &#038; Conhecimento &#8211; Chamada de trabalho","author":"mundobibliotecario","date":"25\/04\/2011","format":false,"excerpt":"Llamada por art\u00edculos Escribimos para invitarlo a enviar vuestra contribuci\u00f3n para nuestra revista brasile\u00f1a http:\/\/periodicos.ufpb.br\/ojs2\/index.php\/pgc\">PERSPECTIVAS EM GEST\u00c3O & CONHECIMENTO. \u00a0 PERSPECTIVAS EM GEST\u00c3O & CONHECIMENTO es una nueva publicaci\u00f3n electr\u00f3nica, de acceso libre en la Internet. Su misi\u00f3n es publicar art\u00edculos originales en gesti\u00f3n de la informaci\u00f3n, gesti\u00f3n del conocimiento\u2026","rel":"","context":"Em &quot;Not\u00edcias&quot;","block_context":{"text":"Not\u00edcias","link":"https:\/\/mundobibliotecario.com.br\/index.php\/category\/noticias\/"},"img":{"alt_text":"","src":"","width":0,"height":0},"classes":[]},{"id":4872,"url":"https:\/\/mundobibliotecario.com.br\/index.php\/2011\/04\/25\/perspectivas-em-gestao-conhecimento-chamada-de-trabalho-2\/","url_meta":{"origin":3963,"position":5},"title":"Perspectivas em Gest\u00e3o &#038; Conhecimento &#8211; Chamada de trabalho","author":"mundobibliotecario","date":"25\/04\/2011","format":false,"excerpt":"Llamada por art\u00edculos Escribimos para invitarlo a enviar vuestra contribuci\u00f3n para nuestra revista brasile\u00f1a http:\/\/periodicos.ufpb.br\/ojs2\/index.php\/pgc\">PERSPECTIVAS EM GEST\u00c3O & CONHECIMENTO. \u00a0 PERSPECTIVAS EM GEST\u00c3O & CONHECIMENTO es una nueva publicaci\u00f3n electr\u00f3nica, de acceso libre en la Internet. Su misi\u00f3n es publicar art\u00edculos originales en gesti\u00f3n de la informaci\u00f3n, gesti\u00f3n del conocimiento\u2026","rel":"","context":"Em &quot;Not\u00edcias&quot;","block_context":{"text":"Not\u00edcias","link":"https:\/\/mundobibliotecario.com.br\/index.php\/category\/noticias\/"},"img":{"alt_text":"","src":"","width":0,"height":0},"classes":[]}],"jetpack_likes_enabled":true,"jetpack_shortlink":"https:\/\/wp.me\/pcbzwa-11V","_links":{"self":[{"href":"https:\/\/mundobibliotecario.com.br\/index.php\/wp-json\/wp\/v2\/posts\/3963","targetHints":{"allow":["GET"]}}],"collection":[{"href":"https:\/\/mundobibliotecario.com.br\/index.php\/wp-json\/wp\/v2\/posts"}],"about":[{"href":"https:\/\/mundobibliotecario.com.br\/index.php\/wp-json\/wp\/v2\/types\/post"}],"author":[{"embeddable":true,"href":"https:\/\/mundobibliotecario.com.br\/index.php\/wp-json\/wp\/v2\/users\/1"}],"replies":[{"embeddable":true,"href":"https:\/\/mundobibliotecario.com.br\/index.php\/wp-json\/wp\/v2\/comments?post=3963"}],"version-history":[{"count":3,"href":"https:\/\/mundobibliotecario.com.br\/index.php\/wp-json\/wp\/v2\/posts\/3963\/revisions"}],"predecessor-version":[{"id":6664,"href":"https:\/\/mundobibliotecario.com.br\/index.php\/wp-json\/wp\/v2\/posts\/3963\/revisions\/6664"}],"wp:attachment":[{"href":"https:\/\/mundobibliotecario.com.br\/index.php\/wp-json\/wp\/v2\/media?parent=3963"}],"wp:term":[{"taxonomy":"category","embeddable":true,"href":"https:\/\/mundobibliotecario.com.br\/index.php\/wp-json\/wp\/v2\/categories?post=3963"},{"taxonomy":"post_tag","embeddable":true,"href":"https:\/\/mundobibliotecario.com.br\/index.php\/wp-json\/wp\/v2\/tags?post=3963"}],"curies":[{"name":"wp","href":"https:\/\/api.w.org\/{rel}","templated":true}]}}