{"id":3978,"date":"2015-09-30T12:00:09","date_gmt":"2015-09-30T15:00:09","guid":{"rendered":"https:\/\/mundobibliotecario.wordpress.com\/?p=3978"},"modified":"2015-09-30T12:00:09","modified_gmt":"2015-09-30T15:00:09","slug":"portal-oferece-35-mil-livros-gratis-da-amazon","status":"publish","type":"post","link":"https:\/\/mundobibliotecario.com.br\/index.php\/2015\/09\/30\/portal-oferece-35-mil-livros-gratis-da-amazon\/","title":{"rendered":"Portal oferece 35 mil livros gr\u00e1tis da Amazon"},"content":{"rendered":"<p>Oi pessoal!<\/p>\n<p>O site\u00a0<strong><a href=\"http:\/\/www.freebooksifter.com\/\" target=\"_blank\" rel=\"noopener noreferrer\">Freebook Sifter<\/a><\/strong>\u00a0\u00e9 uma boa dica para quem tem o\u00a0e-reader\u00a0Kindle\u00a0ou algum outro leitor de<strong> livros digitais<\/strong> com suporte aos e-books da <strong>Amazon<\/strong>. A p\u00e1gina agrega mais de <strong>35 mil livros gratuitos<\/strong> oferecidos pela gigante norte-americana das vendas.<\/p>\n<p>A maior quantidade dos t\u00edtulos est\u00e1 em <strong>ingl\u00eas<\/strong>, mas \u00e9 poss\u00edvel encontrar quase <strong>500 publica\u00e7\u00f5es em portugu\u00eas<\/strong>. S\u00e3o livros publicados em sua maioria no Brasil e em Portugal, divididos por categorias como fic\u00e7\u00e3o, hist\u00f3ria e religi\u00e3o.<\/p>\n<p>Em <strong>literatura<\/strong>, o escritor Machado de Assis \u00e9 um dos mais encontrados na l\u00edngua portuguesa. Os t\u00edtulos dos livros ficam indexados em listas com links para o site da Amazon. Alguns detalhes como a avalia\u00e7\u00e3o das obras pelos usu\u00e1rios tamb\u00e9m est\u00e1 dispon\u00edvel no servi\u00e7o.<\/p>\n<p>O site tem sua base de dados renovada diariamente, segundo seus criadores,\u00a0Michael Powell e J\u00fcrgen Horn.<\/p>\n<p>Aproveite e boa leitura!<\/p>\n<p>Dispon\u00edvel em: &lt;<a href=\"http:\/\/canaldoensino.com.br\/blog\/portal-oferece-35-mil-livros-gratis-da-amazon\">http:\/\/canaldoensino.com.br\/blog\/portal-oferece-35-mil-livros-gratis-da-amazon<\/a>&gt;. Acesso em: 29 set. 2015.<\/p>\n","protected":false},"excerpt":{"rendered":"<p>Oi pessoal! O site\u00a0Freebook Sifter\u00a0\u00e9 uma boa dica para quem tem o\u00a0e-reader\u00a0Kindle\u00a0ou algum outro leitor de livros digitais com suporte aos e-books da Amazon. A p\u00e1gina agrega mais de 35 mil livros gratuitos oferecidos pela gigante norte-americana das vendas. A maior quantidade dos t\u00edtulos est\u00e1 em ingl\u00eas, mas \u00e9 poss\u00edvel encontrar quase 500 publica\u00e7\u00f5es em &#8230; <a title=\"Portal oferece 35 mil livros gr\u00e1tis da Amazon\" class=\"read-more\" href=\"https:\/\/mundobibliotecario.com.br\/index.php\/2015\/09\/30\/portal-oferece-35-mil-livros-gratis-da-amazon\/\" aria-label=\"Read more about Portal oferece 35 mil livros gr\u00e1tis da Amazon\">Ler mais<\/a><\/p>\n","protected":false},"author":1,"featured_media":0,"comment_status":"open","ping_status":"open","sticky":false,"template":"","format":"standard","meta":{"_mi_skip_tracking":false,"_exactmetrics_sitenote_active":false,"_exactmetrics_sitenote_note":"","_exactmetrics_sitenote_category":0,"_jetpack_newsletter_access":"","footnotes":""},"categories":[60],"tags":[315,1602],"class_list":["post-3978","post","type-post","status-publish","format-standard","hentry","category-noticias","tag-amazon","tag-livro-gratis"],"jetpack_featured_media_url":"","jetpack_sharing_enabled":true,"jetpack-related-posts":[{"id":5546,"url":"https:\/\/mundobibliotecario.com.br\/index.php\/2020\/04\/11\/amazon-libera-50-mil-livros-para-baixar-de-graca-agora-e-por-tempo-limitado\/","url_meta":{"origin":3978,"position":0},"title":"Amazon libera 50 Mil livros para baixar de gra\u00e7a agora (e por tempo limitado)","author":"mundobibliotecario","date":"11\/04\/2020","format":false,"excerpt":"Para compensar o t\u00e9dio neste isolamento de quarentena, a Amazon acaba de liberar 50 mil livros para baixar de gra\u00e7a! As publica\u00e7\u00f5es, disponibilizadas em e-books, totalizam um desconto de, em m\u00e9dia, R$ 400 mil. Para conferir todas as publica\u00e7\u00f5es dispon\u00edveis, acesse o link! Vale lembrar que, mesmo que a promo\u00e7\u00e3o\u2026","rel":"","context":"Em &quot;Not\u00edcias&quot;","block_context":{"text":"Not\u00edcias","link":"https:\/\/mundobibliotecario.com.br\/index.php\/category\/noticias\/"},"img":{"alt_text":"","src":"","width":0,"height":0},"classes":[]},{"id":496,"url":"https:\/\/mundobibliotecario.com.br\/index.php\/2009\/03\/27\/leitor-da-sony-tera-mais-de-600-mil-titulos\/","url_meta":{"origin":3978,"position":1},"title":"Leitor da Sony ter\u00e1 mais de 600 mil t\u00edtulos","author":"mundobibliotecario","date":"27\/03\/2009","format":false,"excerpt":"JORNAL DO COMMERCIO, 20.03.09 p. B10 Tecnologia E-READER - Obras de dom\u00ednio p\u00fablico digitalizadas pelo Google poder\u00e3o ser lidas no aparelho ou direto no computador, baixando um arquivo em PDF DA REDA\u00c7\u00c3O, COM AG\u00caNCIAS A Sony est\u00e1 disponibilizando livros de dom\u00ednio p\u00fablico do Google para usu\u00e1rios de seu aparelho leitor\u2026","rel":"","context":"Em &quot;Not\u00edcias&quot;","block_context":{"text":"Not\u00edcias","link":"https:\/\/mundobibliotecario.com.br\/index.php\/category\/noticias\/"},"img":{"alt_text":"","src":"","width":0,"height":0},"classes":[]},{"id":5002,"url":"https:\/\/mundobibliotecario.com.br\/index.php\/2018\/09\/12\/empreitadas-digitais-do-livro\/","url_meta":{"origin":3978,"position":2},"title":"Empreitadas digitais do livro","author":"mundobibliotecario","date":"12\/09\/2018","format":false,"excerpt":"Terceira edi\u00e7\u00e3o do Pr\u00eamio Kindle de Literatura segue com inscri\u00e7\u00f5es abertas at\u00e9 15 de outubro \u00a0 \u00a0 \u00a0 \u00a0 \u00a0 \u00a0 Ricardo Garrido, gerente geral de aquisi\u00e7\u00e3o de conte\u00fado para Kindle: \"Em 2012, t\u00ednhamos 12 mil livros digitais em portugu\u00eas; hoje, temos mais de 150 mil\" \u00a0 \u00a0 Foi durante\u2026","rel":"","context":"Em &quot;Not\u00edcias&quot;","block_context":{"text":"Not\u00edcias","link":"https:\/\/mundobibliotecario.com.br\/index.php\/category\/noticias\/"},"img":{"alt_text":"","src":"https:\/\/i0.wp.com\/diariodonordeste.verdesmares.com.br\/polopoly_fs\/1.1995029.1536099838!\/image\/image.jpg_gen\/derivatives\/landscape_310\/image.jpg?resize=350%2C200","width":350,"height":200},"classes":[]},{"id":2218,"url":"https:\/\/mundobibliotecario.com.br\/index.php\/2011\/09\/23\/kindle-com-acesso-a-livros-de-bibliotecas-publicas\/","url_meta":{"origin":3978,"position":3},"title":"Kindle com acesso a livros de bibliotecas p\u00fablicas","author":"mundobibliotecario","date":"23\/09\/2011","format":false,"excerpt":"A Amazon passou a permitir a requisi\u00e7\u00e3o e leitura de livros de bibliotecas p\u00fablicas atrav\u00e9s do seu leitor de ebooks e aplica\u00e7\u00f5es para computadores e smartphones, anunciou ontem a empresa, num comunicado oficial. A novidade vem trazer uma nova dimens\u00e3o ao dispositivo, ao fornecer acesso gratuito \u00e0s obras em formato\u2026","rel":"","context":"Em &quot;Not\u00edcias&quot;","block_context":{"text":"Not\u00edcias","link":"https:\/\/mundobibliotecario.com.br\/index.php\/category\/noticias\/"},"img":{"alt_text":"","src":"","width":0,"height":0},"classes":[]},{"id":482,"url":"https:\/\/mundobibliotecario.com.br\/index.php\/2009\/03\/17\/publicacao-de-livro-entra-na-era-virtual\/","url_meta":{"origin":3978,"position":4},"title":"Publica\u00e7\u00e3o de livro entra na era virtual","author":"mundobibliotecario","date":"17\/03\/2009","format":false,"excerpt":"O ESTADO DE S\u00c3O PAULO, 15.03.2009, p. B12 - Economia - Tecnologia Mariana Barbosa Internet d\u00e1 novo f\u00f4lego a editoras especializadas em ?autopublica\u00e7\u00e3o? A revolu\u00e7\u00e3o de costumes provocada pela internet - que transformou a ind\u00fastria fonogr\u00e1fica - est\u00e1 chegando ao mercado editorial e invertendo a rela\u00e7\u00e3o de poder entre editoras\u2026","rel":"","context":"Em &quot;Not\u00edcias&quot;","block_context":{"text":"Not\u00edcias","link":"https:\/\/mundobibliotecario.com.br\/index.php\/category\/noticias\/"},"img":{"alt_text":"","src":"","width":0,"height":0},"classes":[]},{"id":978,"url":"https:\/\/mundobibliotecario.com.br\/index.php\/2009\/11\/12\/978\/","url_meta":{"origin":3978,"position":5},"title":"E o livro chegou ao computador&#8230;","author":"mundobibliotecario","date":"12\/11\/2009","format":false,"excerpt":"A Amazon acaba de lan\u00e7ar o Kindle para PC e promete para breve uma vers\u00e3o para Mac Tecnologia PublishNews - 11\/11\/2009 Depois do Kindle em vers\u00e3o internacional que foi disponibilizado recentemente para mais de 100 pa\u00edses, a Amazon lan\u00e7ou ontem, 10\/11, o aplicativo Kindle para PC, que pode ser baixado\u2026","rel":"","context":"Em &quot;Not\u00edcias&quot;","block_context":{"text":"Not\u00edcias","link":"https:\/\/mundobibliotecario.com.br\/index.php\/category\/noticias\/"},"img":{"alt_text":"","src":"","width":0,"height":0},"classes":[]}],"jetpack_likes_enabled":true,"jetpack_shortlink":"https:\/\/wp.me\/pcbzwa-12a","_links":{"self":[{"href":"https:\/\/mundobibliotecario.com.br\/index.php\/wp-json\/wp\/v2\/posts\/3978","targetHints":{"allow":["GET"]}}],"collection":[{"href":"https:\/\/mundobibliotecario.com.br\/index.php\/wp-json\/wp\/v2\/posts"}],"about":[{"href":"https:\/\/mundobibliotecario.com.br\/index.php\/wp-json\/wp\/v2\/types\/post"}],"author":[{"embeddable":true,"href":"https:\/\/mundobibliotecario.com.br\/index.php\/wp-json\/wp\/v2\/users\/1"}],"replies":[{"embeddable":true,"href":"https:\/\/mundobibliotecario.com.br\/index.php\/wp-json\/wp\/v2\/comments?post=3978"}],"version-history":[{"count":0,"href":"https:\/\/mundobibliotecario.com.br\/index.php\/wp-json\/wp\/v2\/posts\/3978\/revisions"}],"wp:attachment":[{"href":"https:\/\/mundobibliotecario.com.br\/index.php\/wp-json\/wp\/v2\/media?parent=3978"}],"wp:term":[{"taxonomy":"category","embeddable":true,"href":"https:\/\/mundobibliotecario.com.br\/index.php\/wp-json\/wp\/v2\/categories?post=3978"},{"taxonomy":"post_tag","embeddable":true,"href":"https:\/\/mundobibliotecario.com.br\/index.php\/wp-json\/wp\/v2\/tags?post=3978"}],"curies":[{"name":"wp","href":"https:\/\/api.w.org\/{rel}","templated":true}]}}