{"id":3989,"date":"2015-10-09T19:00:53","date_gmt":"2015-10-09T22:00:53","guid":{"rendered":"https:\/\/mundobibliotecario.wordpress.com\/?p=3989"},"modified":"2020-07-21T23:25:20","modified_gmt":"2020-07-22T02:25:20","slug":"propesp-apoia-criacao-de-ppg-em-ciencia-da-informacao","status":"publish","type":"post","link":"https:\/\/mundobibliotecario.com.br\/index.php\/2015\/10\/09\/propesp-apoia-criacao-de-ppg-em-ciencia-da-informacao\/","title":{"rendered":"Propesp apoia cria\u00e7\u00e3o de PPG em Ci\u00eancia da Informa\u00e7\u00e3o"},"content":{"rendered":"<div id=\"noticias\">\n<p>Em reuni\u00e3o realizada nesta quarta-feira, dia 9, o pr\u00f3-reitor de Pesquisa e P\u00f3s-Gradua\u00e7\u00e3o da Universidade Federal do Par\u00e1 (Propesp\/UFPA), Emmanuel Tourinho, recebeu o grupo de trabalho respons\u00e1vel pela elabora\u00e7\u00e3o da proposta do Programa de P\u00f3s-Gradua\u00e7\u00e3o em Ci\u00eancia da Informa\u00e7\u00e3o. A iniciativa de criar um curso de mestrado acad\u00eamico \u00e9 das Faculdades de Biblioteconomia e Arquivologia, do Instituto de Ci\u00eancias Sociais Aplicadas (ICSA) da UFPA.<\/p>\n<p>Al\u00e9m do Grupo de Trabalho, formado pelos professores Hamilton Oliveira, Marise Conduru, Lucivaldo Barros, Maria Izabel Arruda, Roberto dos Santos Junior e Thiago Barros, participaram da reuni\u00e3o o diretor-geral e o diretor-adjunto do ICSA, professores Carlos Maciel e Manoel Farias, respectivamente. Eles apresentaram a proposta e, ap\u00f3s a discuss\u00e3o, receberam orienta\u00e7\u00f5es para a elabora\u00e7\u00e3o do projeto, como o levantamento de dados do corpo docente e das possibilidades de conv\u00eanio com outras institui\u00e7\u00f5es da regi\u00e3o para a forma\u00e7\u00e3o dos grupos de pesquisa do programa.<\/p>\n<p><img decoding=\"async\" class=\"bordapreta\" src=\"http:\/\/www.ascom.ufpa.br\/links\/imagens\/09-09-15%20-%20Reuniao%20Propest%20-%20Adolfo%20Lemos-6.jpg\" alt=\"\" align=\"left\" \/>Durante o encontro, o pr\u00f3-reitor Emmanuel Tourinho manifestou o apoio institucional \u00e0 elabora\u00e7\u00e3o da proposta de curso. \u201cA Institui\u00e7\u00e3o tem interesse de que essa iniciativa prospere e n\u00f3s temos meios para que isso aconte\u00e7a. Precisamos apenas cumprir uma s\u00e9rie de etapas e estamos, hoje, dando a largada com essa reuni\u00e3o\u201d, pontuou.<\/p>\n<p>O professor Hamilton Oliveira disse que a inten\u00e7\u00e3o de oferecer o curso \u00e9 antiga, mas as condi\u00e7\u00f5es para isso surgiram somente agora, com a contrata\u00e7\u00e3o de novos professores com titula\u00e7\u00e3o. \u201cO que percebemos na reuni\u00e3o de hoje \u00e9 que vamos contar com um apoio institucional forte para desenvolver este projeto e com as orienta\u00e7\u00f5es que n\u00f3s avaliamos que s\u00e3o necess\u00e1rias. Tamb\u00e9m iremos buscar parcerias que fortale\u00e7am o projeto\u201d, afirmou.<\/p>\n<p>A professora Marise Conduru tamb\u00e9m saiu otimista da reuni\u00e3o. \u201cFoi excelente, pois o professor Emmanuel nos deu todo apoio e os caminhos para a constru\u00e7\u00e3o dessa proposta de mestrado. Agora teremos como miss\u00e3o fazer toda a avalia\u00e7\u00e3o e sustenta\u00e7\u00e3o dessa nossa proposta\u201d, disse.<\/p>\n<p><strong><img decoding=\"async\" class=\"bordapreta\" src=\"http:\/\/www.ascom.ufpa.br\/links\/imagens\/09-09-15%20-%20Reuniao%20Propest%20-%20Adolfo%20Lemos-4.jpg\" alt=\"\" align=\"left\" \/>Interdisciplinaridade <\/strong>\u2013 De acordo com o professor Hamilton Oliveira, a proposta do mestrado em Ci\u00eancias da Informa\u00e7\u00e3o tem como p\u00fablico-alvo priorit\u00e1rio os egressos dos cursos de Arquivologia e Biblioteconomia, mas, por ser de car\u00e1ter interdisciplinar, atender\u00e1 aos profissionais de \u00e1reas afins, como Comunica\u00e7\u00e3o, Computa\u00e7\u00e3o, Administra\u00e7\u00e3o, Tecnologia, entre outras. \u201cO Mestrado em Ci\u00eancias da Informa\u00e7\u00e3o contemplar\u00e1 estudos sobre os ciclos informacionais que d\u00e3o suporte a setores da sociedade de muita relev\u00e2ncia, como a \u00e1rea ambiental, educacional e a ci\u00eancia, de um modo geral. E no Brasil, todos os cursos de Ci\u00eancia da Informa\u00e7\u00e3o t\u00eam a caracter\u00edstica da interdisciplinaridade e, portanto, permite acolher profissionais de \u00e1reas pr\u00f3ximas\u201d, destacou.<\/p>\n<p>Texto: Ericka Pinto \u2013 Assessoria de Comunica\u00e7\u00e3o da UFPA<br \/>\nFotos: Adolfo Lemos<\/p>\n<p>Dispon\u00edvel em: &lt;http:\/\/www.portal.ufpa.br\/imprensa\/noticia.php?cod=10749&gt;. Acesso em: 10 set. 2015.<\/p>\n<\/div>\n","protected":false},"excerpt":{"rendered":"<p>Em reuni\u00e3o realizada nesta quarta-feira, dia 9, o pr\u00f3-reitor de Pesquisa e P\u00f3s-Gradua\u00e7\u00e3o da Universidade Federal do Par\u00e1 (Propesp\/UFPA), Emmanuel Tourinho, recebeu o grupo de trabalho respons\u00e1vel pela elabora\u00e7\u00e3o da proposta do Programa de P\u00f3s-Gradua\u00e7\u00e3o em Ci\u00eancia da Informa\u00e7\u00e3o. A iniciativa de criar um curso de mestrado acad\u00eamico \u00e9 das Faculdades de Biblioteconomia e Arquivologia, &#8230; <a title=\"Propesp apoia cria\u00e7\u00e3o de PPG em Ci\u00eancia da Informa\u00e7\u00e3o\" class=\"read-more\" href=\"https:\/\/mundobibliotecario.com.br\/index.php\/2015\/10\/09\/propesp-apoia-criacao-de-ppg-em-ciencia-da-informacao\/\" aria-label=\"Read more about Propesp apoia cria\u00e7\u00e3o de PPG em Ci\u00eancia da Informa\u00e7\u00e3o\">Ler mais<\/a><\/p>\n","protected":false},"author":1,"featured_media":0,"comment_status":"open","ping_status":"open","sticky":false,"template":"","format":"standard","meta":{"_mi_skip_tracking":false,"_exactmetrics_sitenote_active":false,"_exactmetrics_sitenote_note":"","_exactmetrics_sitenote_category":0,"_jetpack_newsletter_access":"","footnotes":""},"categories":[60],"tags":[40,42],"class_list":["post-3989","post","type-post","status-publish","format-standard","hentry","category-noticias","tag-ciencia-da-informacao","tag-pos-graduacao"],"jetpack_featured_media_url":"","jetpack_sharing_enabled":true,"jetpack-related-posts":[{"id":788,"url":"https:\/\/mundobibliotecario.com.br\/index.php\/2009\/08\/05\/fespsp-propoe-dupla-especializacao-em-ciencia-da-informacao\/","url_meta":{"origin":3989,"position":0},"title":"FESPSP prop\u00f5e dupla especializa\u00e7\u00e3o em Ci\u00eancia da Informa\u00e7\u00e3o","author":"mundobibliotecario","date":"05\/08\/2009","format":false,"excerpt":"A Funda\u00e7\u00e3o Escola de Sociologia e Pol\u00edtica de S\u00e3o Paulo est\u00e1 com matr\u00edculas abertas para mais de 10 cursos em Gest\u00e3o da Informa\u00e7\u00e3o A Funda\u00e7\u00e3o Escola de Sociologia e Pol\u00edtica de S\u00e3o Paulo (FESPSP) estruturou a integra\u00e7\u00e3o entre dois cursos de P\u00f3s-Gradua\u00e7\u00e3o Lato Sensu, \u201cGest\u00e3o de Documentos de Arquivo\u201d e\u2026","rel":"","context":"Em &quot;Curso de P\u00f3s-Gradua\u00e7\u00e3o&quot;","block_context":{"text":"Curso de P\u00f3s-Gradua\u00e7\u00e3o","link":"https:\/\/mundobibliotecario.com.br\/index.php\/category\/curso-de-pos-graduacao\/"},"img":{"alt_text":"","src":"","width":0,"height":0},"classes":[]},{"id":835,"url":"https:\/\/mundobibliotecario.com.br\/index.php\/2009\/08\/26\/programa-de-pos-graduacao-em-ciencia-da-informacao\/","url_meta":{"origin":3989,"position":1},"title":"Programa de P\u00f3s-gradua\u00e7\u00e3o em Ci\u00eancia da Informa\u00e7\u00e3o","author":"mundobibliotecario","date":"26\/08\/2009","format":false,"excerpt":"A partir de 28\/10\/2009 e at\u00e9 13\/11\/2009 estar\u00e3o abertas as inscri\u00e7\u00f5es para os cursos de mestrado e doutorado do Programa de P\u00f3s-gradua\u00e7\u00e3o em Ci\u00eancia da Informa\u00e7\u00e3o, mantido atrav\u00e9s do Conv\u00eanio IBICT - Faculdade de Administra\u00e7\u00e3o e Ci\u00eancias Cont\u00e1beis, da UFRJ. Os Editais poder\u00e3o ser vistos no ponto de acesso do\u2026","rel":"","context":"Em &quot;Curso de P\u00f3s-Gradua\u00e7\u00e3o&quot;","block_context":{"text":"Curso de P\u00f3s-Gradua\u00e7\u00e3o","link":"https:\/\/mundobibliotecario.com.br\/index.php\/category\/curso-de-pos-graduacao\/"},"img":{"alt_text":"","src":"","width":0,"height":0},"classes":[]},{"id":283,"url":"https:\/\/mundobibliotecario.com.br\/index.php\/2009\/01\/15\/pos-graducao-em-ciencia-da-informacao-unesp-de-marilia\/","url_meta":{"origin":3989,"position":2},"title":"P\u00f3s-Gradu\u00e7\u00e3o em Ci\u00eancia da Informa\u00e7\u00e3o &#8211; UNESP de Mar\u00edlia","author":"mundobibliotecario","date":"15\/01\/2009","format":false,"excerpt":"A Universidade Estadual Paulista \u2013 UNESP \u2013 Campus de Mar\u00edlia comunica que durante o per\u00edodo de 19.01.2009 a 16.02.2009 estar\u00e3o abertas as inscri\u00e7\u00f5es para o processo seletivo do Programa de P\u00f3s-Gradua\u00e7\u00e3o em Ci\u00eancia da Informa\u00e7\u00e3o. No\u00a0site\u00a0do Programa pode-se conferir uma descri\u00e7\u00e3o completa do mesmo.","rel":"","context":"Em &quot;Curso de P\u00f3s-Gradua\u00e7\u00e3o&quot;","block_context":{"text":"Curso de P\u00f3s-Gradua\u00e7\u00e3o","link":"https:\/\/mundobibliotecario.com.br\/index.php\/category\/curso-de-pos-graduacao\/"},"img":{"alt_text":"","src":"","width":0,"height":0},"classes":[]},{"id":3704,"url":"https:\/\/mundobibliotecario.com.br\/index.php\/2015\/04\/08\/resumo-da-palestra-a-pos-graduacao-em-ciencia-da-informacao-no-brasil\/","url_meta":{"origin":3989,"position":3},"title":"Resumo da palestra &quot;A P\u00f3s-Gradua\u00e7\u00e3o em Ci\u00eancia da Informa\u00e7\u00e3o no Brasil&quot;","author":"mundobibliotecario","date":"08\/04\/2015","format":false,"excerpt":"No dia 6\/4, o Departamento de Ci\u00eancia da Informa\u00e7\u00e3o da UFSCar promoveu a palestra\u00a0\"A P\u00f3s-Gradua\u00e7\u00e3o em Ci\u00eancia da Informa\u00e7\u00e3o no Brasil\", proferida pela Prof\u00aa Dr\u00aa Marisa Br\u00e4scher Basilio Medeiros, do\u00a0Departamento de Ci\u00eancia da Informa\u00e7\u00e3o da UFSC e\u00a0representante da \u00e1rea de Ci\u00eancia da Informa\u00e7\u00e3o na CAPES. A apresenta\u00e7\u00e3o teve in\u00edcio com\u2026","rel":"","context":"Em &quot;Eventos&quot;","block_context":{"text":"Eventos","link":"https:\/\/mundobibliotecario.com.br\/index.php\/category\/eventos\/"},"img":{"alt_text":"","src":"","width":0,"height":0},"classes":[]},{"id":4926,"url":"https:\/\/mundobibliotecario.com.br\/index.php\/2015\/04\/08\/resumo-da-palestra-a-pos-graduacao-em-ciencia-da-informacao-no-brasil-2\/","url_meta":{"origin":3989,"position":4},"title":"Resumo da palestra &#8220;A P\u00f3s-Gradua\u00e7\u00e3o em Ci\u00eancia da Informa\u00e7\u00e3o no Brasil&#8221;","author":"mundobibliotecario","date":"08\/04\/2015","format":false,"excerpt":"No dia 6\/4, o Departamento de Ci\u00eancia da Informa\u00e7\u00e3o da UFSCar promoveu a palestra\u00a0\"A P\u00f3s-Gradua\u00e7\u00e3o em Ci\u00eancia da Informa\u00e7\u00e3o no Brasil\", proferida pela Prof\u00aa Dr\u00aa Marisa Br\u00e4scher Basilio Medeiros, do\u00a0Departamento de Ci\u00eancia da Informa\u00e7\u00e3o da UFSC e\u00a0representante da \u00e1rea de Ci\u00eancia da Informa\u00e7\u00e3o na CAPES. A apresenta\u00e7\u00e3o teve in\u00edcio com\u2026","rel":"","context":"Em &quot;Eventos&quot;","block_context":{"text":"Eventos","link":"https:\/\/mundobibliotecario.com.br\/index.php\/category\/eventos\/"},"img":{"alt_text":"","src":"","width":0,"height":0},"classes":[]},{"id":3782,"url":"https:\/\/mundobibliotecario.com.br\/index.php\/2015\/07\/07\/capes-aprova-e-ufrn-ganha-mestrado-em-ciencias-da-informacao\/","url_meta":{"origin":3989,"position":5},"title":"Capes aprova e UFRN ganha Mestrado em Ci\u00eancias da Informa\u00e7\u00e3o","author":"mundobibliotecario","date":"07\/07\/2015","format":false,"excerpt":"29 de junho de 2015 A Universidade Federal do Rio Grande do Norte (UFRN) vai abrir vagas\u00a0para\u00a0o Mestrado Profissional em Ci\u00eancias da Informa\u00e7\u00e3o. O curso foi aprovado pela Capes na semana passada e o processo seletivo ser\u00e1 realizado ainda este ano, com a primeira turma ingressante no segundo semestre letivo.\u2026","rel":"","context":"Em &quot;Not\u00edcias&quot;","block_context":{"text":"Not\u00edcias","link":"https:\/\/mundobibliotecario.com.br\/index.php\/category\/noticias\/"},"img":{"alt_text":"","src":"","width":0,"height":0},"classes":[]}],"jetpack_likes_enabled":true,"jetpack_shortlink":"https:\/\/wp.me\/pcbzwa-12l","_links":{"self":[{"href":"https:\/\/mundobibliotecario.com.br\/index.php\/wp-json\/wp\/v2\/posts\/3989","targetHints":{"allow":["GET"]}}],"collection":[{"href":"https:\/\/mundobibliotecario.com.br\/index.php\/wp-json\/wp\/v2\/posts"}],"about":[{"href":"https:\/\/mundobibliotecario.com.br\/index.php\/wp-json\/wp\/v2\/types\/post"}],"author":[{"embeddable":true,"href":"https:\/\/mundobibliotecario.com.br\/index.php\/wp-json\/wp\/v2\/users\/1"}],"replies":[{"embeddable":true,"href":"https:\/\/mundobibliotecario.com.br\/index.php\/wp-json\/wp\/v2\/comments?post=3989"}],"version-history":[{"count":2,"href":"https:\/\/mundobibliotecario.com.br\/index.php\/wp-json\/wp\/v2\/posts\/3989\/revisions"}],"predecessor-version":[{"id":6668,"href":"https:\/\/mundobibliotecario.com.br\/index.php\/wp-json\/wp\/v2\/posts\/3989\/revisions\/6668"}],"wp:attachment":[{"href":"https:\/\/mundobibliotecario.com.br\/index.php\/wp-json\/wp\/v2\/media?parent=3989"}],"wp:term":[{"taxonomy":"category","embeddable":true,"href":"https:\/\/mundobibliotecario.com.br\/index.php\/wp-json\/wp\/v2\/categories?post=3989"},{"taxonomy":"post_tag","embeddable":true,"href":"https:\/\/mundobibliotecario.com.br\/index.php\/wp-json\/wp\/v2\/tags?post=3989"}],"curies":[{"name":"wp","href":"https:\/\/api.w.org\/{rel}","templated":true}]}}