{"id":4018,"date":"2015-10-25T22:00:18","date_gmt":"2015-10-26T01:00:18","guid":{"rendered":"https:\/\/mundobibliotecario.wordpress.com\/?p=4018"},"modified":"2015-10-25T22:00:18","modified_gmt":"2015-10-26T01:00:18","slug":"para-que-todos-tomem-ciencia","status":"publish","type":"post","link":"https:\/\/mundobibliotecario.com.br\/index.php\/2015\/10\/25\/para-que-todos-tomem-ciencia\/","title":{"rendered":"Para que todos tomem ci\u00eancia"},"content":{"rendered":"<p>Grande parte de textos de revistas cient\u00edficas se origina de pesquisas financiadas com recursos p\u00fablicos<\/p>\n<p>POR PAULO GUANAES \/ HOOMAN MOMEN 16\/09\/2015 0:00<br \/>\nPUBLICIDADE<\/p>\n<p>Ao estabelecer em mar\u00e7o de 2014 a sua Pol\u00edtica de Acesso Aberto ao Conhecimento, a Funda\u00e7\u00e3o Oswaldo Cruz (Fiocruz) buscou garantir \u00e0 sociedade a consulta livre a sua produ\u00e7\u00e3o cient\u00edfica, alinhando-se ao movimento global de acesso aberto (open access). Com in\u00edcio no fim da d\u00e9cada de 1980, esse movimento foi uma rea\u00e7\u00e3o \u00e0 chamada \u201ccrise dos peri\u00f3dicos\u201d. Os constantes aumentos nos pre\u00e7os de assinaturas de revistas cient\u00edficas praticados por editoras comerciais inviabilizavam a aquisi\u00e7\u00e3o de cole\u00e7\u00f5es por bibliotecas de universidades e institui\u00e7\u00f5es de ensino e pesquisa.<\/p>\n<p>Como se veem compelidas a comprar dessas editoras, pois elas det\u00eam o controle do \u00fanico ve\u00edculo aceito pela comunidade cient\u00edfica mundial para publica\u00e7\u00e3o de textos, configura-se um neg\u00f3cio peculiar em que um ente privado se apropria de um bem (o artigo cient\u00edfico), agrega algum valor a ele e cobra pre\u00e7os exorbitantes para sua utiliza\u00e7\u00e3o. Grande parte desses textos se origina de pesquisas financiadas com recursos p\u00fablicos. O acesso aberto rompe essa l\u00f3gica, auxiliado pelas tecnologias da informa\u00e7\u00e3o e comunica\u00e7\u00e3o e pela internet, que propiciam modelos de publica\u00e7\u00e3o a baixo custo e ampla circula\u00e7\u00e3o.<\/p>\n<p>As pol\u00edticas de acesso aberto v\u00eam gerando tens\u00e3o no setor de publica\u00e7\u00f5es cient\u00edficas. Trata-se de um mercado concentrado, no qual apenas tr\u00eas grupos editoriais \u2014 Reed Elsevier, Springer e Wiley \u2014 det\u00eam mais de 40% das revistas cient\u00edficas publicadas. At\u00e9 h\u00e1 bem pouco tempo, eles tinham pouco interesse na publica\u00e7\u00e3o cient\u00edfica do Brasil. Esta atitude mudou, e a maioria j\u00e1 abriu um escrit\u00f3rio em nosso pa\u00eds ou comprou uma editora nacional. Um dos obst\u00e1culos a essa expans\u00e3o de editoras comerciais internacionais no mercado editorial brasileiro \u00e9 o SciELO, inovador portal de revistas cient\u00edficas brasileiras, pioneiro no uso do acesso aberto no Brasil e um dos respons\u00e1veis pelo aumento da visibilidade da nossa produ\u00e7\u00e3o cient\u00edfica em n\u00edvel nacional e internacional. Recentemente, um bibliotec\u00e1rio acad\u00eamico americano, simp\u00e1tico aos editores comerciais e cr\u00edtico feroz do movimento de acesso aberto, publicou um artigo comparando o SciELO a uma \u201cfavela de publica\u00e7\u00f5es\u201d, e as editoras comerciais a \u201cbairros agrad\u00e1veis\u201d. Seu desrespeito com a publica\u00e7\u00e3o cient\u00edfica na Am\u00e9rica Latina foi repudiado pelo SciELO e pela comunidade cient\u00edfica com respostas que soaram como uma renova\u00e7\u00e3o do apoio generalizado ao acesso aberto nessa regi\u00e3o.<\/p>\n<p>No que se refere \u00e0 Fiocruz, para execu\u00e7\u00e3o da sua pol\u00edtica de acesso aberto, ela aperfei\u00e7oou em 2014 o reposit\u00f3rio digital Arca, criado para disseminar e preservar a sua produ\u00e7\u00e3o intelectual. Ele conta hoje com 4.698 artigos cient\u00edficos, 2.224 disserta\u00e7\u00f5es de mestrado e 867 teses de doutorado. Em 2015, a Fiocruz lan\u00e7ou o seu Portal de Peri\u00f3dicos, reunindo as sete revistas cient\u00edficas que edita: \u201cCadernos de sa\u00fade p\u00fablica\u201d; \u201cMem\u00f3rias do Instituto Oswaldo Cruz\u201d; \u201cHist\u00f3ria, ci\u00eancias, sa\u00fade \u2014 Manguinhos\u201d; \u201cTrabalho, educa\u00e7\u00e3o e sa\u00fade\u201d; \u201cRevista Eletr\u00f4nica de comunica\u00e7\u00e3o, informa\u00e7\u00e3o &amp; inova\u00e7\u00e3o em sa\u00fade\u201d; \u201cVigil\u00e2ncia sanit\u00e1ria em debate\u201d; e \u201cRevista Fitos\u201d. Em dois espa\u00e7os digitais, o leitor tem acesso gratuito a significativa parcela de literatura cient\u00edfica da \u00e1rea de sa\u00fade p\u00fablica produzida no Brasil e no exterior.<\/p>\n<p>Hoje, o engajamento da comunidade cient\u00edfica e de governos, que editam leis em prol do acesso aberto, ocorre em todo o mundo. No Brasil, iniciativas como as da Fiocruz e do SciELO precisam do apoio das ag\u00eancias p\u00fablicas de fomento \u00e0 pesquisa, criando pol\u00edticas para publica\u00e7\u00e3o em acesso aberto de artigos oriundos de pesquisa financiada com seus recursos.<\/p>\n<p><em>Paulo Guanaes \u00e9 editor-executivo da revista \u201cTrabalho, educa\u00e7\u00e3o e sa\u00fade\u201d e Hooman Momen \u00e9 editor cient\u00edfico da revista \u201cMem\u00f3rias do Instituto Oswaldo Cruz\u201d<\/em><\/p>\n<p>Dispon\u00edvel em: &lt;<a href=\"http:\/\/oglobo.globo.com\/opiniao\/para-que-todos-tomem-ciencia-17501465#ixzz3lvDOg2hM\">http:\/\/oglobo.globo.com\/opiniao\/para-que-todos-tomem-ciencia-17501465#ixzz3lvDOg2hM<\/a>&gt;. Acesso em: 17 set. 2015.<\/p>\n","protected":false},"excerpt":{"rendered":"<p>Grande parte de textos de revistas cient\u00edficas se origina de pesquisas financiadas com recursos p\u00fablicos POR PAULO GUANAES \/ HOOMAN MOMEN 16\/09\/2015 0:00 PUBLICIDADE Ao estabelecer em mar\u00e7o de 2014 a sua Pol\u00edtica de Acesso Aberto ao Conhecimento, a Funda\u00e7\u00e3o Oswaldo Cruz (Fiocruz) buscou garantir \u00e0 sociedade a consulta livre a sua produ\u00e7\u00e3o cient\u00edfica, alinhando-se &#8230; <a title=\"Para que todos tomem ci\u00eancia\" class=\"read-more\" href=\"https:\/\/mundobibliotecario.com.br\/index.php\/2015\/10\/25\/para-que-todos-tomem-ciencia\/\" aria-label=\"Read more about Para que todos tomem ci\u00eancia\">Ler mais<\/a><\/p>\n","protected":false},"author":1,"featured_media":0,"comment_status":"open","ping_status":"open","sticky":false,"template":"","format":"standard","meta":{"_mi_skip_tracking":false,"_exactmetrics_sitenote_active":false,"_exactmetrics_sitenote_note":"","_exactmetrics_sitenote_category":0,"_jetpack_newsletter_access":"","footnotes":""},"categories":[60],"tags":[643],"class_list":["post-4018","post","type-post","status-publish","format-standard","hentry","category-noticias","tag-acesso-aberto"],"jetpack_featured_media_url":"","jetpack_sharing_enabled":true,"jetpack-related-posts":[{"id":4007,"url":"https:\/\/mundobibliotecario.com.br\/index.php\/2015\/10\/21\/o-brasil-e-lider-em-producao-cientifica-e-disseminacao-em-acesso-aberto-na-america-latina\/","url_meta":{"origin":4018,"position":0},"title":"\u2018O Brasil \u00e9 l\u00edder em produ\u00e7\u00e3o cient\u00edfica e dissemina\u00e7\u00e3o em acesso aberto na Am\u00e9rica Latina\u2019","author":"mundobibliotecario","date":"21\/10\/2015","format":false,"excerpt":"Setembro\/2015 Juliana Reis e Roberta Cardoso Cerqueira |\u00a0Portal de Peri\u00f3dicos Fiocruz Dominque Babini \u00e9 coordenadora do Programa de Acesso Aberto do Conselho Latino-Americano de Ci\u00eancias Sociais (Clacso). P\u00f3s-graduada em documenta\u00e7\u00e3o, ci\u00eancias da computa\u00e7\u00e3o e informa\u00e7\u00e3o pela Universidade de Buenos Aires (Argentina), ela participa de diversos projetos na \u00e1rea de acesso\u2026","rel":"","context":"Em &quot;Not\u00edcias&quot;","block_context":{"text":"Not\u00edcias","link":"https:\/\/mundobibliotecario.com.br\/index.php\/category\/noticias\/"},"img":{"alt_text":"","src":"https:\/\/i0.wp.com\/www.revistahcsm.coc.fiocruz.br\/wp-content\/uploads\/2015\/09\/Dominique-Babini.jpg?resize=350%2C200","width":350,"height":200},"classes":[]},{"id":4262,"url":"https:\/\/mundobibliotecario.com.br\/index.php\/2016\/05\/16\/o-oligopolio-das-editoras-de-periodicos-cientificos-e-a-pressao-por-publicacoes-dos-cientistas\/","url_meta":{"origin":4018,"position":1},"title":"O oligop\u00f3lio das editoras de peri\u00f3dicos cient\u00edficos e a press\u00e3o por publica\u00e7\u00f5es dos cientistas","author":"mundobibliotecario","date":"16\/05\/2016","format":false,"excerpt":"\u00a0 A hist\u00f3ria dos peri\u00f3dicos cient\u00edficos \u00e9 marcada pela consolida\u00e7\u00e3o do oligop\u00f3lio de seis grandes editoras comerciais, principalmente ap\u00f3s os anos 90. Essa \u00e9 a conclus\u00e3o de uma pesquisa canadense publicada na revista Plos One em junho de 2015. O estudo \u00e9 baseado na an\u00e1lise de 45 milh\u00f5es de documentos\u2026","rel":"","context":"Em &quot;Not\u00edcias&quot;","block_context":{"text":"Not\u00edcias","link":"https:\/\/mundobibliotecario.com.br\/index.php\/category\/noticias\/"},"img":{"alt_text":"","src":"","width":0,"height":0},"classes":[]},{"id":4283,"url":"https:\/\/mundobibliotecario.com.br\/index.php\/2016\/06\/06\/uniao-europeia-quer-liberar-acesso-a-artigos-cientificos-ate-2020-qual-o-impacto-da-medida\/","url_meta":{"origin":4018,"position":2},"title":"Uni\u00e3o Europeia quer liberar acesso a artigos cient\u00edficos at\u00e9 2020. Qual o impacto da medida","author":"mundobibliotecario","date":"06\/06\/2016","format":false,"excerpt":"Andr\u00e9 Cabette F\u00e1bio 30 Mai 2016 (atualizado 30\/Mai 19h43) Decis\u00e3o tem potencial de democratizar acesso \u00e0 ci\u00eancia e relativizar o poder de grandes editoras privadas FOTO: BILL DICKINSON\/CREATIVE COMMONS DECIS\u00c3O DA UNI\u00c3O EUROPEIA PODE DEMOCRATIZAR ACESSO \u00c0 CI\u00caNCIA Pa\u00edses-membros da Uni\u00e3o Europeia decidiram na \u00faltima sexta-feira (27) que todos os\u2026","rel":"","context":"Em &quot;Not\u00edcias&quot;","block_context":{"text":"Not\u00edcias","link":"https:\/\/mundobibliotecario.com.br\/index.php\/category\/noticias\/"},"img":{"alt_text":"","src":"","width":0,"height":0},"classes":[]},{"id":4364,"url":"https:\/\/mundobibliotecario.com.br\/index.php\/2016\/10\/06\/ibict-lanca-manifesto-de-acesso-aberto-a-dados-da-pesquisa-brasileira-para-ciencia-cidada\/","url_meta":{"origin":4018,"position":3},"title":"Ibict lan\u00e7a Manifesto de Acesso Aberto a Dados da Pesquisa Brasileira para Ci\u00eancia Cidad\u00e3","author":"mundobibliotecario","date":"06\/10\/2016","format":false,"excerpt":"No \u00faltimo dia 28 de setembro foi celebrado o Dia Internacional do Acesso Universal \u00e0 Informa\u00e7\u00e3o, no Museu do Amanh\u00e3, no Rio de Janeiro. A cerim\u00f4nia foi uma parceria da Unesco no Brasil com o Instituto Brasileiro de Informa\u00e7\u00e3o em Ci\u00eancia e Tecnologia (Ibict). Na ocasi\u00e3o, foi lan\u00e7ado, pelo instituto,\u2026","rel":"","context":"Em &quot;Not\u00edcias&quot;","block_context":{"text":"Not\u00edcias","link":"https:\/\/mundobibliotecario.com.br\/index.php\/category\/noticias\/"},"img":{"alt_text":"","src":"","width":0,"height":0},"classes":[]},{"id":3637,"url":"https:\/\/mundobibliotecario.com.br\/index.php\/2014\/11\/12\/how-open-is-it-espetro-do-acesso-aberto\/","url_meta":{"origin":4018,"position":4},"title":"How open is it? Espetro do acesso aberto","author":"mundobibliotecario","date":"12\/11\/2014","format":false,"excerpt":"Divulgo abaixo o guia \"How open is it?\", publicado por SPARC, PLOS e OASPA. Segue um trecho do texto do documento: Como usar este guia Em 2002, a Iniciativa de Acesso Aberto de Budapeste definiu os princ\u00edpios b\u00e1sicos do Acesso Aberto pela primeira vez. Desde ent\u00e3o, milhares de revistas cient\u00edficas\u2026","rel":"","context":"Em &quot;Not\u00edcias&quot;","block_context":{"text":"Not\u00edcias","link":"https:\/\/mundobibliotecario.com.br\/index.php\/category\/noticias\/"},"img":{"alt_text":"","src":"","width":0,"height":0},"classes":[]},{"id":1883,"url":"https:\/\/mundobibliotecario.com.br\/index.php\/2011\/03\/16\/scielo-no-topo-de-ranking-mundial\/","url_meta":{"origin":4018,"position":5},"title":"SciELO no topo de ranking mundial","author":"mundobibliotecario","date":"16\/03\/2011","format":false,"excerpt":"Especiais 15\/3\/2011 Por Fabr\u00edcio Marques Pesquisa FAPESP \u2013 A biblioteca eletr\u00f4nica SciELO Brasil foi classificada em 1\u00ba lugar no ranking mundial de portais de acesso aberto Webometrics, divulgado pelo laborat\u00f3rio Cybermetrics, grupo de pesquisa vinculado ao Conselho Superior de Pesquisas Cient\u00edficas da Espanha. Curiosamente, a SciELO Brasil n\u00e3o estava em\u2026","rel":"","context":"Em &quot;Not\u00edcias&quot;","block_context":{"text":"Not\u00edcias","link":"https:\/\/mundobibliotecario.com.br\/index.php\/category\/noticias\/"},"img":{"alt_text":"","src":"","width":0,"height":0},"classes":[]}],"jetpack_likes_enabled":true,"jetpack_shortlink":"https:\/\/wp.me\/pcbzwa-12O","_links":{"self":[{"href":"https:\/\/mundobibliotecario.com.br\/index.php\/wp-json\/wp\/v2\/posts\/4018","targetHints":{"allow":["GET"]}}],"collection":[{"href":"https:\/\/mundobibliotecario.com.br\/index.php\/wp-json\/wp\/v2\/posts"}],"about":[{"href":"https:\/\/mundobibliotecario.com.br\/index.php\/wp-json\/wp\/v2\/types\/post"}],"author":[{"embeddable":true,"href":"https:\/\/mundobibliotecario.com.br\/index.php\/wp-json\/wp\/v2\/users\/1"}],"replies":[{"embeddable":true,"href":"https:\/\/mundobibliotecario.com.br\/index.php\/wp-json\/wp\/v2\/comments?post=4018"}],"version-history":[{"count":0,"href":"https:\/\/mundobibliotecario.com.br\/index.php\/wp-json\/wp\/v2\/posts\/4018\/revisions"}],"wp:attachment":[{"href":"https:\/\/mundobibliotecario.com.br\/index.php\/wp-json\/wp\/v2\/media?parent=4018"}],"wp:term":[{"taxonomy":"category","embeddable":true,"href":"https:\/\/mundobibliotecario.com.br\/index.php\/wp-json\/wp\/v2\/categories?post=4018"},{"taxonomy":"post_tag","embeddable":true,"href":"https:\/\/mundobibliotecario.com.br\/index.php\/wp-json\/wp\/v2\/tags?post=4018"}],"curies":[{"name":"wp","href":"https:\/\/api.w.org\/{rel}","templated":true}]}}