{"id":4021,"date":"2015-10-27T22:00:31","date_gmt":"2015-10-28T01:00:31","guid":{"rendered":"https:\/\/mundobibliotecario.wordpress.com\/?p=4021"},"modified":"2015-10-27T22:00:31","modified_gmt":"2015-10-28T01:00:31","slug":"redes-de-conhecimento-e-competencia-em-informacao-interfaces-da-gestao-mediacao-e-uso-da-informacao","status":"publish","type":"post","link":"https:\/\/mundobibliotecario.com.br\/index.php\/2015\/10\/27\/redes-de-conhecimento-e-competencia-em-informacao-interfaces-da-gestao-mediacao-e-uso-da-informacao\/","title":{"rendered":"REDES DE CONHECIMENTO E COMPET\u00caNCIA EM INFORMA\u00c7\u00c3O &#8211; Interfaces da Gest\u00e3o, Media\u00e7\u00e3o e Uso da Informa\u00e7\u00e3o"},"content":{"rendered":"<p>Compartilhando lan\u00e7amento de livro.<\/p>\n<p>***<\/p>\n<div>\n<p class=\"tit1\">REDES DE CONHECIMENTO E COMPET\u00caNCIA EM INFORMA\u00c7\u00c3O &#8211; Interfaces da Gest\u00e3o, Media\u00e7\u00e3o e Uso da Informa\u00e7\u00e3o<\/p>\n<p><span class=\"titVM\">Regina C\u00e9lia Baptista Belluzzo, Gl\u00f3ria Georges Feres, Marta L\u00edgia Pomim Valentim (Organizadores)<\/span><br \/>\nA edi\u00e7\u00e3o desta obra \u00e9 o resultado do esfor\u00e7o de pesquisadores brasileiros que\u00a0t\u00eam se empenhado em divulgar experi\u00eancias e estudos sobre o\u00a0fen\u00f4meno irrevers\u00edvel da <strong>Compet\u00eancia em Informa\u00e7\u00e3o<\/strong>, ou qualquer que seja o termo que queiramos utilizar.<\/p>\n<p>No centro das propostas que envolvem a tem\u00e1tica est\u00e1 a ideia de que informa\u00e7\u00e3o,\u00a0como valor estrat\u00e9gico, pode modificar realidades e transformar vidas. \u00c9 s\u00f3 uma quest\u00e3o de planejamento e investimentos adequados. Essa colet\u00e2nea mostra uma s\u00e9rie de\u00a0importantes empreendimentos que apostam nessa ideia transformadora,descrevendo a\u00e7\u00f5es paulatinas e\u00a0pacientes que, aos poucos e de forma equilibrada, pontualizam com sua contribui\u00e7\u00e3o.<\/p>\n<p>Relatos importantes s\u00e3o apresentados e contribuir\u00e3o para fomentar o debate,\u00a0divulgando tamb\u00e9m experi\u00eancias que estimular\u00e3o um n\u00famero cada vez maior\u00a0de profissionais a assumirem programas de forma\u00e7\u00e3o. Em todos os campos, \u00e9\u00a0preciso pensar estrategicamente o tema &#8220;Compet\u00eancia em Informa\u00e7\u00e3o&#8221;. Como\u00a0anunciado na &#8220;Declara\u00e7\u00e3o de Macei\u00f3&#8221;, no &#8220;Manifesto de Florian\u00f3polis&#8221; e na &#8220;Carta de Mar\u00edlia&#8221;, importantes documentos que apresentam uma primeira manifesta\u00e7\u00e3o oficial sobre a\u00a0causa no contexto brasileiro, espera-se a mobiliza\u00e7\u00e3o e o enfrentamento de desafios para que estes se transformem\u00a0de assustadores em fascinantes.<\/p>\n<p>Prof. Dra. Elmira Sime\u00e3o<br \/>\n(PPGCinf &#8211; Universidade de Bras\u00edlia)<\/p>\n<p><a href=\"https:\/\/www.youtube.com\/watch?v=hhExgcoliAY&amp;ampfeature=youtu.be\"><strong>Acesse aqui o v\u00eddeo promocional do livro no You Tube.<\/strong><\/a><\/p>\n<p>ISBN<strong>: 9788571933743<\/strong><br \/>\n<strong>1.a <\/strong>Edi\u00e7\u00e3o &#8211; <strong>2015<\/strong><br \/>\nFormato<strong> 16&#215;23 <\/strong>cm, <strong>BROCHURA &#8211; 448<\/strong> p\u00e1ginas<\/p>\n<p><a href=\"http:\/\/www.editorainterciencia.com.br\/images\/sumarios\/9788571933743.pdf\" target=\"_blank\">Sum\u00e1rio<img loading=\"lazy\" decoding=\"async\" src=\"http:\/\/www.editorainterciencia.com.br\/images\/icones\/lupa.png\" alt=\"\" width=\"30\" height=\"30\" align=\"absmiddle\" border=\"0\" hspace=\"10\" \/><\/a><\/p>\n<\/div>\n<div class=\"clear\"><\/div>\n<div class=\"ProdDetalhadoRodape\"><span class=\"titV2\">R$\u00a0108,00<\/span><\/div>\n<div class=\"ProdDetalhadoRodape\"><\/div>\n<div class=\"ProdDetalhadoRodape\">Dispon\u00edvel em: &lt;<a href=\"http:\/\/www.editorainterciencia.com.br\/index.asp?pg=prodDetalhado.asp&amp;idprod=358&amp;token\">http:\/\/www.editorainterciencia.com.br\/index.asp?pg=prodDetalhado.asp&amp;idprod=358&amp;token<\/a>&gt;. Acesso em: 17 set. 2015.<\/div>\n","protected":false},"excerpt":{"rendered":"<p>Compartilhando lan\u00e7amento de livro. *** REDES DE CONHECIMENTO E COMPET\u00caNCIA EM INFORMA\u00c7\u00c3O &#8211; Interfaces da Gest\u00e3o, Media\u00e7\u00e3o e Uso da Informa\u00e7\u00e3o Regina C\u00e9lia Baptista Belluzzo, Gl\u00f3ria Georges Feres, Marta L\u00edgia Pomim Valentim (Organizadores) A edi\u00e7\u00e3o desta obra \u00e9 o resultado do esfor\u00e7o de pesquisadores brasileiros que\u00a0t\u00eam se empenhado em divulgar experi\u00eancias e estudos sobre o\u00a0fen\u00f4meno &#8230; <a title=\"REDES DE CONHECIMENTO E COMPET\u00caNCIA EM INFORMA\u00c7\u00c3O &#8211; Interfaces da Gest\u00e3o, Media\u00e7\u00e3o e Uso da Informa\u00e7\u00e3o\" class=\"read-more\" href=\"https:\/\/mundobibliotecario.com.br\/index.php\/2015\/10\/27\/redes-de-conhecimento-e-competencia-em-informacao-interfaces-da-gestao-mediacao-e-uso-da-informacao\/\" aria-label=\"Read more about REDES DE CONHECIMENTO E COMPET\u00caNCIA EM INFORMA\u00c7\u00c3O &#8211; Interfaces da Gest\u00e3o, Media\u00e7\u00e3o e Uso da Informa\u00e7\u00e3o\">Ler mais<\/a><\/p>\n","protected":false},"author":1,"featured_media":0,"comment_status":"open","ping_status":"open","sticky":false,"template":"","format":"standard","meta":{"_mi_skip_tracking":false,"_exactmetrics_sitenote_active":false,"_exactmetrics_sitenote_note":"","_exactmetrics_sitenote_category":0,"_jetpack_newsletter_access":"","footnotes":""},"categories":[60],"tags":[485],"class_list":["post-4021","post","type-post","status-publish","format-standard","hentry","category-noticias","tag-competencia-em-informacao"],"jetpack_featured_media_url":"","jetpack_sharing_enabled":true,"jetpack-related-posts":[{"id":961,"url":"https:\/\/mundobibliotecario.com.br\/index.php\/2009\/10\/31\/curso-a-distancia-competencia-em-informacao-para-bibliotecarios\/","url_meta":{"origin":4021,"position":0},"title":"CURSO \u00c0 DIST\u00c2NCIA: &quot;COMPET\u00caNCIA EM INFORMA\u00c7\u00c3O PARA BIBLIOTEC\u00c1RIOS&quot;","author":"mundobibliotecario","date":"31\/10\/2009","format":false,"excerpt":"A gest\u00e3o da FEBAB (2008-2011) acha-se pautada em crit\u00e9rios que s\u00e3o estrat\u00e9gicos para enfrentar os desafios decorrentes de um novo cen\u00e1rio social e uma de suas propostas est\u00e1 voltada para as pessoas e suas compet\u00eancias, visando a duas a\u00e7\u00f5es: Estabelecer um sistema de identifica\u00e7\u00e3o de necessidades de educa\u00e7\u00e3o continuada em\u2026","rel":"","context":"Em &quot;Curso&quot;","block_context":{"text":"Curso","link":"https:\/\/mundobibliotecario.com.br\/index.php\/category\/curso\/"},"img":{"alt_text":"","src":"","width":0,"height":0},"classes":[]},{"id":4845,"url":"https:\/\/mundobibliotecario.com.br\/index.php\/2009\/10\/31\/curso-a-distancia-competencia-em-informacao-para-bibliotecarios-2\/","url_meta":{"origin":4021,"position":1},"title":"CURSO \u00c0 DIST\u00c2NCIA: &#034;COMPET\u00caNCIA EM INFORMA\u00c7\u00c3O PARA BIBLIOTEC\u00c1RIOS&#034;","author":"mundobibliotecario","date":"31\/10\/2009","format":false,"excerpt":"A gest\u00e3o da FEBAB (2008-2011) acha-se pautada em crit\u00e9rios que s\u00e3o estrat\u00e9gicos para enfrentar os desafios decorrentes de um novo cen\u00e1rio social e uma de suas propostas est\u00e1 voltada para as pessoas e suas compet\u00eancias, visando a duas a\u00e7\u00f5es: Estabelecer um sistema de identifica\u00e7\u00e3o de necessidades de educa\u00e7\u00e3o continuada em\u2026","rel":"","context":"Em &quot;Curso&quot;","block_context":{"text":"Curso","link":"https:\/\/mundobibliotecario.com.br\/index.php\/category\/curso\/"},"img":{"alt_text":"","src":"","width":0,"height":0},"classes":[]},{"id":964,"url":"https:\/\/mundobibliotecario.com.br\/index.php\/2009\/11\/02\/curso-a-distancia-flashmeeting-interface-hipermidia-aplicavel-aos-programas-de-educacao-de-usuarios-de-bibliotecas-e-aos-servicos-de-informacao\/","url_meta":{"origin":4021,"position":2},"title":"CURSO \u00c0 DIST\u00c2NCIA: &quot;FLASHMEETING: INTERFACE HIPERM\u00cdDIA APLIC\u00c1VEL AOS PROGRAMAS DE EDUCA\u00c7\u00c3O DE USU\u00c1RIOS DE BIBLIOTECAS E AOS SERVI\u00c7OS DE INFORMA\u00c7\u00c3O&quot;","author":"mundobibliotecario","date":"02\/11\/2009","format":false,"excerpt":"A gest\u00e3o da FEBAB (2008-2011) acha-se pautada em crit\u00e9rios que s\u00e3o estrat\u00e9gicos para enfrentar os desafios decorrentes de um novo cen\u00e1rio social e uma de suas propostas est\u00e1 voltada para as pessoas e suas compet\u00eancias, visando a duas a\u00e7\u00f5es: Estabelecer um sistema de identifica\u00e7\u00e3o de necessidades de educa\u00e7\u00e3o continuada em\u2026","rel":"","context":"Em &quot;Curso&quot;","block_context":{"text":"Curso","link":"https:\/\/mundobibliotecario.com.br\/index.php\/category\/curso\/"},"img":{"alt_text":"","src":"","width":0,"height":0},"classes":[]},{"id":4846,"url":"https:\/\/mundobibliotecario.com.br\/index.php\/2009\/11\/02\/curso-a-distancia-flashmeeting-interface-hipermidia-aplicavel-aos-programas-de-educacao-de-usuarios-de-bibliotecas-e-aos-servicos-de-informacao-2\/","url_meta":{"origin":4021,"position":3},"title":"CURSO \u00c0 DIST\u00c2NCIA: &#034;FLASHMEETING: INTERFACE HIPERM\u00cdDIA APLIC\u00c1VEL AOS PROGRAMAS DE EDUCA\u00c7\u00c3O DE USU\u00c1RIOS DE BIBLIOTECAS E AOS SERVI\u00c7OS DE INFORMA\u00c7\u00c3O&#034;","author":"mundobibliotecario","date":"02\/11\/2009","format":false,"excerpt":"A gest\u00e3o da FEBAB (2008-2011) acha-se pautada em crit\u00e9rios que s\u00e3o estrat\u00e9gicos para enfrentar os desafios decorrentes de um novo cen\u00e1rio social e uma de suas propostas est\u00e1 voltada para as pessoas e suas compet\u00eancias, visando a duas a\u00e7\u00f5es: Estabelecer um sistema de identifica\u00e7\u00e3o de necessidades de educa\u00e7\u00e3o continuada em\u2026","rel":"","context":"Em &quot;Curso&quot;","block_context":{"text":"Curso","link":"https:\/\/mundobibliotecario.com.br\/index.php\/category\/curso\/"},"img":{"alt_text":"","src":"","width":0,"height":0},"classes":[]},{"id":2536,"url":"https:\/\/mundobibliotecario.com.br\/index.php\/2012\/04\/01\/a-gestao-do-conhecimento-na-area-juridica\/","url_meta":{"origin":4021,"position":4},"title":"A Gest\u00e3o do Conhecimento na \u00e1rea Jur\u00eddica","author":"mundobibliotecario","date":"01\/04\/2012","format":false,"excerpt":"No \u00faltimo dia 31\/3\/12, ocorreu a palestra \"A Gest\u00e3o do Conhecimento na \u00e1rea Jur\u00eddica\", proferida pela bibliotec\u00e1ria\u00a0C\u00e1tia Martins Jorge Murata. A palestra abriu o 3\u00ba Ciclo de Palestras do CRB-8 em parceria com o GIDJ\/SP. Realizado desde 2009, o ciclo promove palestras sobre biblioteconomia jur\u00eddica. A palestra teve in\u00edcio com\u2026","rel":"","context":"Em &quot;Eventos&quot;","block_context":{"text":"Eventos","link":"https:\/\/mundobibliotecario.com.br\/index.php\/category\/eventos\/"},"img":{"alt_text":"Palestra \"A Gest\u00c3\u00a3o do Conhecimento na \u00c3\u00a1rea Jur\u00c3\u00addica\"","src":"https:\/\/i0.wp.com\/mundobibliotecario.hospedagemdesites.ws\/wp-content\/uploads\/2012\/04\/foto-0109.jpg?resize=350%2C200","width":350,"height":200},"classes":[]},{"id":2802,"url":"https:\/\/mundobibliotecario.com.br\/index.php\/2013\/01\/21\/cursos-livres-em-biblioteconomia-e-ciencia-da-informacao-em-2013\/","url_meta":{"origin":4021,"position":5},"title":"Cursos livres em Biblioteconomia e Ci\u00eancia da Informa\u00e7\u00e3o em 2013","author":"mundobibliotecario","date":"21\/01\/2013","format":false,"excerpt":"Curso\u00a0\u00a0\u00a0\u00a0\u00a0\u00a0\u00a0\u00a0\u00a0\u00a0\u00a0\u00a0\u00a0\u00a0\u00a0\u00a0\u00a0\u00a0\u00a0\u00a0\u00a0\u00a0\u00a0\u00a0\u00a0\u00a0\u00a0\u00a0\u00a0\u00a0\u00a0\u00a0\u00a0\u00a0\u00a0\u00a0\u00a0\u00a0\u00a0\u00a0\u00a0\u00a0\u00a0\u00a0\u00a0 Quem Ensina \u00e9 Gente que Faz Datas A\u00e7\u00e3o Cultural em Unidades de Informa\u00e7\u00e3o Dolores Biruel\u00a0\u00a0\u00a0\u00a0\u00a0\u00a0\u00a0\u00a0\u00a0\u00a0\u00a0\u00a0\u00a0\u00a0\u00a0\u00a0\u00a0\u00a0\u00a0\u00a0\u00a0\u00a0\u00a0\u00a0\u00a0\u00a0\u00a0\u00a0\u00a0\u00a0\u00a0\u00a0\u00a0\u00a0\u00a0\u00a0\u00a0\u00a0\u00a0\u00a0\u00a0\u00a0 25 a 27 de\u00a0 de Fevereiro de 2013 DSpace: Desenvolvimento e Administra\u00e7\u00e3o de Reposit\u00f3rios Digitais\u00a0\u00a0\u00a0 Rodrigo Prado e Vania Santos 20 a 22 de Fevereiro de 2013 Gest\u00e3o por Compet\u00eancias em Unidades de Informa\u00e7\u00e3o\u00a0\u00a0\u00a0\u00a0\u00a0\u00a0\u00a0\u2026","rel":"","context":"Em &quot;Curso&quot;","block_context":{"text":"Curso","link":"https:\/\/mundobibliotecario.com.br\/index.php\/category\/curso\/"},"img":{"alt_text":"","src":"","width":0,"height":0},"classes":[]}],"jetpack_likes_enabled":true,"jetpack_shortlink":"https:\/\/wp.me\/pcbzwa-12R","_links":{"self":[{"href":"https:\/\/mundobibliotecario.com.br\/index.php\/wp-json\/wp\/v2\/posts\/4021","targetHints":{"allow":["GET"]}}],"collection":[{"href":"https:\/\/mundobibliotecario.com.br\/index.php\/wp-json\/wp\/v2\/posts"}],"about":[{"href":"https:\/\/mundobibliotecario.com.br\/index.php\/wp-json\/wp\/v2\/types\/post"}],"author":[{"embeddable":true,"href":"https:\/\/mundobibliotecario.com.br\/index.php\/wp-json\/wp\/v2\/users\/1"}],"replies":[{"embeddable":true,"href":"https:\/\/mundobibliotecario.com.br\/index.php\/wp-json\/wp\/v2\/comments?post=4021"}],"version-history":[{"count":0,"href":"https:\/\/mundobibliotecario.com.br\/index.php\/wp-json\/wp\/v2\/posts\/4021\/revisions"}],"wp:attachment":[{"href":"https:\/\/mundobibliotecario.com.br\/index.php\/wp-json\/wp\/v2\/media?parent=4021"}],"wp:term":[{"taxonomy":"category","embeddable":true,"href":"https:\/\/mundobibliotecario.com.br\/index.php\/wp-json\/wp\/v2\/categories?post=4021"},{"taxonomy":"post_tag","embeddable":true,"href":"https:\/\/mundobibliotecario.com.br\/index.php\/wp-json\/wp\/v2\/tags?post=4021"}],"curies":[{"name":"wp","href":"https:\/\/api.w.org\/{rel}","templated":true}]}}