{"id":4035,"date":"2015-11-05T20:00:27","date_gmt":"2015-11-05T23:00:27","guid":{"rendered":"https:\/\/mundobibliotecario.wordpress.com\/?p=4035"},"modified":"2015-11-05T20:00:27","modified_gmt":"2015-11-05T23:00:27","slug":"fazendo-nossa-licao-de-casa-de-direito-autoral","status":"publish","type":"post","link":"https:\/\/mundobibliotecario.com.br\/index.php\/2015\/11\/05\/fazendo-nossa-licao-de-casa-de-direito-autoral\/","title":{"rendered":"Fazendo nossa li\u00e7\u00e3o de casa de direito autoral"},"content":{"rendered":"<p>Quando comecei na biblioteca escolar muitos anos atr\u00e1s, n\u00e3o sabia que eu estaria pensando sobre direitos autorais em uma base regular. Postamos um aviso de direitos autorais sobre cada fotocopiadora para evitar que os usu\u00e1rios da biblioteca violem a lei, mas quest\u00f5es sobre se algo foi legal ou n\u00e3o surgiram com pouca frequ\u00eancia na primeira d\u00e9cada da minha vida profissional. A internet mudou tudo isso porque mudou nossa forma de compartilhar bolsas de estudos. Agora, a lei de direitos autorais se cruza como com a nossa pr\u00e1tica bibliotec\u00e1rios, professores e estudiosos, e mantendo-se com as interpreta\u00e7\u00f5es jur\u00eddicas faz parte do nosso trabalho.<\/p>\n<p>Esta interessante reflex\u00e3o sobre o uso justo (<em>fair use<\/em>) e cobran\u00e7a de artigos de acesso aberto por editoras est\u00e1 dispon\u00edvel em ingl\u00eas: <a href=\"https:\/\/www.insidehighered.com\/blogs\/library-babel-fish\/doing-our-copyright-homework#.Vf_6GF3OXG4.linkedin\">Doing Our Copyright Homework<\/a>.<\/p>\n","protected":false},"excerpt":{"rendered":"<p>Quando comecei na biblioteca escolar muitos anos atr\u00e1s, n\u00e3o sabia que eu estaria pensando sobre direitos autorais em uma base regular. Postamos um aviso de direitos autorais sobre cada fotocopiadora para evitar que os usu\u00e1rios da biblioteca violem a lei, mas quest\u00f5es sobre se algo foi legal ou n\u00e3o surgiram com pouca frequ\u00eancia na primeira &#8230; <a title=\"Fazendo nossa li\u00e7\u00e3o de casa de direito autoral\" class=\"read-more\" href=\"https:\/\/mundobibliotecario.com.br\/index.php\/2015\/11\/05\/fazendo-nossa-licao-de-casa-de-direito-autoral\/\" aria-label=\"Read more about Fazendo nossa li\u00e7\u00e3o de casa de direito autoral\">Ler mais<\/a><\/p>\n","protected":false},"author":1,"featured_media":0,"comment_status":"open","ping_status":"open","sticky":false,"template":"","format":"standard","meta":{"_mi_skip_tracking":false,"_exactmetrics_sitenote_active":false,"_exactmetrics_sitenote_note":"","_exactmetrics_sitenote_category":0,"_jetpack_newsletter_access":"","footnotes":""},"categories":[60],"tags":[858],"class_list":["post-4035","post","type-post","status-publish","format-standard","hentry","category-noticias","tag-direitos-autorais"],"jetpack_featured_media_url":"","jetpack_sharing_enabled":true,"jetpack-related-posts":[{"id":8822,"url":"https:\/\/mundobibliotecario.com.br\/index.php\/2021\/05\/06\/live-direitos-autorais-consideracoes-sobre-o-uso-legal-e-etico-da-informacao\/","url_meta":{"origin":4035,"position":0},"title":"Live &#8220;Direitos autorais: considera\u00e7\u00f5es sobre o uso legal e \u00e9tico da informa\u00e7\u00e3o&#8221;","author":"mundobibliotecario","date":"06\/05\/2021","format":false,"excerpt":"Dando seguimento \u00e0 realiza\u00e7\u00e3o da s\u00e9rie de\u00a0lives\u00a0que abordam necessidades atuais das bibliotecas universit\u00e1rias, o Sistema Integrado de Bibliotecas (SIBi) da UFSCar est\u00e1 organizando a\u00a0live\u00a0Direitos autorais:\u00a0considera\u00e7\u00f5es sobre o uso legal e \u00e9tico da informa\u00e7\u00e3o, no dia 13 de maio (5\u00aa. Feira).\u00a0No cen\u00e1rio atual, esse tema interessa n\u00e3o s\u00f3 aos bibliotec\u00e1rios como\u2026","rel":"","context":"Em &quot;Eventos&quot;","block_context":{"text":"Eventos","link":"https:\/\/mundobibliotecario.com.br\/index.php\/category\/eventos\/"},"img":{"alt_text":"Live Direitos Autorais","src":"https:\/\/i0.wp.com\/mundobibliotecario.com.br\/wp-content\/uploads\/2021\/05\/WhatsApp-Image-2021-05-05-at-16.08.39-1024x1024.jpeg?resize=350%2C200&ssl=1","width":350,"height":200},"classes":[]},{"id":1172,"url":"https:\/\/mundobibliotecario.com.br\/index.php\/2010\/03\/17\/seminario-sobre-educacao-e-direitos-autorais\/","url_meta":{"origin":4035,"position":1},"title":"Semin\u00e1rio sobre educa\u00e7\u00e3o e direitos autorais","author":"mundobibliotecario","date":"17\/03\/2010","format":false,"excerpt":"Semin\u00e1rio debate direito \u00e0 educa\u00e7\u00e3o e os limites da atual lei de direitos autorais Evento acontece no pr\u00f3ximo s\u00e1bado (13\/03), das 10h \u00e0s 17h, em S\u00e3o Paulo. Inscri\u00e7\u00f5es s\u00e3o gratuitas. As tecnologias digitais ampliaram consideravelmente as possibilidades de acesso \u00e0 informa\u00e7\u00e3o e ao conhecimento e t\u00eam entusiasmado educadores, pesquisadores e\u2026","rel":"","context":"Em &quot;Not\u00edcias&quot;","block_context":{"text":"Not\u00edcias","link":"https:\/\/mundobibliotecario.com.br\/index.php\/category\/noticias\/"},"img":{"alt_text":"","src":"","width":0,"height":0},"classes":[]},{"id":1372,"url":"https:\/\/mundobibliotecario.com.br\/index.php\/2010\/07\/18\/direitos-autorais-um-debate-com-toda-a-sociedade\/","url_meta":{"origin":4035,"position":2},"title":"Direitos Autorais: um debate com toda a sociedade","author":"mundobibliotecario","date":"18\/07\/2010","format":false,"excerpt":"Fonte: Semin\u00e1rio em S\u00e3o Paulo 'Direitos Autorais: um debate com toda a sociedade', na segunda-feira, 19 de julho Nesta segunda-feira, 19 de julho, a partir das 9h, em Tucarena (Rua Monte Alegre, 1024, Perdizes), em S\u00e3o Paulo, acontece o semin\u00e1rio Direitos Autorais: um debate com toda a sociedade. Organizado pelo\u2026","rel":"","context":"Em &quot;Eventos&quot;","block_context":{"text":"Eventos","link":"https:\/\/mundobibliotecario.com.br\/index.php\/category\/eventos\/"},"img":{"alt_text":"","src":"","width":0,"height":0},"classes":[]},{"id":3464,"url":"https:\/\/mundobibliotecario.com.br\/index.php\/2014\/05\/07\/ue-rejeita-solucao-internacional-para-problemas-de-direitos-autorais-de-biblioteca-e-arquivo-causa-colapso-na-reuniao-da-ompi\/","url_meta":{"origin":4035,"position":3},"title":"UE rejeita solu\u00e7\u00e3o internacional para problemas de direitos autorais de biblioteca e arquivo; causa colapso na reuni\u00e3o da OMPI","author":"mundobibliotecario","date":"07\/05\/2014","format":false,"excerpt":"Tendo em vista as discuss\u00f5es internacionais e a tramita\u00e7\u00e3o do projeto da nova lei autoral brasileira, vale a pena acompanhar as discuss\u00f5es sobre o tema para que possamos lutar em benef\u00edcio das bibliotecas e arquivos. O texto abaixo foi enviado na lista da CBBU pela\u00a0Sigrid K.Weiss Dutra e \u00e9 uma\u2026","rel":"","context":"Em &quot;Not\u00edcias&quot;","block_context":{"text":"Not\u00edcias","link":"https:\/\/mundobibliotecario.com.br\/index.php\/category\/noticias\/"},"img":{"alt_text":"","src":"","width":0,"height":0},"classes":[]},{"id":2092,"url":"https:\/\/mundobibliotecario.com.br\/index.php\/2011\/06\/23\/ana-de-hollanda-diz-que-os-interesses-do-autor-sao-prioridade\/","url_meta":{"origin":4035,"position":4},"title":"Ana de Hollanda diz que os interesses do autor s\u00e3o prioridade","author":"mundobibliotecario","date":"23\/06\/2011","format":false,"excerpt":"31\/05\/2011 - 15h18 N\u00c1DIA GUERLENDA CABRAL DE BRAS\u00cdLIA Atualizado \u00e0s 17h08. Na manh\u00e3 desta ter\u00e7a-feira (31), a ministra da Cultura, Ana de Hollanda, afirmou que o foco da reforma dos direitos autorais s\u00e3o os interesses do autor. \"O autor \u00e9 senhor de sua obra e deseja que ela circule. Este\u2026","rel":"","context":"Em &quot;Not\u00edcias&quot;","block_context":{"text":"Not\u00edcias","link":"https:\/\/mundobibliotecario.com.br\/index.php\/category\/noticias\/"},"img":{"alt_text":"","src":"","width":0,"height":0},"classes":[]},{"id":3358,"url":"https:\/\/mundobibliotecario.com.br\/index.php\/2013\/12\/18\/discussoes-internacionais-sobre-as-excecoes-e-limitacoes-dos-direitos-autorais-para-bibliotecas-e-arquivos-recomecam-hoje\/","url_meta":{"origin":4035,"position":5},"title":"Discuss\u00f5es internacionais sobre as exce\u00e7\u00f5es e limita\u00e7\u00f5es dos direitos autorais para bibliotecas e arquivos recome\u00e7am hoje","author":"mundobibliotecario","date":"18\/12\/2013","format":false,"excerpt":"Hoje, no terceiro dia de negocia\u00e7\u00f5es da 26 \u00aa reuni\u00e3o do Comit\u00ea Permanente dos Direitos Autorais e Direitos Relacionados (SCCR) na sede da OMPI em Genebra, discuss\u00f5es sobre exce\u00e7\u00f5es e limita\u00e7\u00f5es dos direitos autorais para bibliotecas e arquivos est\u00e3o em andamento. Um certo n\u00famero de pa\u00edses, incluindo o Brasil, Tun\u00edsia\u2026","rel":"","context":"Em &quot;Not\u00edcias&quot;","block_context":{"text":"Not\u00edcias","link":"https:\/\/mundobibliotecario.com.br\/index.php\/category\/noticias\/"},"img":{"alt_text":"","src":"","width":0,"height":0},"classes":[]}],"jetpack_likes_enabled":true,"jetpack_shortlink":"https:\/\/wp.me\/pcbzwa-135","_links":{"self":[{"href":"https:\/\/mundobibliotecario.com.br\/index.php\/wp-json\/wp\/v2\/posts\/4035","targetHints":{"allow":["GET"]}}],"collection":[{"href":"https:\/\/mundobibliotecario.com.br\/index.php\/wp-json\/wp\/v2\/posts"}],"about":[{"href":"https:\/\/mundobibliotecario.com.br\/index.php\/wp-json\/wp\/v2\/types\/post"}],"author":[{"embeddable":true,"href":"https:\/\/mundobibliotecario.com.br\/index.php\/wp-json\/wp\/v2\/users\/1"}],"replies":[{"embeddable":true,"href":"https:\/\/mundobibliotecario.com.br\/index.php\/wp-json\/wp\/v2\/comments?post=4035"}],"version-history":[{"count":0,"href":"https:\/\/mundobibliotecario.com.br\/index.php\/wp-json\/wp\/v2\/posts\/4035\/revisions"}],"wp:attachment":[{"href":"https:\/\/mundobibliotecario.com.br\/index.php\/wp-json\/wp\/v2\/media?parent=4035"}],"wp:term":[{"taxonomy":"category","embeddable":true,"href":"https:\/\/mundobibliotecario.com.br\/index.php\/wp-json\/wp\/v2\/categories?post=4035"},{"taxonomy":"post_tag","embeddable":true,"href":"https:\/\/mundobibliotecario.com.br\/index.php\/wp-json\/wp\/v2\/tags?post=4035"}],"curies":[{"name":"wp","href":"https:\/\/api.w.org\/{rel}","templated":true}]}}