{"id":4037,"date":"2015-11-09T20:00:28","date_gmt":"2015-11-09T23:00:28","guid":{"rendered":"https:\/\/mundobibliotecario.wordpress.com\/?p=4037"},"modified":"2015-11-09T20:00:28","modified_gmt":"2015-11-09T23:00:28","slug":"onde-a-referencia-se-encaixa-na-biblioteca-moderna","status":"publish","type":"post","link":"https:\/\/mundobibliotecario.com.br\/index.php\/2015\/11\/09\/onde-a-referencia-se-encaixa-na-biblioteca-moderna\/","title":{"rendered":"Onde a refer\u00eancia se encaixa na biblioteca moderna"},"content":{"rendered":"<p>Durante\u00a0anos, estamos ouvindo que o tradicional servi\u00e7o de refer\u00eancia na biblioteca est\u00e1 morto. Na realidade, a refer\u00eancia apenas desapareceu, como (sic) Jimmy Hoffa. Mas, ao contr\u00e1rio, no caso de Hoffa, ningu\u00e9m no campo das bibliotecas parece ter a inten\u00e7\u00e3o de descobrir o que aconteceu com a refer\u00eancia. De fato, muitos bibliotec\u00e1rios t\u00eam a inten\u00e7\u00e3o de continuar\u00a0embora pouca coisa tenha mudado.<\/p>\n<p>Este reflex\u00e3o sobre o servi\u00e7o de refer\u00eancia, em ingl\u00eas, \u00e9 de autoria de Brian Kenney: <a href=\"http:\/\/www.publishersweekly.com\/pw\/by-topic\/industry-news\/libraries\/article\/68019-for-future-reference.html\">Where Reference Fits in the Modern Library<\/a>.<\/p>\n","protected":false},"excerpt":{"rendered":"<p>Durante\u00a0anos, estamos ouvindo que o tradicional servi\u00e7o de refer\u00eancia na biblioteca est\u00e1 morto. Na realidade, a refer\u00eancia apenas desapareceu, como (sic) Jimmy Hoffa. Mas, ao contr\u00e1rio, no caso de Hoffa, ningu\u00e9m no campo das bibliotecas parece ter a inten\u00e7\u00e3o de descobrir o que aconteceu com a refer\u00eancia. De fato, muitos bibliotec\u00e1rios t\u00eam a inten\u00e7\u00e3o de &#8230; <a title=\"Onde a refer\u00eancia se encaixa na biblioteca moderna\" class=\"read-more\" href=\"https:\/\/mundobibliotecario.com.br\/index.php\/2015\/11\/09\/onde-a-referencia-se-encaixa-na-biblioteca-moderna\/\" aria-label=\"Read more about Onde a refer\u00eancia se encaixa na biblioteca moderna\">Ler mais<\/a><\/p>\n","protected":false},"author":1,"featured_media":0,"comment_status":"open","ping_status":"open","sticky":false,"template":"","format":"standard","meta":{"_mi_skip_tracking":false,"_exactmetrics_sitenote_active":false,"_exactmetrics_sitenote_note":"","_exactmetrics_sitenote_category":0,"_jetpack_newsletter_access":"","footnotes":""},"categories":[60],"tags":[38],"class_list":["post-4037","post","type-post","status-publish","format-standard","hentry","category-noticias","tag-servico-de-referencia"],"jetpack_featured_media_url":"","jetpack_sharing_enabled":true,"jetpack-related-posts":[{"id":79,"url":"https:\/\/mundobibliotecario.com.br\/index.php\/2008\/09\/07\/a-reference-renaissance-current-and-future-trends\/","url_meta":{"origin":4037,"position":0},"title":"A Reference Renaissance: Current and Future Trends","author":"mundobibliotecario","date":"07\/09\/2008","format":false,"excerpt":"Nos dias 4 e 5 de agosto, realizou-se em Denver, Colorado,\u00a0o evento \"A Reference Renaissance: Current and Future Trends\". Nele foi abordado um assunto anteriormente comentado, o servi\u00e7o de refer\u00eancia. O site do evento disponibiliza as apresenta\u00e7\u00f5es e tamb\u00e9m\u00a0os handouts de grande parte dos trabalhos apresentados. Os trabalhos dividiram-se nas\u2026","rel":"","context":"Em &quot;Eventos&quot;","block_context":{"text":"Eventos","link":"https:\/\/mundobibliotecario.com.br\/index.php\/category\/eventos\/"},"img":{"alt_text":"","src":"","width":0,"height":0},"classes":[]},{"id":42,"url":"https:\/\/mundobibliotecario.com.br\/index.php\/2008\/08\/16\/voce-sabia\/","url_meta":{"origin":4037,"position":1},"title":"Voc\u00ea sabia?","author":"mundobibliotecario","date":"16\/08\/2008","format":false,"excerpt":"As bibliotecas t\u00eam (pelo menos deveriam ter...) uma se\u00e7\u00e3o chamada \"refer\u00eancia\". O nome deve-se ao fato dos profissionais dessa se\u00e7\u00e3o fornecerem a refer\u00eancia da informa\u00e7\u00e3o procurada, e n\u00e3o a informa\u00e7\u00e3o propriamente dita (por exemplo, um livro, um CD, um mapa etc.). Infelizmente, a imagem que se tem do bibliotec\u00e1rio de\u2026","rel":"","context":"Em &quot;Voc\u00ea sabia?&quot;","block_context":{"text":"Voc\u00ea sabia?","link":"https:\/\/mundobibliotecario.com.br\/index.php\/category\/voce-sabia\/"},"img":{"alt_text":"","src":"","width":0,"height":0},"classes":[]},{"id":3738,"url":"https:\/\/mundobibliotecario.com.br\/index.php\/2015\/06\/10\/vaga-de-bibliotecario-de-referencia-em-biblioteca-universitaria\/","url_meta":{"origin":4037,"position":2},"title":"Vaga de Bibliotec\u00e1rio de Refer\u00eancia em Biblioteca Universit\u00e1ria","author":"mundobibliotecario","date":"10\/06\/2015","format":false,"excerpt":"REQUISITOS PARA A VAGA de Bibliotec\u00e1rio de Refer\u00eancia Forma\u00e7\u00e3o: - Gradua\u00e7\u00e3o em Biblioteconomia\/Ci\u00eancia da Informa\u00e7\u00e3o, com p\u00f3s gradua\u00e7\u00e3o na \u00e1rea ou \u00e1reas afins; - Ingl\u00eas intermedi\u00e1rio\/avan\u00e7ado; - Experi\u00eancia de pelo menos 3 anos como \u2018bibliotec\u00e1rio de refer\u00eancia\u2019 em Biblioteca Universit\u00e1ria Compet\u00eancias: - Excelente comunica\u00e7\u00e3o escrita e oral; - Capacidade de\u2026","rel":"","context":"Em &quot;Emprego&quot;","block_context":{"text":"Emprego","link":"https:\/\/mundobibliotecario.com.br\/index.php\/category\/emprego\/"},"img":{"alt_text":"","src":"","width":0,"height":0},"classes":[]},{"id":3949,"url":"https:\/\/mundobibliotecario.com.br\/index.php\/2015\/09\/21\/jose-antonio-merlo-vega-a-referencia-virtual-ja-nao-tem-sentido\/","url_meta":{"origin":4037,"position":3},"title":"Jos\u00e9 Antonio Merlo Vega: \u201ca ref\u00earencia virtual j\u00e1 n\u00e3o tem sentido\u201d","author":"mundobibliotecario","date":"21\/09\/2015","format":false,"excerpt":"Novamente apresentamos na modalidade Webcast outra interessante entrevista. Neste caso, queremos compartilhar com nossa comunidade a fala que\u00a0Aprender3C teve com o professor e diretor da biblioteca da Universidade de Salamanca, Dr. Jos\u00e9 Antonio Merlo Vega. \u00a0Pedimos sua opini\u00e3o sobre algumas quest\u00f5es: ci\u00eancia 2.0, reposit\u00f3rios institucionais, os servi\u00e7os de refer\u00eancia digital\u2026","rel":"","context":"Em &quot;Not\u00edcias&quot;","block_context":{"text":"Not\u00edcias","link":"https:\/\/mundobibliotecario.com.br\/index.php\/category\/noticias\/"},"img":{"alt_text":"","src":"","width":0,"height":0},"classes":[]},{"id":3311,"url":"https:\/\/mundobibliotecario.com.br\/index.php\/2013\/11\/19\/palestra-como-redigir-um-termo-de-referencia-para-servico-de-higienizacao-de-acervos-bibliograficos\/","url_meta":{"origin":4037,"position":4},"title":"Palestra &#8220;Como redigir um termo de refer\u00eancia para servi\u00e7o de higieniza\u00e7\u00e3o de acervos bibliogr\u00e1ficos&#8221;","author":"mundobibliotecario","date":"19\/11\/2013","format":"image","excerpt":"","rel":"","context":"Em &quot;Eventos&quot;","block_context":{"text":"Eventos","link":"https:\/\/mundobibliotecario.com.br\/index.php\/category\/eventos\/"},"img":{"alt_text":"","src":"https:\/\/mundobibliotecario.files.wordpress.com\/2013\/11\/abracor.jpg?w=350&h=200&crop=1","width":350,"height":200},"classes":[]},{"id":2481,"url":"https:\/\/mundobibliotecario.com.br\/index.php\/2012\/03\/02\/biblioteca-do-centro-de-referencia-do-trabalhador-leonel-brizola-comeca-restauracao-de-livros-raros\/","url_meta":{"origin":4037,"position":5},"title":"Biblioteca do Centro de Refer\u00eancia do Trabalhador Leonel Brizola come\u00e7a restaura\u00e7\u00e3o de livros raros","author":"mundobibliotecario","date":"02\/03\/2012","format":false,"excerpt":"a primeira parte do acervo que passa por restaura\u00e7\u00e3o. Inicialmente est\u00e3osendo recuperados 54 exemplares.Bras\u00edlia, 01\/03\/2012 - Parte do acervo da biblioteca do Centro de Refer\u00eanciado Trabalhador Leonel Brizola foi restaurada e retorna para consulta dosvisitantes. S\u00e3o 54 t\u00edtulos que foram restaurados, higienizados ereencapados. Os livros pertenciam \u00e0 biblioteca pessoal de\u2026","rel":"","context":"Em &quot;Not\u00edcias&quot;","block_context":{"text":"Not\u00edcias","link":"https:\/\/mundobibliotecario.com.br\/index.php\/category\/noticias\/"},"img":{"alt_text":"","src":"","width":0,"height":0},"classes":[]}],"jetpack_likes_enabled":true,"jetpack_shortlink":"https:\/\/wp.me\/pcbzwa-137","_links":{"self":[{"href":"https:\/\/mundobibliotecario.com.br\/index.php\/wp-json\/wp\/v2\/posts\/4037","targetHints":{"allow":["GET"]}}],"collection":[{"href":"https:\/\/mundobibliotecario.com.br\/index.php\/wp-json\/wp\/v2\/posts"}],"about":[{"href":"https:\/\/mundobibliotecario.com.br\/index.php\/wp-json\/wp\/v2\/types\/post"}],"author":[{"embeddable":true,"href":"https:\/\/mundobibliotecario.com.br\/index.php\/wp-json\/wp\/v2\/users\/1"}],"replies":[{"embeddable":true,"href":"https:\/\/mundobibliotecario.com.br\/index.php\/wp-json\/wp\/v2\/comments?post=4037"}],"version-history":[{"count":0,"href":"https:\/\/mundobibliotecario.com.br\/index.php\/wp-json\/wp\/v2\/posts\/4037\/revisions"}],"wp:attachment":[{"href":"https:\/\/mundobibliotecario.com.br\/index.php\/wp-json\/wp\/v2\/media?parent=4037"}],"wp:term":[{"taxonomy":"category","embeddable":true,"href":"https:\/\/mundobibliotecario.com.br\/index.php\/wp-json\/wp\/v2\/categories?post=4037"},{"taxonomy":"post_tag","embeddable":true,"href":"https:\/\/mundobibliotecario.com.br\/index.php\/wp-json\/wp\/v2\/tags?post=4037"}],"curies":[{"name":"wp","href":"https:\/\/api.w.org\/{rel}","templated":true}]}}