{"id":4053,"date":"2015-11-21T10:00:35","date_gmt":"2015-11-21T13:00:35","guid":{"rendered":"https:\/\/mundobibliotecario.wordpress.com\/?p=4053"},"modified":"2015-11-21T10:00:35","modified_gmt":"2015-11-21T13:00:35","slug":"proquest-e-ex-libris-se-unem-para-acelerar-a-inovacao-em-bibliotecas-do-mundo-todo","status":"publish","type":"post","link":"https:\/\/mundobibliotecario.com.br\/index.php\/2015\/11\/21\/proquest-e-ex-libris-se-unem-para-acelerar-a-inovacao-em-bibliotecas-do-mundo-todo\/","title":{"rendered":"ProQuest e Ex Libris se unem para acelerar a inova\u00e7\u00e3o em bibliotecas do mundo todo"},"content":{"rendered":"<p>ANN ARBOR, Michigan, e JERUSAL\u00c9M, 6 de outubro de 2015 \/PRNewswire\/ &#8212; A\u00a0ProQuest, fornecedora de solu\u00e7\u00f5es de informa\u00e7\u00e3o, fundamental para a pesquisa global, firmou um contrato para adquirir o Ex Libris Group, principal fornecedor de solu\u00e7\u00f5es de automa\u00e7\u00e3o de bibliotecas do mundo. Os recursos da ProQuest e da Ex Libris englobam conte\u00fado digital, eletr\u00f4nico e impresso, bem como solu\u00e7\u00f5es para o gerenciamento de bibliotecas e para os fluxos de trabalho de pesquisa e descoberta.<\/p>\n<p>Logo &#8211;<a href=\"http:\/\/photos.prnewswire.com\/prnh\/20120620\/DE27948LOGO-a\" target=\"_blank\" rel=\"nofollow\">http:\/\/photos.prnewswire.com\/prnh\/20120620\/DE27948LOGO-a<\/a><\/p>\n<p>A uni\u00e3o desses ativos complementares permitir\u00e1 que a ProQuest e a Ex Libris aprimorem os produtos existentes e acelerem a inova\u00e7\u00e3o de novos servi\u00e7os para enfrentar com rapidez alguns dos desafios mais urgentes das bibliotecas: fluxos de trabalho desiguais para recursos digitais, eletr\u00f4nicos e impressos e a navega\u00e7\u00e3o em ambientes de usu\u00e1rios, conte\u00fado e tecnologia complexos e em r\u00e1pida transforma\u00e7\u00e3o. Espera-se que a aquisi\u00e7\u00e3o seja conclu\u00edda nos pr\u00f3ximos meses.<\/p>\n<p>&#8220;Estamos felizes pela uni\u00e3o da Ex Libris e da ProQuest e recebemos com alegria seu hist\u00f3rico comprovado de inova\u00e7\u00e3o, em nome de todas as bibliotecas. Um grande exemplo de sua experi\u00eancia \u00e9 o sucesso da solu\u00e7\u00e3o unificada de gest\u00e3o de recursos Alma da Ex Libris, que ajuda centenas de institui\u00e7\u00f5es do mundo todo a aprimorarem o valor de suas bibliotecas para os usu\u00e1rios&#8221;, afirmou Kurt Sanford, diretor geral da ProQuest. &#8220;Juntas, as empresas crescer\u00e3o e criar\u00e3o mais servi\u00e7os inovadores para bibliotecas, levando valor adicional aos nossos clientes e a outras partes do setor.&#8221;<\/p>\n<p>&#8220;A aquisi\u00e7\u00e3o da Ex Libris pela ProQuest enriquece nosso compromisso com a comunidade global de bibliotecas, al\u00e9m de aumentar nossa capacidade de realizar as estrat\u00e9gias e os roteiros de nossos produtos&#8221;, afirmou Matti Shem-Tov, diretor geral da Ex Libris. &#8220;Combinados, o talento e a experi\u00eancia da ProQuest e da Ex Libris permitir\u00e3o o desenvolvimento e o suporte mais eficientes das nossas solu\u00e7\u00f5es l\u00edderes de mercado, al\u00e9m de acelerar a inova\u00e7\u00e3o de produtos novos e atuais. Identificaremos as oportunidades de oferecer o melhor das duas empresas, ao ampliar os principais recursos de gest\u00e3o de recursos, base de conhecimento e servi\u00e7os de descoberta, para aprimorar os produtos existentes.&#8221;<\/p>\n<p>&#8220;A uni\u00e3o de nossas empresas nos permite criar ainda mais oportunidades e op\u00e7\u00f5es para as bibliotecas \u2013 principalmente para nossos clientes atuais&#8221;, afirmou Oren Beit-Arie, diretor de estrat\u00e9gia da Ex Libris. &#8220;Tanto a ProQuest como a Ex Libris est\u00e3o profundamente envolvidas com a comunidade global de bibliotecas e se beneficiam com clientes e grupos de usu\u00e1rios ativos, colaborativos e inovadores. Ao dar continuidade a nossa tradi\u00e7\u00e3o de coopera\u00e7\u00e3o, estamos comprometidos em trabalhar com nossas comunidades de usu\u00e1rios para receber opini\u00f5es e orienta\u00e7\u00e3o \u00e0 medida que aprimoramos as solu\u00e7\u00f5es atuais e criamos outras novas.&#8221;<\/p>\n<p>Ambas as empresas continuar\u00e3o com o compromisso de longa data de abertura e colabora\u00e7\u00e3o com outras empresas do setor, como a OCLC, Google, Gale Cengage, HARRASSOWITZ e YBP\/EBSCO, para o benef\u00edcio dos clientes.<\/p>\n<p>Ap\u00f3s a conclus\u00e3o da transa\u00e7\u00e3o, a ProQuest e a Ex Libris formar\u00e3o uma unidade de neg\u00f3cios diferente chamada Ex Libris, a ProQuest Company. Essa unidade ser\u00e1 comandada pelo Sr. Shem-Tov e ter\u00e1 o apoio da equipe de gest\u00e3o da Ex Libris, al\u00e9m da equipe de gest\u00e3o das solu\u00e7\u00f5es de fluxo de trabalho da ProQuest. A ProQuest e a Ex Libris continuar\u00e3o a suportar a ampla variedade de produtos dos quais seus clientes dependem e aprimorar\u00e3o as ofertas de ambas as empresas, inclusive Alma, Aleph, bX, Intota, Primo, Rosetta, SFX, SIPX, Summon, 360 Link e Voyager, al\u00e9m da rec\u00e9m-lan\u00e7ada solu\u00e7\u00e3o de lista de leitura Leganto e da solu\u00e7\u00e3o de campus m\u00f3vel campusM.<\/p>\n<p>Leia mais para saber como a ProQuest e a Ex Libris ser\u00e3o ainda melhores juntas:<\/p>\n<p>Sobre a Ex Libris ( <a href=\"http:\/\/www.exlibrisgroup.com\/\" target=\"_blank\" rel=\"nofollow\">http:\/\/www.exlibrisgroup.com<\/a> ) A Ex Libris \u00e9 a principal fornecedora de solu\u00e7\u00f5es de automa\u00e7\u00e3o de bibliotecas. Ao oferecer solu\u00e7\u00f5es SaaS para o gerenciamento e a descoberta do espectro completo de materiais escolares e de bibliotecas, bem como solu\u00e7\u00f5es para campus m\u00f3veis, que levam os alunos ao envolvimento e ao sucesso, a Ex Libris atende mais de 5.600 clientes em 90 pa\u00edses. 43 das 50 melhores universidades do mundo e mais de 40 bibliotecas nacionais implementaram as solu\u00e7\u00f5es da Ex Libris para criar uma plataforma unificada para o gerenciamento e a descoberta de recursos de biblioteca.<\/p>\n<p>Sobre a ProQuest (<a href=\"http:\/\/www.proquest.com\/\" target=\"_blank\" rel=\"nofollow\">http:\/\/www.proquest.com<\/a>)A ProQuest conecta as pessoas por meio de informa\u00e7\u00f5es confi\u00e1veis e verificadas. Importantes para pesquisas s\u00e9rias, os produtos da empresa s\u00e3o a porta de entrada para o conhecimento mundial, inclusive teses, arquivos governamentais e culturais, not\u00edcias, cole\u00e7\u00f5es hist\u00f3ricas e ebooks. As tecnologias da ProQuest atendem usu\u00e1rios de pontos essenciais de pesquisas e os ajudam a descobrir, acessar, compartilhar, criar e gerenciar informa\u00e7\u00f5es.<\/p>\n<p>As tecnologias baseadas na nuvem da empresa oferecem solu\u00e7\u00f5es flex\u00edveis para bibliotec\u00e1rios, estudantes e pesquisadores por meio dos servi\u00e7os de informa\u00e7\u00e3o ProQuest\u00ae, Bowker\u00ae e Coutts\u00ae e neg\u00f3cios Dialog\u00ae, ebrary\u00ae, EBL\u2122 e SIPX\u00ae, al\u00e9m de ferramentas de pesquisa not\u00e1veis como o servi\u00e7o de descoberta Summon\u00ae, da plataforma de gerenciamento de refer\u00eancias e cita\u00e7\u00f5es RefWorks\u00ae, da plataforma de ebooks MyiLibrary\u00ae, da ferramenta de desenvolvimento de pesquisa Pivot\u00ae e da Intota\u2122. A empresa possui sede em Ann Arbor, Michigan, e escrit\u00f3rios no mundo todo.<\/p>\n<p>FONTE ProQuest<\/p>\n<p>Dispon\u00edvel em: &lt;<a href=\"http:\/\/noticias.r7.com\/pr-newswire\/tecnologia\/proquest-e-ex-libris-se-unem-para-acelerar-a-inovacao-em-bibliotecas-do-mundo-todo-20151006.html\">http:\/\/noticias.r7.com\/pr-newswire\/tecnologia\/proquest-e-ex-libris-se-unem-para-acelerar-a-inovacao-em-bibliotecas-do-mundo-todo-20151006.html<\/a>&gt;. Acesso em: 9 out. 2015.<\/p>\n","protected":false},"excerpt":{"rendered":"<p>ANN ARBOR, Michigan, e JERUSAL\u00c9M, 6 de outubro de 2015 \/PRNewswire\/ &#8212; A\u00a0ProQuest, fornecedora de solu\u00e7\u00f5es de informa\u00e7\u00e3o, fundamental para a pesquisa global, firmou um contrato para adquirir o Ex Libris Group, principal fornecedor de solu\u00e7\u00f5es de automa\u00e7\u00e3o de bibliotecas do mundo. Os recursos da ProQuest e da Ex Libris englobam conte\u00fado digital, eletr\u00f4nico e &#8230; <a title=\"ProQuest e Ex Libris se unem para acelerar a inova\u00e7\u00e3o em bibliotecas do mundo todo\" class=\"read-more\" href=\"https:\/\/mundobibliotecario.com.br\/index.php\/2015\/11\/21\/proquest-e-ex-libris-se-unem-para-acelerar-a-inovacao-em-bibliotecas-do-mundo-todo\/\" aria-label=\"Read more about ProQuest e Ex Libris se unem para acelerar a inova\u00e7\u00e3o em bibliotecas do mundo todo\">Ler mais<\/a><\/p>\n","protected":false},"author":1,"featured_media":0,"comment_status":"open","ping_status":"open","sticky":false,"template":"","format":"standard","meta":{"_mi_skip_tracking":false,"_exactmetrics_sitenote_active":false,"_exactmetrics_sitenote_note":"","_exactmetrics_sitenote_category":0,"_jetpack_newsletter_access":"","footnotes":""},"categories":[60],"tags":[1298,1299],"class_list":["post-4053","post","type-post","status-publish","format-standard","hentry","category-noticias","tag-ex-libris","tag-proquest"],"jetpack_featured_media_url":"","jetpack_sharing_enabled":true,"jetpack-related-posts":[{"id":7751,"url":"https:\/\/mundobibliotecario.com.br\/index.php\/2020\/08\/06\/unesp-implanta-gerenciamento-de-servicos-de-bibliotecas-na-nuvem\/","url_meta":{"origin":4053,"position":0},"title":"Unesp implanta gerenciamento de servi\u00e7os de bibliotecas na nuvem","author":"mundobibliotecario","date":"06\/08\/2020","format":false,"excerpt":"A Unesp \u00e9 a primeira universidade do Brasil a implantar a plataforma Alma, uma nova gera\u00e7\u00e3o de sistemas para bibliotecas, j\u00e1 desenvolvida para trabalhar com os conte\u00fados digitais, como e-books e videoaulasImagem: Divulga\u00e7\u00e3o 04\/08\/2020\u00a0por: Fabio Mazzitelli, da ACI Unesp No caminho das tend\u00eancias contempor\u00e2neas de revitaliza\u00e7\u00e3o dos espa\u00e7os das bibliotecas,\u2026","rel":"","context":"Em &quot;Not\u00edcias&quot;","block_context":{"text":"Not\u00edcias","link":"https:\/\/mundobibliotecario.com.br\/index.php\/category\/noticias\/"},"img":{"alt_text":"bibliotecaflavia4ago20b.jpg","src":"https:\/\/i0.wp.com\/www2.unesp.br\/Modulos\/Noticias\/35950\/bibliotecaflavia4ago20b.jpg?resize=350%2C200&ssl=1","width":350,"height":200},"classes":[]},{"id":3963,"url":"https:\/\/mundobibliotecario.com.br\/index.php\/2015\/09\/26\/semana-dos-livros-proibidos\/","url_meta":{"origin":4053,"position":1},"title":"Semana dos livros proibidos","author":"mundobibliotecario","date":"26\/09\/2015","format":false,"excerpt":"Exposici\u00f3n de libro en la semana de los libros prohibidos . 2015 Banned Book Week (BBW) http:\/\/www.bannedbooksweek.org\/ Durante estos d\u00edas las escuelas, bibliotecas, librer\u00edas, y organizaciones comunitarias p\u00fablicas se est\u00e1n preparando para celebrar la libertad de leer al conmemorar la semana de los libros prohibidos,\u00a0que tendr\u00e1 lugar del 27 de\u2026","rel":"","context":"Em &quot;Eventos&quot;","block_context":{"text":"Eventos","link":"https:\/\/mundobibliotecario.com.br\/index.php\/category\/eventos\/"},"img":{"alt_text":"","src":"","width":0,"height":0},"classes":[]},{"id":10064,"url":"https:\/\/mundobibliotecario.com.br\/index.php\/2022\/08\/15\/biblioteca-santa-monica-oferece-atendimento-especifico-a-usuarios-surdos\/","url_meta":{"origin":4053,"position":2},"title":"Biblioteca Santa M\u00f4nica oferece atendimento espec\u00edfico a usu\u00e1rios surdos","author":"mundobibliotecario","date":"15\/08\/2022","format":false,"excerpt":"Interessados devem procurar o setor de segunda \u00e0 quarta-feira, no per\u00edodo vespertino Heverton Fernandes e Vin\u00edcius Souza desenvolvem o projeto 'Incluindo Surdos nas Bibliotecas UFU'. (Foto: Milton Santos) O Sistema de Bibliotecas da Universidade Federal de Uberl\u00e2ndia (Sisbi\/UFU), desde julho, oferece aos seus usu\u00e1rios atendimento em L\u00edngua Brasileira de Sinais\u2026","rel":"","context":"Em &quot;Not\u00edcias&quot;","block_context":{"text":"Not\u00edcias","link":"https:\/\/mundobibliotecario.com.br\/index.php\/category\/noticias\/"},"img":{"alt_text":"","src":"https:\/\/i0.wp.com\/mundobibliotecario.com.br\/wp-content\/uploads\/2022\/08\/imagem_destaque_01biblioteca0208-1024x678.jpg?resize=350%2C200&ssl=1","width":350,"height":200},"classes":[]},{"id":9317,"url":"https:\/\/mundobibliotecario.com.br\/index.php\/2021\/08\/05\/planeta-biblioteca-2020-081-03-censura-en-bibliotecas\/","url_meta":{"origin":4053,"position":3},"title":"Planeta Biblioteca 2020\/081\/03. Censura en bibliotecas","author":"mundobibliotecario","date":"05\/08\/2021","format":false,"excerpt":"Ir a descargar La libertad de la palabra impresa es un rasgo definitorio del mundo moderno. Sin embargo, la censura y la supresi\u00f3n de la literatura nunca cesan, y siguen siendo temas de actualidad incluso en la m\u00e1s liberal de las democracias. La lista incluye libros cuestionados por una variedad\u2026","rel":"","context":"Post similar","block_context":{"text":"Post similar","link":""},"img":{"alt_text":"","src":"https:\/\/i0.wp.com\/mundobibliotecario.com.br\/wp-content\/uploads\/2021\/08\/9df0c6d97cf7bd4186177650e2903de3.jpg?resize=350%2C200&ssl=1","width":350,"height":200},"classes":[]},{"id":8417,"url":"https:\/\/mundobibliotecario.com.br\/index.php\/2021\/03\/09\/live-novos-servicos-de-apoio-a-pesquisa-em-bibliotecas-universitarias\/","url_meta":{"origin":4053,"position":4},"title":"Live &#8220;Novos servi\u00e7os de apoio \u00e0 pesquisa em bibliotecas universit\u00e1rias&#8221;","author":"mundobibliotecario","date":"09\/03\/2021","format":false,"excerpt":"Comemora\u00e7\u00e3o do Dia do Bibliotec\u00e1rio na UFSCar! A atua\u00e7\u00e3o tradicional dos bibliotec\u00e1rios foi se transformando, novos desafios surgiram, novas habilidades s\u00e3o exigidas e um novo perfil do profissional desponta. Para comemorar o Dia do Bibliotec\u00e1rio na UFSCar, o Sistema Integrado de Bibliotecas (SIBi) e o Departamento de Ci\u00eancia da Informa\u00e7\u00e3o(DCI)\u2026","rel":"","context":"Em &quot;Eventos&quot;","block_context":{"text":"Eventos","link":"https:\/\/mundobibliotecario.com.br\/index.php\/category\/eventos\/"},"img":{"alt_text":"","src":"","width":0,"height":0},"classes":[]},{"id":3874,"url":"https:\/\/mundobibliotecario.com.br\/index.php\/2015\/09\/03\/libros-profesionales-para-bibliotecarios-gratis-julio-agosto-2015\/","url_meta":{"origin":4053,"position":5},"title":"Libros profesionales para bibliotecarios gratis (Julio-Agosto 2015)","author":"mundobibliotecario","date":"03\/09\/2015","format":false,"excerpt":"Libros Profesionales en acceso abierto para Bibliotecarios y Documentalistas (91 libros e informes profesionales) -Julio-Agosto 2015- Descargar Libros profesionales gratis sobre BYD Por Meses 2015.07\/.08 Julio-Agosto 2015.05\/06 Mayo-Junio 2015.04. Abril 2015.03 Marzo 2015.02 Febrero 2015.01. Enero 2014.12. Diciembre 2014.11. noviembre 2014.10. Octubre 2014.06 Junio 2014. 05. Mayo 2013.09. Sepptiembre 2013.12.\u2026","rel":"","context":"Em &quot;Not\u00edcias&quot;","block_context":{"text":"Not\u00edcias","link":"https:\/\/mundobibliotecario.com.br\/index.php\/category\/noticias\/"},"img":{"alt_text":"","src":"http:\/\/i1.wp.com\/www.puntogeek.com\/wp-content\/uploads\/2014\/11\/Libros-digitales.jpg?resize=350%2C200","width":350,"height":200},"classes":[]}],"jetpack_likes_enabled":true,"jetpack_shortlink":"https:\/\/wp.me\/pcbzwa-13n","_links":{"self":[{"href":"https:\/\/mundobibliotecario.com.br\/index.php\/wp-json\/wp\/v2\/posts\/4053","targetHints":{"allow":["GET"]}}],"collection":[{"href":"https:\/\/mundobibliotecario.com.br\/index.php\/wp-json\/wp\/v2\/posts"}],"about":[{"href":"https:\/\/mundobibliotecario.com.br\/index.php\/wp-json\/wp\/v2\/types\/post"}],"author":[{"embeddable":true,"href":"https:\/\/mundobibliotecario.com.br\/index.php\/wp-json\/wp\/v2\/users\/1"}],"replies":[{"embeddable":true,"href":"https:\/\/mundobibliotecario.com.br\/index.php\/wp-json\/wp\/v2\/comments?post=4053"}],"version-history":[{"count":0,"href":"https:\/\/mundobibliotecario.com.br\/index.php\/wp-json\/wp\/v2\/posts\/4053\/revisions"}],"wp:attachment":[{"href":"https:\/\/mundobibliotecario.com.br\/index.php\/wp-json\/wp\/v2\/media?parent=4053"}],"wp:term":[{"taxonomy":"category","embeddable":true,"href":"https:\/\/mundobibliotecario.com.br\/index.php\/wp-json\/wp\/v2\/categories?post=4053"},{"taxonomy":"post_tag","embeddable":true,"href":"https:\/\/mundobibliotecario.com.br\/index.php\/wp-json\/wp\/v2\/tags?post=4053"}],"curies":[{"name":"wp","href":"https:\/\/api.w.org\/{rel}","templated":true}]}}