{"id":4055,"date":"2015-11-25T20:00:14","date_gmt":"2015-11-25T23:00:14","guid":{"rendered":"https:\/\/mundobibliotecario.wordpress.com\/?p=4055"},"modified":"2020-07-21T23:48:15","modified_gmt":"2020-07-22T02:48:15","slug":"12-proposicoes-para-a-elaboracao-de-um-curriculo-info-documental","status":"publish","type":"post","link":"https:\/\/mundobibliotecario.com.br\/index.php\/2015\/11\/25\/12-proposicoes-para-a-elaboracao-de-um-curriculo-info-documental\/","title":{"rendered":"12 proposi\u00e7\u00f5es para a elabora\u00e7\u00e3o de um curr\u00edculo info-documental"},"content":{"rendered":"<p>O documento &#8220;Douze propositions\u00a0pour l&#8217;\u00e9laboration d&#8217;un curriculum info-documentaire&#8221; foi elaborado pelo Groupe de Recherche sur la Culture et la Didactique de l&#8217;Information (GRCDI) como proposta de um curr\u00edculo que contemple lacunas na forma\u00e7\u00e3o dos profissionais da informa\u00e7\u00e3o.<\/p>\n<p>&nbsp;<\/p>\n<p>Confira\u00a0abaixo as proposi\u00e7\u00f5es:<\/p>\n<p>1) Iniciar uma matriz disciplinar, em coer\u00eancia com o novo paradigma da cultura informacional<\/p>\n<p>2) Colocar em primeiro plano os fins educativos de forma\u00e7\u00e3o de uma cultura informacional<\/p>\n<p>3) Definir os objetivos de forma\u00e7\u00e3o de uma cultura informacional<\/p>\n<p>4) Integrar a educa\u00e7\u00e3o\u00a0\u00e0s m\u00eddias, o ensino info-documental como parte de uma cultura informacional global<\/p>\n<p>5) Identificar os conhecimento e as compet\u00eancias para ensinar e dar\/devolver o primeiro lugar ao conhecimento e \u00e0 cultura<\/p>\n<p>6) Ver a dimens\u00e3o temporal da aprendizagem da maternidade \u00e0 universidade<\/p>\n<p>7) Propor aos professores e formadores abordagens educacionais sob medida para os estudantes e os tipos de conhecimentos para ensinar<\/p>\n<p>8) Propor aos professores e formadores exemplos de atividades e tarefas que promovam a aprendizagem<\/p>\n<p>9) Identificar diferentes tipos de objetos apropriados\u00a0de aprendizagem<\/p>\n<p>10) Favorecer as articula\u00e7\u00f5es com outra disciplinas \u00a0e promover diferentes formas de interdisciplinaridade<\/p>\n<p>11) Invocar as diferentes fun\u00e7\u00f5es de avalia\u00e7\u00e3o para conceber, acompanhar, aprovar e validar a aprendizagem<\/p>\n<p>12) Formar os professores e formadores respons\u00e1veis pela educa\u00e7\u00e3o na informa\u00e7\u00e3o e desenvolver a pesquisa did\u00e1tica da informa\u00e7\u00e3o-documenta\u00e7\u00e3o<\/p>\n<p>&nbsp;<\/p>\n<p>O documento completo, em franc\u00eas, com a descri\u00e7\u00e3o de cada proposi\u00e7\u00e3o est\u00e1 dispon\u00edvel aqui.<\/p>\n","protected":false},"excerpt":{"rendered":"<p>O documento &#8220;Douze propositions\u00a0pour l&#8217;\u00e9laboration d&#8217;un curriculum info-documentaire&#8221; foi elaborado pelo Groupe de Recherche sur la Culture et la Didactique de l&#8217;Information (GRCDI) como proposta de um curr\u00edculo que contemple lacunas na forma\u00e7\u00e3o dos profissionais da informa\u00e7\u00e3o. &nbsp; Confira\u00a0abaixo as proposi\u00e7\u00f5es: 1) Iniciar uma matriz disciplinar, em coer\u00eancia com o novo paradigma da cultura informacional &#8230; <a title=\"12 proposi\u00e7\u00f5es para a elabora\u00e7\u00e3o de um curr\u00edculo info-documental\" class=\"read-more\" href=\"https:\/\/mundobibliotecario.com.br\/index.php\/2015\/11\/25\/12-proposicoes-para-a-elaboracao-de-um-curriculo-info-documental\/\" aria-label=\"Read more about 12 proposi\u00e7\u00f5es para a elabora\u00e7\u00e3o de um curr\u00edculo info-documental\">Ler mais<\/a><\/p>\n","protected":false},"author":1,"featured_media":0,"comment_status":"open","ping_status":"open","sticky":false,"template":"","format":"standard","meta":{"_mi_skip_tracking":false,"_exactmetrics_sitenote_active":false,"_exactmetrics_sitenote_note":"","_exactmetrics_sitenote_category":0,"_jetpack_newsletter_access":"","footnotes":""},"categories":[60],"tags":[63,1300],"class_list":["post-4055","post","type-post","status-publish","format-standard","hentry","category-noticias","tag-biblioteconomia","tag-curriculo"],"jetpack_featured_media_url":"","jetpack_sharing_enabled":true,"jetpack-related-posts":[{"id":4894,"url":"https:\/\/mundobibliotecario.com.br\/index.php\/2012\/02\/03\/lancamento-do-e-book-letramento-informacional-pesquisa-reflexao-e-aprendizagem-2\/","url_meta":{"origin":4055,"position":0},"title":"Lan\u00e7amento do e-book \u201cLetramento informacional: pesquisa, reflex\u00e3o e aprendizagem&quot;","author":"mundobibliotecario","date":"03\/02\/2012","format":false,"excerpt":"Contagem regressiva para lan\u00e7amento do e-book: \u201dLETRAMENTO INFORMACIONAL: PESQUISA, REFLEX\u00c3O E APRENDIZAGEM\u201d O E-book intitulado \u201dLETRAMENTO INFORMACIONAL: PESQUISA, REFLEX\u00c3O E APRENDIZAGEM\u201d encontra-se em fase de editora\u00e7\u00e3o, com previs\u00e3o de lan\u00e7amento para mar\u00e7o de 2012. Estudiosos, educadores, bibliotec\u00e1rios, estudantes e interessados pelo tema \u201cletramento informacional\u201d poder\u00e3o acessar e baixar o conte\u00fado\u2026","rel":"","context":"Em &quot;Not\u00edcias&quot;","block_context":{"text":"Not\u00edcias","link":"https:\/\/mundobibliotecario.com.br\/index.php\/category\/noticias\/"},"img":{"alt_text":"","src":"","width":0,"height":0},"classes":[]},{"id":4897,"url":"https:\/\/mundobibliotecario.com.br\/index.php\/2012\/02\/03\/lancamento-do-e-book-letramento-informacional-pesquisa-reflexao-e-aprendizagem-2-2\/","url_meta":{"origin":4055,"position":1},"title":"Lan\u00e7amento do e-book \u201cLetramento informacional: pesquisa, reflex\u00e3o e aprendizagem&#034;","author":"mundobibliotecario","date":"03\/02\/2012","format":false,"excerpt":"Contagem regressiva para lan\u00e7amento do e-book: \u201dLETRAMENTO INFORMACIONAL: PESQUISA, REFLEX\u00c3O E APRENDIZAGEM\u201d O E-book intitulado \u201dLETRAMENTO INFORMACIONAL: PESQUISA, REFLEX\u00c3O E APRENDIZAGEM\u201d encontra-se em fase de editora\u00e7\u00e3o, com previs\u00e3o de lan\u00e7amento para mar\u00e7o de 2012. Estudiosos, educadores, bibliotec\u00e1rios, estudantes e interessados pelo tema \u201cletramento informacional\u201d poder\u00e3o acessar e baixar o conte\u00fado\u2026","rel":"","context":"Em &quot;Not\u00edcias&quot;","block_context":{"text":"Not\u00edcias","link":"https:\/\/mundobibliotecario.com.br\/index.php\/category\/noticias\/"},"img":{"alt_text":"","src":"","width":0,"height":0},"classes":[]},{"id":2423,"url":"https:\/\/mundobibliotecario.com.br\/index.php\/2012\/02\/03\/lancamento-do-e-book-letramento-informacional-pesquisa-reflexao-e-aprendizagem\/","url_meta":{"origin":4055,"position":2},"title":"Lan\u00e7amento do e-book \u201cLetramento informacional: pesquisa, reflex\u00e3o e aprendizagem&#8221;","author":"mundobibliotecario","date":"03\/02\/2012","format":false,"excerpt":"Contagem regressiva para lan\u00e7amento do e-book: \u201dLETRAMENTO INFORMACIONAL: PESQUISA, REFLEX\u00c3O E APRENDIZAGEM\u201d O E-book intitulado \u201dLETRAMENTO INFORMACIONAL: PESQUISA, REFLEX\u00c3O E APRENDIZAGEM\u201d encontra-se em fase de editora\u00e7\u00e3o, com previs\u00e3o de lan\u00e7amento para mar\u00e7o de 2012. Estudiosos, educadores, bibliotec\u00e1rios, estudantes e interessados pelo tema \u201cletramento informacional\u201d poder\u00e3o acessar e baixar o conte\u00fado\u2026","rel":"","context":"Em &quot;Not\u00edcias&quot;","block_context":{"text":"Not\u00edcias","link":"https:\/\/mundobibliotecario.com.br\/index.php\/category\/noticias\/"},"img":{"alt_text":"","src":"","width":0,"height":0},"classes":[]},{"id":3570,"url":"https:\/\/mundobibliotecario.com.br\/index.php\/2014\/09\/06\/bibliotecas-de-hoje-e-do-futuro-como-entender-e-vivenciar-a-atual-revolucao-informacional\/","url_meta":{"origin":4055,"position":3},"title":"Bibliotecas de Hoje e do Futuro: como entender e vivenciar a atual revolu\u00e7\u00e3o Informacional","author":"mundobibliotecario","date":"06\/09\/2014","format":false,"excerpt":"Webinar Elsevier Bibliotecas de Hoje e do Futuro: como entender e vivenciar a atual revolu\u00e7\u00e3o Informacional com Profa. MSc. Suely de Brito Clemente Soares Conte\u00fado A internet foi a revolu\u00e7\u00e3o que provocou mudan\u00e7as radicais no sistema informacional vertical vigente h\u00e1 s\u00e9culos, especialmente ap\u00f3s a globaliza\u00e7\u00e3o do uso cotidiano da web\u2026","rel":"","context":"Em &quot;Eventos&quot;","block_context":{"text":"Eventos","link":"https:\/\/mundobibliotecario.com.br\/index.php\/category\/eventos\/"},"img":{"alt_text":"","src":"","width":0,"height":0},"classes":[]},{"id":328,"url":"https:\/\/mundobibliotecario.com.br\/index.php\/2009\/01\/30\/bibliotecario-para-centro-de-documentacao-arquivo-e-biblioteca\/","url_meta":{"origin":4055,"position":4},"title":"Bibliotec\u00e1rio para Centro de Documenta\u00e7\u00e3o (Arquivo e Biblioteca)","author":"mundobibliotecario","date":"30\/01\/2009","format":false,"excerpt":"Escrit\u00f3rio de advocacia de m\u00e9dio porte, com sede na cidade de Bebedouro-SP, busca profissional com forma\u00e7\u00e3o em Biblioteconomia e Ci\u00eancia da Informa\u00e7\u00e3o. O profissional dever\u00e1: Selecionar e implantar sistema de gest\u00e3o de acervo para a biblioteca; planejar, organizar e administrar a biblioteca jur\u00eddica; gerenciar a documenta\u00e7\u00e3o recebida e emitida (fluxo\u2026","rel":"","context":"Em &quot;Emprego&quot;","block_context":{"text":"Emprego","link":"https:\/\/mundobibliotecario.com.br\/index.php\/category\/emprego\/"},"img":{"alt_text":"","src":"","width":0,"height":0},"classes":[]},{"id":2820,"url":"https:\/\/mundobibliotecario.com.br\/index.php\/2013\/01\/28\/marista-inova-com-programa-estrategico-de-bibliotecas\/","url_meta":{"origin":4055,"position":5},"title":"Marista inova com programa estrat\u00e9gico de bibliotecas","author":"mundobibliotecario","date":"28\/01\/2013","format":false,"excerpt":"O Programa Estrat\u00e9gico de Revitaliza\u00e7\u00e3o das Bibliotecas Escolares do Marista \u00e9 um trabalho modelo em bibliotecas escolares. Reconhecido internacionalmente com o pr\u00eamio Da Vinci Huis \u2013 IASL, em 2011, o objetivo da iniciativa \u00e9 criar espa\u00e7os tecnol\u00f3gicos contempor\u00e2neos para formar estudantes no h\u00e1bito da leitura, da busca e uso da\u2026","rel":"","context":"Em &quot;N\u00e3o classificado&quot;","block_context":{"text":"N\u00e3o classificado","link":"https:\/\/mundobibliotecario.com.br\/index.php\/category\/nao-classificado\/"},"img":{"alt_text":"","src":"","width":0,"height":0},"classes":[]}],"jetpack_likes_enabled":true,"jetpack_shortlink":"https:\/\/wp.me\/pcbzwa-13p","_links":{"self":[{"href":"https:\/\/mundobibliotecario.com.br\/index.php\/wp-json\/wp\/v2\/posts\/4055","targetHints":{"allow":["GET"]}}],"collection":[{"href":"https:\/\/mundobibliotecario.com.br\/index.php\/wp-json\/wp\/v2\/posts"}],"about":[{"href":"https:\/\/mundobibliotecario.com.br\/index.php\/wp-json\/wp\/v2\/types\/post"}],"author":[{"embeddable":true,"href":"https:\/\/mundobibliotecario.com.br\/index.php\/wp-json\/wp\/v2\/users\/1"}],"replies":[{"embeddable":true,"href":"https:\/\/mundobibliotecario.com.br\/index.php\/wp-json\/wp\/v2\/comments?post=4055"}],"version-history":[{"count":1,"href":"https:\/\/mundobibliotecario.com.br\/index.php\/wp-json\/wp\/v2\/posts\/4055\/revisions"}],"predecessor-version":[{"id":6958,"href":"https:\/\/mundobibliotecario.com.br\/index.php\/wp-json\/wp\/v2\/posts\/4055\/revisions\/6958"}],"wp:attachment":[{"href":"https:\/\/mundobibliotecario.com.br\/index.php\/wp-json\/wp\/v2\/media?parent=4055"}],"wp:term":[{"taxonomy":"category","embeddable":true,"href":"https:\/\/mundobibliotecario.com.br\/index.php\/wp-json\/wp\/v2\/categories?post=4055"},{"taxonomy":"post_tag","embeddable":true,"href":"https:\/\/mundobibliotecario.com.br\/index.php\/wp-json\/wp\/v2\/tags?post=4055"}],"curies":[{"name":"wp","href":"https:\/\/api.w.org\/{rel}","templated":true}]}}