{"id":408,"date":"2009-02-24T09:25:14","date_gmt":"2009-02-24T12:25:14","guid":{"rendered":"http:\/\/mundobibliotecario.wordpress.com\/?p=408"},"modified":"2009-02-24T09:25:14","modified_gmt":"2009-02-24T12:25:14","slug":"estagio-sao-paulo","status":"publish","type":"post","link":"https:\/\/mundobibliotecario.com.br\/index.php\/2009\/02\/24\/estagio-sao-paulo\/","title":{"rendered":"Est\u00e1gio &#8211; S\u00e3o Paulo"},"content":{"rendered":"<p>H\u00e1 uma vaga de est\u00e1gio aberta na AES-Eletropaulo. A vaga \u00e9 para algu\u00e9m que tenha interesse na \u00e1rea de ARQUIVOS.<\/p>\n<p>Requisitos:<\/p>\n<p>\u00c1REA:\u00a0\u00a0\u00a0 matriculado e cursando faculdade na \u00e1rea de Humanas<br \/>\n(Administra\u00e7\u00e3o, Hist\u00f3ria, Biblioteconomia, Arquivologia, etc)<br \/>\nFUN\u00c7\u00c3O:\u00a0 auxiliar na gest\u00e3o de arquivos<\/p>\n<p>Oferecemos:<\/p>\n<p>BOLSA: 650,00<br \/>\nCARGA HOR\u00c1RIA: 6 horas di\u00e1rias &#8211; seg a sexta<br \/>\nLOCAL &#8211; S\u00e9 (pr\u00e9dio da AES-Eletropaulo)<\/p>\n<p>Tem ainda algumas vantagens: o ambiente de trabalho \u00e9 super agrad\u00e1vel e com<br \/>\n\u00f3tima infra-estrutura. E a possibilidade de efetiva\u00e7\u00e3o \u00e9 concreta, ap\u00f3s<br \/>\nalguns meses de trabalho.<\/p>\n<p>Contato: (011) 2195-1780<br \/>\n(011) 9371-2143<\/p>\n<p>\u00a0Cristina Barbanti<\/p>\n","protected":false},"excerpt":{"rendered":"<p>H\u00e1 uma vaga de est\u00e1gio aberta na AES-Eletropaulo. A vaga \u00e9 para algu\u00e9m que tenha interesse na \u00e1rea de ARQUIVOS. Requisitos: \u00c1REA:\u00a0\u00a0\u00a0 matriculado e cursando faculdade na \u00e1rea de Humanas (Administra\u00e7\u00e3o, Hist\u00f3ria, Biblioteconomia, Arquivologia, etc) FUN\u00c7\u00c3O:\u00a0 auxiliar na gest\u00e3o de arquivos Oferecemos: BOLSA: 650,00 CARGA HOR\u00c1RIA: 6 horas di\u00e1rias &#8211; seg a sexta LOCAL &#8211; &#8230; <a title=\"Est\u00e1gio &#8211; S\u00e3o Paulo\" class=\"read-more\" href=\"https:\/\/mundobibliotecario.com.br\/index.php\/2009\/02\/24\/estagio-sao-paulo\/\" aria-label=\"Read more about Est\u00e1gio &#8211; S\u00e3o Paulo\">Ler mais<\/a><\/p>\n","protected":false},"author":1,"featured_media":0,"comment_status":"open","ping_status":"open","sticky":false,"template":"","format":"standard","meta":{"_mi_skip_tracking":false,"_exactmetrics_sitenote_active":false,"_exactmetrics_sitenote_note":"","_exactmetrics_sitenote_category":0,"_jetpack_newsletter_access":"","footnotes":""},"categories":[47],"tags":[256,193],"class_list":["post-408","post","type-post","status-publish","format-standard","hentry","category-estagio","tag-aes-eletropaulo","tag-estagio-de-biblioteconomia"],"jetpack_featured_media_url":"","jetpack_sharing_enabled":true,"jetpack-related-posts":[{"id":608,"url":"https:\/\/mundobibliotecario.com.br\/index.php\/2009\/05\/02\/vaga-para-estagiario\/","url_meta":{"origin":408,"position":0},"title":"Vaga para estagi\u00e1rio","author":"mundobibliotecario","date":"02\/05\/2009","format":false,"excerpt":"A Personal Service Terceiriza\u00e7\u00e3o Ltda., situada \u00e0 R. Padre Teixeira, 2595, Centro, S\u00e3o Carlos, oferece vaga de est\u00e1gio para alunos do curso de Biblioteconomia. \u00a0 Atividades: - Organiza\u00e7\u00e3o de documenta\u00e7\u00e3o de funcion\u00e1rios ativos; - Organiza\u00e7\u00e3o de Arquivo morto; - Organiza\u00e7\u00e3o de documentos da empresa; - T\u00e9cnicas de Arquivo; - Determina\u00e7\u00e3o\u2026","rel":"","context":"Em &quot;Est\u00e1gio&quot;","block_context":{"text":"Est\u00e1gio","link":"https:\/\/mundobibliotecario.com.br\/index.php\/category\/estagio\/"},"img":{"alt_text":"","src":"","width":0,"height":0},"classes":[]},{"id":1735,"url":"https:\/\/mundobibliotecario.com.br\/index.php\/2011\/02\/09\/estagio-de-biblioteconomia-area-juridica\/","url_meta":{"origin":408,"position":1},"title":"Est\u00e1gio de Biblioteconomia &#8211; \u00c1rea Jur\u00eddica","author":"mundobibliotecario","date":"09\/02\/2011","format":false,"excerpt":"Escrit\u00f3rio de advocacia busca estagi\u00e1rios de Biblioteconomia no perfil abaixo: Estudantes de Biblioteconomia a partir do 3\u00ba per\u00edodo; Pacote Office \u0096 N\u00edvel Intermedi\u00e1rio Hor\u00e1rio de est\u00e1gio: 12h \u00e0s 18h \u00e0s 13h \u00e0s 19h. \u00c1rea de Atua\u00e7\u00e3o: Biblioteca e Arquivo Jur\u00eddico Local de Trabalho: Itaim Bibi \u0096 SP Bolsa Aux\u00edlio \u0096\u2026","rel":"","context":"Em &quot;Est\u00e1gio&quot;","block_context":{"text":"Est\u00e1gio","link":"https:\/\/mundobibliotecario.com.br\/index.php\/category\/estagio\/"},"img":{"alt_text":"","src":"","width":0,"height":0},"classes":[]},{"id":1534,"url":"https:\/\/mundobibliotecario.com.br\/index.php\/2010\/10\/29\/estagios-de-biblioteconomia\/","url_meta":{"origin":408,"position":2},"title":"Est\u00e1gios de biblioteconomia","author":"mundobibliotecario","date":"29\/10\/2010","format":false,"excerpt":"A UFSCar e a Prefeitura Municipal de S\u00e3o Carlos est\u00e3o com vagas abertas para est\u00e1gio na \u00e1rea de biblioteconomia. Juntas, totalizam 13 vagas. Os editais podem ser conferidos em http:\/\/www.concursos.ufscar.br\/lista.php e http:\/\/www.saocarlos.sp.gov.br\/images\/stories\/concursos2010\/22-10-10-PMSC-concurso-editalestagioufscar.pdf.","rel":"","context":"Em &quot;Est\u00e1gio&quot;","block_context":{"text":"Est\u00e1gio","link":"https:\/\/mundobibliotecario.com.br\/index.php\/category\/estagio\/"},"img":{"alt_text":"","src":"","width":0,"height":0},"classes":[]},{"id":1188,"url":"https:\/\/mundobibliotecario.com.br\/index.php\/2010\/04\/01\/vaga-de-estagio-na-fundap\/","url_meta":{"origin":408,"position":3},"title":"Vaga de est\u00e1gio na FUNDAP","author":"mundobibliotecario","date":"01\/04\/2010","format":false,"excerpt":"A Funda\u00e7\u00e3o do Desenvolvimento Administrativo (FUNDAP) do Estado de S\u00e3o Paulo est\u00e1 com vagas abertas para est\u00e1gio em diversas \u00e1reas, inclusive biblioteconomia. Tamb\u00e9m h\u00e1 vagas para ensino m\u00e9dio e profissionalizante. O edital est\u00e1 dispon\u00edvel em e o quadro de vagas em . Para o n\u00edvel superior, o valor da bolsa\u2026","rel":"","context":"Em &quot;Est\u00e1gio&quot;","block_context":{"text":"Est\u00e1gio","link":"https:\/\/mundobibliotecario.com.br\/index.php\/category\/estagio\/"},"img":{"alt_text":"","src":"","width":0,"height":0},"classes":[]},{"id":1772,"url":"https:\/\/mundobibliotecario.com.br\/index.php\/2011\/02\/23\/estagio-de-biblioteconomia-em-santa-catarina\/","url_meta":{"origin":408,"position":4},"title":"Est\u00e1gio de Biblioteconomia em Santa Catarina","author":"mundobibliotecario","date":"23\/02\/2011","format":false,"excerpt":"Estagi\u00e1rio(a) Pesquisa C\u00f3digo da vaga k447-53 Empresa: Knowtec Dados da vaga Ramo da empresa: Consultoria Empresarial Cidade: Florian\u00f3polis - SC Sal\u00e1rio: 1 a 2 sal\u00e1rios m\u00ednimos Tipo de contrata\u00e7\u00e3o: Est\u00e1gio N\u00b0 de vagas: 1 Requisitos e prefer\u00eancias Forma\u00e7\u00e3o: 3\u00ba grau incompleto, preferencialmente no(s) curso(s): Arquivologia Biblioteconomia Engenharia de Produ\u00e7\u00e3o Administra\u00e7\u00e3o\u2026","rel":"","context":"Em &quot;Est\u00e1gio&quot;","block_context":{"text":"Est\u00e1gio","link":"https:\/\/mundobibliotecario.com.br\/index.php\/category\/estagio\/"},"img":{"alt_text":"","src":"","width":0,"height":0},"classes":[]},{"id":290,"url":"https:\/\/mundobibliotecario.com.br\/index.php\/2009\/01\/14\/estagio-em-biblioteconomia-sao-carlos\/","url_meta":{"origin":408,"position":5},"title":"Est\u00e1gio em Biblioteconomia &#8211; S\u00e3o Carlos","author":"mundobibliotecario","date":"14\/01\/2009","format":false,"excerpt":"Vaga em Editora Cient\u00edfica para estudantes de BIBLIOTECONOMIA DESCRI\u00c7\u00c3O DA VAGA Normaliza\u00e7\u00e3o de textos cient\u00edficos, adequando-os aos padr\u00f5es e normas estabelecidos para cada publica\u00e7\u00e3o. VAGA DE EST\u00c1GIO: Requisitos: Estar cursando o segundo ou terceiro ano Idade M\u00ednima: > ou igual 18 anos Contrato: Est\u00e1gio Carga hor\u00e1ria: 4 horas di\u00e1rias Bolsa:\u2026","rel":"","context":"Em &quot;Est\u00e1gio&quot;","block_context":{"text":"Est\u00e1gio","link":"https:\/\/mundobibliotecario.com.br\/index.php\/category\/estagio\/"},"img":{"alt_text":"","src":"","width":0,"height":0},"classes":[]}],"jetpack_likes_enabled":true,"jetpack_shortlink":"https:\/\/wp.me\/pcbzwa-6A","_links":{"self":[{"href":"https:\/\/mundobibliotecario.com.br\/index.php\/wp-json\/wp\/v2\/posts\/408","targetHints":{"allow":["GET"]}}],"collection":[{"href":"https:\/\/mundobibliotecario.com.br\/index.php\/wp-json\/wp\/v2\/posts"}],"about":[{"href":"https:\/\/mundobibliotecario.com.br\/index.php\/wp-json\/wp\/v2\/types\/post"}],"author":[{"embeddable":true,"href":"https:\/\/mundobibliotecario.com.br\/index.php\/wp-json\/wp\/v2\/users\/1"}],"replies":[{"embeddable":true,"href":"https:\/\/mundobibliotecario.com.br\/index.php\/wp-json\/wp\/v2\/comments?post=408"}],"version-history":[{"count":0,"href":"https:\/\/mundobibliotecario.com.br\/index.php\/wp-json\/wp\/v2\/posts\/408\/revisions"}],"wp:attachment":[{"href":"https:\/\/mundobibliotecario.com.br\/index.php\/wp-json\/wp\/v2\/media?parent=408"}],"wp:term":[{"taxonomy":"category","embeddable":true,"href":"https:\/\/mundobibliotecario.com.br\/index.php\/wp-json\/wp\/v2\/categories?post=408"},{"taxonomy":"post_tag","embeddable":true,"href":"https:\/\/mundobibliotecario.com.br\/index.php\/wp-json\/wp\/v2\/tags?post=408"}],"curies":[{"name":"wp","href":"https:\/\/api.w.org\/{rel}","templated":true}]}}