{"id":410,"date":"2009-02-27T08:28:28","date_gmt":"2009-02-27T11:28:28","guid":{"rendered":"http:\/\/mundobibliotecario.wordpress.com\/?p=410"},"modified":"2009-02-27T08:28:28","modified_gmt":"2009-02-27T11:28:28","slug":"ler-um-sonho-a-mais","status":"publish","type":"post","link":"https:\/\/mundobibliotecario.com.br\/index.php\/2009\/02\/27\/ler-um-sonho-a-mais\/","title":{"rendered":"&#039;Ler: Um sonho a mais&#039;"},"content":{"rendered":"<p>Juliana Rocha \u00b7 Belo Horizonte (MG) \u00b7 8\/12\/2006 15:13<\/p>\n<p>Todos os dias \u00e0s 8h os auxiliares de biblioteca Jo\u00e3o Eust\u00e1quio Gomes Cosso e Jos\u00e9 Fernandes da Silva saem em um caminh\u00e3o recheado de livros e seguem com destino a bairros da periferia de Belo Horizonte para levar conhecimento e divers\u00e3o atrav\u00e9s da leitura para a popula\u00e7\u00e3o carente moradora desses bairros. Ao contr\u00e1rio do que pensam muitos, essas pessoas possu\u00edam o h\u00e1bito de leitura antes do atendimento do caminh\u00e3o mesmo sem contar com uma biblioteca comunit\u00e1ria em suas regi\u00f5es.<\/p>\n<p>O caminh\u00e3o, ou \u201ccarro-biblioteca\u201d, como assim \u00e9 chamada a pequena biblioteca m\u00f3vel, pertence \u00e0 Biblioteca P\u00fablica Estadual Luiz de Bessa e visita os bairros &#8211; Tupi, S\u00e3o Marcos, Jaqueline, Rio Branco e Vale do Jatob\u00e1. Cada um deles \u00e9 visitado em um dia da semana. Um grande n\u00famero dos moradores desses bairros j\u00e1 gostavam de ler e devido \u00e0 aus\u00eancia de uma biblioteca e a dificuldade de acesso \u00e0 sede da BPELB, situada na Pra\u00e7a da Liberdade, solicitaram, junto a essa, a visita semanal do carro.<\/p>\n<p>O carro-biblioteca que foi criado no ano de 1959, um ano ap\u00f3s a constru\u00e7\u00e3o da Biblioteca Estadual, surgiu a partir da necessidade de facilitar o acesso ao empr\u00e9stimo de livros \u00e0 popula\u00e7\u00e3o de bairros da periferia que n\u00e3o tinham bibliotecas. Al\u00e9m disso, foi uma maneira encontrada para estimular-lhes o h\u00e1bito de leitura a fim mobilizar os moradores a pressionar a Prefeitura de Belo Horizonte para a cria\u00e7\u00e3o de uma biblioteca.<\/p>\n<p>Anteriormente, o carro visitava dez bairros, um a cada 15 dias, por\u00e9m, segundo M\u00e1rcia Caldas de Melo, diretora de Extens\u00e3o e A\u00e7\u00e3o Regionalizada e respons\u00e1vel pelo projeto desde julho de 2004, visando atender mais intensivamente cada bairro e para evitar a perda de material devido ao tempo prolongado que cada pessoa ficava com o livro, optou-se por apenas cinco. Nessa \u00e9poca, cada bairro era visitado em um intervalo de quinze dias.<\/p>\n<p>De acordo com M\u00e1rcia, esse atendimento \u00e9 feito por dois a tr\u00eas anos em cada bairro, \u201ctempo que julgamos necess\u00e1rio para que a popula\u00e7\u00e3o se mobilize e crie sua biblioteca\u201d, diz. Os cinco atuais bairros come\u00e7aram a receber a visita em outubro de 2005 e j\u00e1 colhem seus frutos. Exemplo disso \u00e9 o bairro Rio Branco, situado na zona norte e pr\u00f3ximo \u00e0 Venda Nova que com aux\u00edlio da Par\u00f3quia S\u00e3o Geraldo, respons\u00e1vel pela solicita\u00e7\u00e3o de visita do carro, j\u00e1 planeja a constru\u00e7\u00e3o de uma biblioteca no local.<\/p>\n<p><strong>O exemplo que d\u00e1 certo<\/strong><\/p>\n<p>O Bairro Rio Branco, situado na regi\u00e3o de Venda Nova, que conta com 75 pessoas cadastradas ao empr\u00e9stimo de livro junto ao carro serve como exemplo para mostrar que este apenas facilitou o acesso aos livros. Muito antes de receber o atendimento, os seus moradores gostavam de ler e se disponibilizavam a dirigir ao centro da cidade ou \u00e0 biblioteca do Servi\u00e7o Social do Com\u00e9rcio (SESC), para alugar livros.<\/p>\n<p>Durante a manh\u00e3 de uma ter\u00e7a-feira, dia em que o bairro recebe o caminh\u00e3o, 17 pessoas, entre elas crian\u00e7as, jovens, adultos e idosos, visitaram o carro, e, indagadas sobre o h\u00e1bito de leitura, responderam sem qualquer d\u00favida que al\u00e9m de gostarem de ler, j\u00e1 mantinham o h\u00e1bito antes de receberem o \u201ccarro-biblioteca\u201d. \u201cAdoro ler, faz parte da minha vida, sempre tive h\u00e1bito de leitura\u201d diz convicto o morador Elton Ant\u00f4nio de Oliveira, que l\u00ea em m\u00e9dia 40 livros por ano. Ainda segundo ele, \u201co carro s\u00f3 serviu para influenciar ainda mais e facilitar muito o acesso\u201d. Maria Geralda Sales, servi\u00e7al da par\u00f3quia S\u00e3o Geraldo concorda com ele. Al\u00e9m de gostar de ler bastante, j\u00e1 tinha o h\u00e1bito. \u201cO carro s\u00f3 facilitou, est\u00e1 perto de casa.\u201d<\/p>\n<p>Al\u00e9m da facilidade de acesso e gosto pela leitura, os moradores concordaram em que o acervo existente corresponde \u00e0 necessidade. \u201cSempre quando n\u00e3o tem um livro que quero, na outra semana eles trazem\u201d, diz Renata Ant\u00f4nia Silva Carvalho. Para Elenice Pereira da Silva, o carro atende em todos os sentidos, informa\u00e7\u00e3o, divers\u00e3o, facilidade de acesso. Por\u00e9m, todos eles reclamam da freq\u00fc\u00eancia das visitas, acham pouco: \u201cTinha que vir duas vezes por semana\u201d, diz Eliana Almeida Souza.<\/p>\n<p>A procura \u00e9 tamanha que F\u00e1bio Rog\u00e9rio de Morais, assistente administrativo da Diocese de Belo Horizonte e respons\u00e1vel pela divulga\u00e7\u00e3o do carro na par\u00f3quia S\u00e3o Geraldo, diz que j\u00e1 h\u00e1 um estudo para a implanta\u00e7\u00e3o de uma biblioteca comunit\u00e1ria nas depend\u00eancias da igreja. A par\u00f3quia tem um papel fundamental na vida do carro neste bairro, supondo pela sua import\u00e2ncia geogr\u00e1fica: \u201cA popula\u00e7\u00e3o massiva \u00e9 cat\u00f3lica\u201d, afirma ele.<\/p>\n<p>\u201cJulgando que a leitura \u00e9 parte da cultura, \u00e9 interessante que a igreja, atrav\u00e9s do \u201cProjeto de A\u00e7\u00e3o Social\u201d, traga e ajude na divulga\u00e7\u00e3o do carro-biblioteca no bairro\u201d, afirma F\u00e1bio. Ainda segundo ele, a parceria \u00e9 bem sucedida, pois havia uma demanda grande por livros que n\u00e3o eram emprestados, uma vez que as bibliotecas existentes no bairro pertenciam a escolas e n\u00e3o eram abertas ao p\u00fablico.<\/p>\n<p>Assim, o carro-biblioteca abrange um maior p\u00fablico, al\u00e9m de honrar com a frase escrita nos dois lados de sua carroceria: \u201cLer: um sonho a mais\u201d.<\/p>\n<p>Dispon\u00edvel em: &lt;<a href=\"http:\/\/www.overmundo.com.br\/overblog\/ler-um-sonho-a-mais\">http:\/\/www.overmundo.com.br\/overblog\/ler-um-sonho-a-mais<\/a>&gt;. Acesso em: 23 fev. 2009.<\/p>\n","protected":false},"excerpt":{"rendered":"<p>Juliana Rocha \u00b7 Belo Horizonte (MG) \u00b7 8\/12\/2006 15:13 Todos os dias \u00e0s 8h os auxiliares de biblioteca Jo\u00e3o Eust\u00e1quio Gomes Cosso e Jos\u00e9 Fernandes da Silva saem em um caminh\u00e3o recheado de livros e seguem com destino a bairros da periferia de Belo Horizonte para levar conhecimento e divers\u00e3o atrav\u00e9s da leitura para a &#8230; <a title=\"&#039;Ler: Um sonho a mais&#039;\" class=\"read-more\" href=\"https:\/\/mundobibliotecario.com.br\/index.php\/2009\/02\/27\/ler-um-sonho-a-mais\/\" aria-label=\"Read more about &#039;Ler: Um sonho a mais&#039;\">Ler mais<\/a><\/p>\n","protected":false},"author":1,"featured_media":0,"comment_status":"open","ping_status":"open","sticky":false,"template":"","format":"standard","meta":{"_mi_skip_tracking":false,"_exactmetrics_sitenote_active":false,"_exactmetrics_sitenote_note":"","_exactmetrics_sitenote_category":0,"_jetpack_newsletter_access":"","footnotes":""},"categories":[60],"tags":[262,263,264],"class_list":["post-410","post","type-post","status-publish","format-standard","hentry","category-noticias","tag-biblioteca-publica-estadual-luiz-de-bessa","tag-carro-biblioteca","tag-sesc"],"jetpack_featured_media_url":"","jetpack_sharing_enabled":true,"jetpack-related-posts":[{"id":1082,"url":"https:\/\/mundobibliotecario.com.br\/index.php\/2010\/01\/30\/biblioteca-do-novo-horizonte\/","url_meta":{"origin":410,"position":0},"title":"Biblioteca do Novo Horizonte","author":"mundobibliotecario","date":"30\/01\/2010","format":false,"excerpt":"Pouco a pouco, a partir de alguns livros encontrados pelos moradores do bairro, foi montada a Biblioteca do Novo Horizonte, projeto desenvolvido em S\u00e3o Gon\u00e7alo do Sapuca\u00ed (MG) e que integra o Eixo 1 (Democratiza\u00e7\u00e3o do Acesso) do PNLL.\u00a0A biblioteca comunit\u00e1ria ainda em constru\u00e7\u00e3o, mas j\u00e1 atende crian\u00e7as e adultos\u2026","rel":"","context":"Em &quot;Not\u00edcias&quot;","block_context":{"text":"Not\u00edcias","link":"https:\/\/mundobibliotecario.com.br\/index.php\/category\/noticias\/"},"img":{"alt_text":"","src":"","width":0,"height":0},"classes":[]},{"id":287,"url":"https:\/\/mundobibliotecario.com.br\/index.php\/2009\/01\/13\/palestra-a-internet-e-a-web-20\/","url_meta":{"origin":410,"position":1},"title":"Palestra &quot;A Internet e a Web 2.0&quot;","author":"mundobibliotecario","date":"13\/01\/2009","format":false,"excerpt":"Palestrante: Ms. Wendy Zaman \u2013 Diretora Geral dos Centros de Pesquisa da Embaixada dos Estados Unidos no Brasil, Col\u00f4mbia, Paraguai e Venezuela. Dia: 16\/01\/2009 (sexta-feira) Hor\u00e1rio: 09:00 \u00e0s 11:00 Local: Audit\u00f3rio da Biblioteca P\u00fablica Luiz de Bessa \u2013 Pra\u00e7a da Liberdade \u2013 n\u00ba 21 Entrada franca \u00a0 \u00a0 Para maiores\u2026","rel":"","context":"Em &quot;Eventos&quot;","block_context":{"text":"Eventos","link":"https:\/\/mundobibliotecario.com.br\/index.php\/category\/eventos\/"},"img":{"alt_text":"","src":"","width":0,"height":0},"classes":[]},{"id":4836,"url":"https:\/\/mundobibliotecario.com.br\/index.php\/2009\/01\/13\/palestra-a-internet-e-a-web-20-2\/","url_meta":{"origin":410,"position":2},"title":"Palestra &#034;A Internet e a Web 2.0&#034;","author":"mundobibliotecario","date":"13\/01\/2009","format":false,"excerpt":"Palestrante: Ms. Wendy Zaman \u2013 Diretora Geral dos Centros de Pesquisa da Embaixada dos Estados Unidos no Brasil, Col\u00f4mbia, Paraguai e Venezuela. Dia: 16\/01\/2009 (sexta-feira) Hor\u00e1rio: 09:00 \u00e0s 11:00 Local: Audit\u00f3rio da Biblioteca P\u00fablica Luiz de Bessa \u2013 Pra\u00e7a da Liberdade \u2013 n\u00ba 21 Entrada franca \u00a0 \u00a0 Para maiores\u2026","rel":"","context":"Em &quot;Eventos&quot;","block_context":{"text":"Eventos","link":"https:\/\/mundobibliotecario.com.br\/index.php\/category\/eventos\/"},"img":{"alt_text":"","src":"","width":0,"height":0},"classes":[]},{"id":5153,"url":"https:\/\/mundobibliotecario.com.br\/index.php\/2019\/06\/10\/biblioteca-infantojuvenil-reabrira-mais-ampla-e-moderna\/","url_meta":{"origin":410,"position":3},"title":"Biblioteca Infantojuvenil reabrir\u00e1 mais ampla e moderna","author":"mundobibliotecario","date":"10\/06\/2019","format":false,"excerpt":"A Biblioteca Infantil ofertar\u00e1 novos projetos e atividades ao p\u00fablico infantojuvenil (Foto: Eug\u00eanio Barreto) \u00a0 Antes denominada Biblioteca Infantil Agla\u00e9 Fontes de Alencar, as instala\u00e7\u00f5es f\u00edsicas que guardam o acervo infantojuvenil da Biblioteca P\u00fablica Epiphanio D\u00f3ria passam por readequa\u00e7\u00f5es que tornam o espa\u00e7o de acolhimento mais amplo, din\u00e2mico, funcional, c\u00f4modo\u2026","rel":"","context":"Em &quot;Not\u00edcias&quot;","block_context":{"text":"Not\u00edcias","link":"https:\/\/mundobibliotecario.com.br\/index.php\/category\/noticias\/"},"img":{"alt_text":"","src":"","width":0,"height":0},"classes":[]},{"id":473,"url":"https:\/\/mundobibliotecario.com.br\/index.php\/2009\/03\/20\/circuito-da-leitura\/","url_meta":{"origin":410,"position":4},"title":"Circuito da Leitura","author":"mundobibliotecario","date":"20\/03\/2009","format":false,"excerpt":"A Associa\u00e7\u00e3o dos Amigos das Bibliotecas Comunit\u00e1rias da Regi\u00e3o Metropolitana de Belo Horizonte - SABIC-BH est\u00e1 desenvolvendo a Campanha Circuito da Leitura. O projeto integra o Eixo 1 do PNLL (Democratiza\u00e7\u00e3o do Acesso) e visa potencializar, centralizar, avaliar e selecionar as doa\u00e7\u00f5es a serem distribu\u00eddas a 18 bibliotecas comunit\u00e1rias, com\u2026","rel":"","context":"Em &quot;Not\u00edcias&quot;","block_context":{"text":"Not\u00edcias","link":"https:\/\/mundobibliotecario.com.br\/index.php\/category\/noticias\/"},"img":{"alt_text":"","src":"","width":0,"height":0},"classes":[]},{"id":3731,"url":"https:\/\/mundobibliotecario.com.br\/index.php\/2015\/05\/31\/ccj-da-aval-a-projeto-de-classificacao-de-acervo-literario\/","url_meta":{"origin":410,"position":5},"title":"CCJ d\u00e1 aval a projeto de classifica\u00e7\u00e3o de acervo liter\u00e1rio","author":"mundobibliotecario","date":"31\/05\/2015","format":false,"excerpt":"By ALAMO | Published: 27 DE MAIO DE 2015 Projeto de Lei 347\/15 determina que bibliotecas p\u00fablicas classifiquem obras conforme faixa et\u00e1ria. Na reuni\u00e3o da manh\u00e3 do dia\u00a019 de maio, a Comiss\u00e3o de Constitui\u00e7\u00e3o e Justi\u00e7a (CCJ) da Assembleia Legislativa de Minas Gerais (ALMG) aprovou parecer pela legalidade do Projeto\u2026","rel":"","context":"Em &quot;Not\u00edcias&quot;","block_context":{"text":"Not\u00edcias","link":"https:\/\/mundobibliotecario.com.br\/index.php\/category\/noticias\/"},"img":{"alt_text":"O Projeto de Lei 347\/15 segue agora para an\u00c3\u00a1lise da Comiss\u00c3\u00a3o de Cultura","src":"https:\/\/i0.wp.com\/blog.crb6.org.br\/wp-content\/uploads\/2015\/05\/Projeto-de-Lei-PL-347-15.jpg?resize=350%2C200","width":350,"height":200},"classes":[]}],"jetpack_likes_enabled":true,"jetpack_shortlink":"https:\/\/wp.me\/pcbzwa-6C","_links":{"self":[{"href":"https:\/\/mundobibliotecario.com.br\/index.php\/wp-json\/wp\/v2\/posts\/410","targetHints":{"allow":["GET"]}}],"collection":[{"href":"https:\/\/mundobibliotecario.com.br\/index.php\/wp-json\/wp\/v2\/posts"}],"about":[{"href":"https:\/\/mundobibliotecario.com.br\/index.php\/wp-json\/wp\/v2\/types\/post"}],"author":[{"embeddable":true,"href":"https:\/\/mundobibliotecario.com.br\/index.php\/wp-json\/wp\/v2\/users\/1"}],"replies":[{"embeddable":true,"href":"https:\/\/mundobibliotecario.com.br\/index.php\/wp-json\/wp\/v2\/comments?post=410"}],"version-history":[{"count":0,"href":"https:\/\/mundobibliotecario.com.br\/index.php\/wp-json\/wp\/v2\/posts\/410\/revisions"}],"wp:attachment":[{"href":"https:\/\/mundobibliotecario.com.br\/index.php\/wp-json\/wp\/v2\/media?parent=410"}],"wp:term":[{"taxonomy":"category","embeddable":true,"href":"https:\/\/mundobibliotecario.com.br\/index.php\/wp-json\/wp\/v2\/categories?post=410"},{"taxonomy":"post_tag","embeddable":true,"href":"https:\/\/mundobibliotecario.com.br\/index.php\/wp-json\/wp\/v2\/tags?post=410"}],"curies":[{"name":"wp","href":"https:\/\/api.w.org\/{rel}","templated":true}]}}