{"id":4109,"date":"2015-12-15T00:00:15","date_gmt":"2015-12-15T02:00:15","guid":{"rendered":"http:\/\/mundobibliotecario.com.br\/?p=4109"},"modified":"2020-07-11T14:06:20","modified_gmt":"2020-07-11T16:06:20","slug":"novo-endereco-www-mundobibliotecario-com-br","status":"publish","type":"post","link":"https:\/\/mundobibliotecario.com.br\/index.php\/2015\/12\/15\/novo-endereco-www-mundobibliotecario-com-br\/","title":{"rendered":"Novo endere\u00e7o: www.mundobibliotecario.com.br"},"content":{"rendered":"<p>\u00c9 com muita satisfa\u00e7\u00e3o que informo&nbsp;que a&nbsp;partir de 15\/12\/2015 o Mundo Bibliotec\u00e1rio passar\u00e1 a ter um dom\u00ednio pr\u00f3prio:&nbsp;<a href=\"http:\/\/www.mundobibliotecario.com.br\">www.mundobibliotecario.com.br<\/a>. Caso voc\u00ea tenha o antigo endere\u00e7o (<a href=\"http:\/\/mundobibliotecario.wordpress.com\">http:\/\/mundobibliotecario.wordpress.com<\/a>) salvo nos seus Favoritos ou em alguma nuvem, pode deix\u00e1-lo l\u00e1 que voc\u00ea ser\u00e1 automaticamente transferido para o novo endere\u00e7o.<\/p>\n<p>O site ainda est\u00e1 em fase de testes e ir\u00e1 passar por mais alguns ajustes at\u00e9 sua adequa\u00e7\u00e3o. Enquanto isso, o que voc\u00ea sugere de melhorias? Deixe seu coment\u00e1rio!<\/p>\n","protected":false},"excerpt":{"rendered":"<p>\u00c9 com muita satisfa\u00e7\u00e3o que informo&nbsp;que a&nbsp;partir de 15\/12\/2015 o Mundo Bibliotec\u00e1rio passar\u00e1 a ter um dom\u00ednio pr\u00f3prio:&nbsp;www.mundobibliotecario.com.br. Caso voc\u00ea tenha o antigo endere\u00e7o (http:\/\/mundobibliotecario.wordpress.com) salvo nos seus Favoritos ou em alguma nuvem, pode deix\u00e1-lo l\u00e1 que voc\u00ea ser\u00e1 automaticamente transferido para o novo endere\u00e7o. O site ainda est\u00e1 em fase de testes e ir\u00e1 &#8230; <a title=\"Novo endere\u00e7o: www.mundobibliotecario.com.br\" class=\"read-more\" href=\"https:\/\/mundobibliotecario.com.br\/index.php\/2015\/12\/15\/novo-endereco-www-mundobibliotecario-com-br\/\" aria-label=\"Read more about Novo endere\u00e7o: www.mundobibliotecario.com.br\">Ler mais<\/a><\/p>\n","protected":false},"author":1,"featured_media":0,"comment_status":"open","ping_status":"open","sticky":false,"template":"","format":"standard","meta":{"_mi_skip_tracking":false,"_exactmetrics_sitenote_active":false,"_exactmetrics_sitenote_note":"","_exactmetrics_sitenote_category":0,"_jetpack_newsletter_access":"","footnotes":""},"categories":[60],"tags":[23,1302],"class_list":["post-4109","post","type-post","status-publish","format-standard","hentry","category-noticias","tag-blog","tag-dominio"],"jetpack_featured_media_url":"","jetpack_sharing_enabled":true,"jetpack-related-posts":[{"id":4932,"url":"https:\/\/mundobibliotecario.com.br\/index.php\/2015\/12\/15\/novo-endereco-www-mundobibliotecario-com-br-2\/","url_meta":{"origin":4109,"position":0},"title":"Novo endere\u00e7o: www.mundobibliotecario.com.br","author":"mundobibliotecario","date":"15\/12\/2015","format":false,"excerpt":"\u00c9 com muita satisfa\u00e7\u00e3o que informo\u00a0que a\u00a0partir de 15\/12\/2015 o Mundo Bibliotec\u00e1rio passar\u00e1 a ter um dom\u00ednio pr\u00f3prio:\u00a0www.mundobibliotecario.com.br. Caso voc\u00ea tenha o antigo endere\u00e7o (http:\/\/mundobibliotecario.wordpress.com) salvo nos seus Favoritos ou em alguma nuvem, pode deix\u00e1-lo l\u00e1 que voc\u00ea ser\u00e1 automaticamente transferido para o novo endere\u00e7o. O site ainda est\u00e1 em\u2026","rel":"","context":"Em &quot;Not\u00edcias&quot;","block_context":{"text":"Not\u00edcias","link":"https:\/\/mundobibliotecario.com.br\/index.php\/category\/noticias\/"},"img":{"alt_text":"","src":"","width":0,"height":0},"classes":[]},{"id":2816,"url":"https:\/\/mundobibliotecario.com.br\/index.php\/2013\/01\/28\/consulte-enciclopedias-e-bibliotecas-virtuais-de-todo-o-mundo\/","url_meta":{"origin":4109,"position":1},"title":"Consulte enciclop\u00e9dias e bibliotecas virtuais de todo o mundo","author":"mundobibliotecario","date":"28\/01\/2013","format":false,"excerpt":"Plataformas oferecem conte\u00fados em texto, \u00e1udio e v\u00eddeo em diversos idiomas Milhares de arquivos e documentos hist\u00f3ricos em apenas alguns cliques. Foto: Reprodu\u00e7\u00e3o Em mar\u00e7o deste ano, a famosa Encycloapedia Britannica deixou de circular em papel e passou a atuar apenas no universo digital. Uma consequ\u00eancia do avan\u00e7o da internet\u2026","rel":"","context":"Em &quot;Not\u00edcias&quot;","block_context":{"text":"Not\u00edcias","link":"https:\/\/mundobibliotecario.com.br\/index.php\/category\/noticias\/"},"img":{"alt_text":"","src":"","width":0,"height":0},"classes":[]},{"id":3678,"url":"https:\/\/mundobibliotecario.com.br\/index.php\/2015\/01\/13\/obras-importantes-no-mundo-passam-para-o-dominio-publico\/","url_meta":{"origin":4109,"position":2},"title":"Obras importantes no mundo passam para o dom\u00ednio p\u00fablico","author":"mundobibliotecario","date":"13\/01\/2015","format":false,"excerpt":"Entre as cria\u00e7\u00f5es que perdem os direitos autorais a partir de janeiro de 2015 est\u00e3o cl\u00e1ssicos como O Pequeno Pr\u00edncipe, de Antoine de Saint-Exup\u00e9ry Da reda\u00e7\u00e3o\u00a0Publica\u00e7\u00e3o:05\/01\/2015 15:10\u00a0Atualiza\u00e7\u00e3o:05\/01\/2015 16:12 O famoso quadro O Grito, do pintor noruegu\u00eas Edvard Munch, \u00e9 uma das novas obras em dom\u00ednio p\u00fablico a partir de 2015\u2026","rel":"","context":"Em &quot;Not\u00edcias&quot;","block_context":{"text":"Not\u00edcias","link":"https:\/\/mundobibliotecario.com.br\/index.php\/category\/noticias\/"},"img":{"alt_text":"","src":"","width":0,"height":0},"classes":[]},{"id":2696,"url":"https:\/\/mundobibliotecario.com.br\/index.php\/2012\/08\/19\/como-avaliar-a-informacao-checklist\/","url_meta":{"origin":4109,"position":3},"title":"Como avaliar a informa\u00e7\u00e3o &#8211; Checklist","author":"mundobibliotecario","date":"19\/08\/2012","format":false,"excerpt":"Identifique a fonte Quem est\u00e1 fornecendo a informa\u00e7\u00e3o? Verifique a propriedade do dom\u00ednio. Olhe o Whois no Domain Tools. Utilit\u00e1rios em CentralOps.net Aprenda como decodificar um endere\u00e7o da Web e detectar a falsifica\u00e7\u00e3o de site. Leia \"sobre n\u00f3s\" e a biografia do autor. Examine os links de e para outros\u2026","rel":"","context":"Em &quot;Not\u00edcias&quot;","block_context":{"text":"Not\u00edcias","link":"https:\/\/mundobibliotecario.com.br\/index.php\/category\/noticias\/"},"img":{"alt_text":"","src":"","width":0,"height":0},"classes":[]},{"id":5692,"url":"https:\/\/mundobibliotecario.com.br\/index.php\/2020\/07\/11\/bibliotecario-crie-seu-site-com-dominio-bib\/","url_meta":{"origin":4109,"position":4},"title":"Bibliotec\u00e1rio: crie seu site com dom\u00ednio .bib!","author":"mundobibliotecario","date":"11\/07\/2020","format":false,"excerpt":"A partir de 20\/07\/20, \u00e0s 19h00, o Registro.br disponibilizar\u00e1 dom\u00ednios novos nas categorias \"gen\u00e9rico\" e \"profissionais liberais\". A boa not\u00edcia \u00e9: ser\u00e1 disponibilizado o dom\u00ednio BIB.BR para Bibliotec\u00e1rios \/ Biblioteconomistas! Se voc\u00ea pretende criar um site, seja para divulgar seu trabalho ou oferecer servi\u00e7os, \u00e9 uma boa dica para registrar\u2026","rel":"","context":"Em &quot;Not\u00edcias&quot;","block_context":{"text":"Not\u00edcias","link":"https:\/\/mundobibliotecario.com.br\/index.php\/category\/noticias\/"},"img":{"alt_text":"","src":"https:\/\/i0.wp.com\/mundobibliotecario.com.br\/wp-content\/uploads\/2020\/07\/web-site-1706400_1920.png?resize=350%2C200&ssl=1","width":350,"height":200},"classes":[]},{"id":4453,"url":"https:\/\/mundobibliotecario.com.br\/index.php\/2017\/01\/06\/obras-de-h-g-wells-e-gertrude-stein-passam-a-ser-de-dominio-publico-este-ano\/","url_meta":{"origin":4109,"position":5},"title":"Obras de H.G. Wells e Gertrude Stein passam a ser de dom\u00ednio p\u00fablico este ano","author":"mundobibliotecario","date":"06\/01\/2017","format":false,"excerpt":"As obras de H.G. Wells, Gertrude Stein e do brasileiro Pr\u00edncipe Pretinho passaram a ser de dom\u00ednio p\u00fablico a partir de 1\u00ba de janeiro, ou seja, podem ser copiadas, reproduzidas e remixadas sem restri\u00e7\u00f5es de direitos autorais nem necessidade de pagamento ou autoriza\u00e7\u00e3o. Tradicionalmente, o primeiro dia do ano marca\u2026","rel":"","context":"Em &quot;Not\u00edcias&quot;","block_context":{"text":"Not\u00edcias","link":"https:\/\/mundobibliotecario.com.br\/index.php\/category\/noticias\/"},"img":{"alt_text":"","src":"","width":0,"height":0},"classes":[]}],"jetpack_likes_enabled":true,"jetpack_shortlink":"https:\/\/wp.me\/pcbzwa-14h","_links":{"self":[{"href":"https:\/\/mundobibliotecario.com.br\/index.php\/wp-json\/wp\/v2\/posts\/4109","targetHints":{"allow":["GET"]}}],"collection":[{"href":"https:\/\/mundobibliotecario.com.br\/index.php\/wp-json\/wp\/v2\/posts"}],"about":[{"href":"https:\/\/mundobibliotecario.com.br\/index.php\/wp-json\/wp\/v2\/types\/post"}],"author":[{"embeddable":true,"href":"https:\/\/mundobibliotecario.com.br\/index.php\/wp-json\/wp\/v2\/users\/1"}],"replies":[{"embeddable":true,"href":"https:\/\/mundobibliotecario.com.br\/index.php\/wp-json\/wp\/v2\/comments?post=4109"}],"version-history":[{"count":2,"href":"https:\/\/mundobibliotecario.com.br\/index.php\/wp-json\/wp\/v2\/posts\/4109\/revisions"}],"predecessor-version":[{"id":5685,"href":"https:\/\/mundobibliotecario.com.br\/index.php\/wp-json\/wp\/v2\/posts\/4109\/revisions\/5685"}],"wp:attachment":[{"href":"https:\/\/mundobibliotecario.com.br\/index.php\/wp-json\/wp\/v2\/media?parent=4109"}],"wp:term":[{"taxonomy":"category","embeddable":true,"href":"https:\/\/mundobibliotecario.com.br\/index.php\/wp-json\/wp\/v2\/categories?post=4109"},{"taxonomy":"post_tag","embeddable":true,"href":"https:\/\/mundobibliotecario.com.br\/index.php\/wp-json\/wp\/v2\/tags?post=4109"}],"curies":[{"name":"wp","href":"https:\/\/api.w.org\/{rel}","templated":true}]}}