{"id":4117,"date":"2008-08-17T21:36:30","date_gmt":"2008-08-18T00:36:30","guid":{"rendered":"http:\/\/mundobibliotecario.wordpress.com\/?p=53"},"modified":"2020-07-21T23:53:32","modified_gmt":"2020-07-22T02:53:32","slug":"ix-enancib-diversidade-cultural-e-politicas-de-informacao-2","status":"publish","type":"post","link":"https:\/\/mundobibliotecario.com.br\/index.php\/2008\/08\/17\/ix-enancib-diversidade-cultural-e-politicas-de-informacao-2\/","title":{"rendered":"IX ENANCIB &#8211; &quot;Diversidade Cultural e Pol\u00edticas de Informa\u00e7\u00e3o&quot;"},"content":{"rendered":"<p>O ENANCIB 2008 (Encontro Nacional de Pesquisa em Ci\u00eancia da Informa\u00e7\u00e3o) tem como tema de sua IX edi\u00e7\u00e3o &#8220;Diversidade Cultural e Pol\u00edticas de Informa\u00e7\u00e3o&#8221;. O evento \u00e9 promovido pela ANCIB (Associa\u00e7\u00e3o Nacional de Pesquisa e P\u00f3s-Gradua\u00e7\u00e3o em Ci\u00eancia da Informa\u00e7\u00e3o) desde 1994.<br \/>\nAs edi\u00e7\u00f5es anteriores do evento permitiram verificar o andamento das pesquisas realizadas na \u00e1rea, assim como temas pouco explorados que merecem ser aprofundados. Al\u00e9m disso, o evento permite a apresenta\u00e7\u00e3o e a discuss\u00e3o dos trabalhos de pesquisadores dos diversos programas de p\u00f3s-gradua\u00e7\u00e3o brasileiros em Ci\u00eancia da Informa\u00e7\u00e3o.<br \/>\nAs inscri\u00e7\u00f5es podem ser feitas no site  ENANCIB 2008.<\/p>\n","protected":false},"excerpt":{"rendered":"<p>O ENANCIB 2008 (Encontro Nacional de Pesquisa em Ci\u00eancia da Informa\u00e7\u00e3o) tem como tema de sua IX edi\u00e7\u00e3o &#8220;Diversidade Cultural e Pol\u00edticas de Informa\u00e7\u00e3o&#8221;. O evento \u00e9 promovido pela ANCIB (Associa\u00e7\u00e3o Nacional de Pesquisa e P\u00f3s-Gradua\u00e7\u00e3o em Ci\u00eancia da Informa\u00e7\u00e3o) desde 1994. As edi\u00e7\u00f5es anteriores do evento permitiram verificar o andamento das pesquisas realizadas na &#8230; <a title=\"IX ENANCIB &#8211; &quot;Diversidade Cultural e Pol\u00edticas de Informa\u00e7\u00e3o&quot;\" class=\"read-more\" href=\"https:\/\/mundobibliotecario.com.br\/index.php\/2008\/08\/17\/ix-enancib-diversidade-cultural-e-politicas-de-informacao-2\/\" aria-label=\"Read more about IX ENANCIB &#8211; &quot;Diversidade Cultural e Pol\u00edticas de Informa\u00e7\u00e3o&quot;\">Ler mais<\/a><\/p>\n","protected":false},"author":1,"featured_media":0,"comment_status":"open","ping_status":"open","sticky":false,"template":"","format":"standard","meta":{"_mi_skip_tracking":false,"_exactmetrics_sitenote_active":false,"_exactmetrics_sitenote_note":"","_exactmetrics_sitenote_category":0,"_jetpack_newsletter_access":"","footnotes":""},"categories":[27],"tags":[40,41,42],"class_list":["post-4117","post","type-post","status-publish","format-standard","hentry","category-eventos","tag-ciencia-da-informacao","tag-enancib-2008","tag-pos-graduacao"],"jetpack_featured_media_url":"","jetpack_sharing_enabled":true,"jetpack-related-posts":[{"id":53,"url":"https:\/\/mundobibliotecario.com.br\/index.php\/2008\/08\/17\/ix-enancib-diversidade-cultural-e-politicas-de-informacao\/","url_meta":{"origin":4117,"position":0},"title":"IX ENANCIB &#8211; &#8220;Diversidade Cultural e Pol\u00edticas de Informa\u00e7\u00e3o&#8221;","author":"mundobibliotecario","date":"17\/08\/2008","format":false,"excerpt":"O ENANCIB 2008 (Encontro Nacional de Pesquisa em Ci\u00eancia da Informa\u00e7\u00e3o) tem como tema de sua IX edi\u00e7\u00e3o \"Diversidade Cultural e Pol\u00edticas de Informa\u00e7\u00e3o\". O evento \u00e9 promovido pela ANCIB (Associa\u00e7\u00e3o Nacional de Pesquisa e P\u00f3s-Gradua\u00e7\u00e3o em Ci\u00eancia da Informa\u00e7\u00e3o) desde 1994. As edi\u00e7\u00f5es anteriores do evento permitiram verificar o\u2026","rel":"","context":"Em &quot;Eventos&quot;","block_context":{"text":"Eventos","link":"https:\/\/mundobibliotecario.com.br\/index.php\/category\/eventos\/"},"img":{"alt_text":"","src":"","width":0,"height":0},"classes":[]},{"id":4830,"url":"https:\/\/mundobibliotecario.com.br\/index.php\/2008\/08\/17\/ix-enancib-diversidade-cultural-e-politicas-de-informacao-2-2\/","url_meta":{"origin":4117,"position":1},"title":"IX ENANCIB &#8211; &#034;Diversidade Cultural e Pol\u00edticas de Informa\u00e7\u00e3o&#034;","author":"mundobibliotecario","date":"17\/08\/2008","format":false,"excerpt":"O ENANCIB 2008 (Encontro Nacional de Pesquisa em Ci\u00eancia da Informa\u00e7\u00e3o) tem como tema de sua IX edi\u00e7\u00e3o \"Diversidade Cultural e Pol\u00edticas de Informa\u00e7\u00e3o\". O evento \u00e9 promovido pela ANCIB (Associa\u00e7\u00e3o Nacional de Pesquisa e P\u00f3s-Gradua\u00e7\u00e3o em Ci\u00eancia da Informa\u00e7\u00e3o) desde 1994. As edi\u00e7\u00f5es anteriores do evento permitiram verificar o\u2026","rel":"","context":"Em &quot;Eventos&quot;","block_context":{"text":"Eventos","link":"https:\/\/mundobibliotecario.com.br\/index.php\/category\/eventos\/"},"img":{"alt_text":"","src":"","width":0,"height":0},"classes":[]},{"id":785,"url":"https:\/\/mundobibliotecario.com.br\/index.php\/2009\/08\/01\/x-enancib\/","url_meta":{"origin":4117,"position":2},"title":"X ENANCIB","author":"mundobibliotecario","date":"01\/08\/2009","format":false,"excerpt":"Tema Central: Responsabilidade Social da Ci\u00eancia da Informa\u00e7\u00e3o \u00a0 Data: De 25 a 28\/10\/2009 \u00a0 Local: Universidade Federal da Para\u00edba Campus Universit\u00e1rio I - Jo\u00e3o Pessoa - PB \u00a0 Promo\u00e7\u00e3o: ANCIB - Associa\u00e7\u00e3o Nacional de Pesquisa e P\u00f3s-Gradua\u00e7\u00e3o em Ci\u00eancia da Informa\u00e7\u00e3o \u00a0 Realiza\u00e7\u00e3o: Programa de P\u00f3s-Gradua\u00e7\u00e3o em Ci\u00eancia da\u2026","rel":"","context":"Em &quot;Eventos&quot;","block_context":{"text":"Eventos","link":"https:\/\/mundobibliotecario.com.br\/index.php\/category\/eventos\/"},"img":{"alt_text":"","src":"","width":0,"height":0},"classes":[]},{"id":3087,"url":"https:\/\/mundobibliotecario.com.br\/index.php\/2013\/04\/18\/inscricoes-abertas-para-a-ix-semana-a-pos-graduacao-da-eesc-na-biblioteca\/","url_meta":{"origin":4117,"position":3},"title":"Inscri\u00e7\u00f5es abertas para a IX Semana A P\u00f3s-Gradua\u00e7\u00e3o da EESC na Biblioteca","author":"mundobibliotecario","date":"18\/04\/2013","format":false,"excerpt":"A Escola de Engenharia de S\u00e3o Carlos (EESC) da USP realiza, entre os dias 23 e 25 de abril, a 9\u00aa Semana\u00a0A P\u00f3s-Gradua\u00e7\u00e3o da EESC na Biblioteca. O evento \u00e9 destinado aos alunos de p\u00f3s-gradua\u00e7\u00e3o da Escola, de outras unidades do campus e tamb\u00e9m de outras universidades e institui\u00e7\u00f5es. A\u2026","rel":"","context":"Em &quot;Eventos&quot;","block_context":{"text":"Eventos","link":"https:\/\/mundobibliotecario.com.br\/index.php\/category\/eventos\/"},"img":{"alt_text":"","src":"","width":0,"height":0},"classes":[]},{"id":3704,"url":"https:\/\/mundobibliotecario.com.br\/index.php\/2015\/04\/08\/resumo-da-palestra-a-pos-graduacao-em-ciencia-da-informacao-no-brasil\/","url_meta":{"origin":4117,"position":4},"title":"Resumo da palestra &quot;A P\u00f3s-Gradua\u00e7\u00e3o em Ci\u00eancia da Informa\u00e7\u00e3o no Brasil&quot;","author":"mundobibliotecario","date":"08\/04\/2015","format":false,"excerpt":"No dia 6\/4, o Departamento de Ci\u00eancia da Informa\u00e7\u00e3o da UFSCar promoveu a palestra\u00a0\"A P\u00f3s-Gradua\u00e7\u00e3o em Ci\u00eancia da Informa\u00e7\u00e3o no Brasil\", proferida pela Prof\u00aa Dr\u00aa Marisa Br\u00e4scher Basilio Medeiros, do\u00a0Departamento de Ci\u00eancia da Informa\u00e7\u00e3o da UFSC e\u00a0representante da \u00e1rea de Ci\u00eancia da Informa\u00e7\u00e3o na CAPES. A apresenta\u00e7\u00e3o teve in\u00edcio com\u2026","rel":"","context":"Em &quot;Eventos&quot;","block_context":{"text":"Eventos","link":"https:\/\/mundobibliotecario.com.br\/index.php\/category\/eventos\/"},"img":{"alt_text":"","src":"","width":0,"height":0},"classes":[]},{"id":4926,"url":"https:\/\/mundobibliotecario.com.br\/index.php\/2015\/04\/08\/resumo-da-palestra-a-pos-graduacao-em-ciencia-da-informacao-no-brasil-2\/","url_meta":{"origin":4117,"position":5},"title":"Resumo da palestra &#8220;A P\u00f3s-Gradua\u00e7\u00e3o em Ci\u00eancia da Informa\u00e7\u00e3o no Brasil&#8221;","author":"mundobibliotecario","date":"08\/04\/2015","format":false,"excerpt":"No dia 6\/4, o Departamento de Ci\u00eancia da Informa\u00e7\u00e3o da UFSCar promoveu a palestra\u00a0\"A P\u00f3s-Gradua\u00e7\u00e3o em Ci\u00eancia da Informa\u00e7\u00e3o no Brasil\", proferida pela Prof\u00aa Dr\u00aa Marisa Br\u00e4scher Basilio Medeiros, do\u00a0Departamento de Ci\u00eancia da Informa\u00e7\u00e3o da UFSC e\u00a0representante da \u00e1rea de Ci\u00eancia da Informa\u00e7\u00e3o na CAPES. A apresenta\u00e7\u00e3o teve in\u00edcio com\u2026","rel":"","context":"Em &quot;Eventos&quot;","block_context":{"text":"Eventos","link":"https:\/\/mundobibliotecario.com.br\/index.php\/category\/eventos\/"},"img":{"alt_text":"","src":"","width":0,"height":0},"classes":[]}],"jetpack_likes_enabled":true,"jetpack_shortlink":"https:\/\/wp.me\/pcbzwa-14p","_links":{"self":[{"href":"https:\/\/mundobibliotecario.com.br\/index.php\/wp-json\/wp\/v2\/posts\/4117","targetHints":{"allow":["GET"]}}],"collection":[{"href":"https:\/\/mundobibliotecario.com.br\/index.php\/wp-json\/wp\/v2\/posts"}],"about":[{"href":"https:\/\/mundobibliotecario.com.br\/index.php\/wp-json\/wp\/v2\/types\/post"}],"author":[{"embeddable":true,"href":"https:\/\/mundobibliotecario.com.br\/index.php\/wp-json\/wp\/v2\/users\/1"}],"replies":[{"embeddable":true,"href":"https:\/\/mundobibliotecario.com.br\/index.php\/wp-json\/wp\/v2\/comments?post=4117"}],"version-history":[{"count":1,"href":"https:\/\/mundobibliotecario.com.br\/index.php\/wp-json\/wp\/v2\/posts\/4117\/revisions"}],"predecessor-version":[{"id":7091,"href":"https:\/\/mundobibliotecario.com.br\/index.php\/wp-json\/wp\/v2\/posts\/4117\/revisions\/7091"}],"wp:attachment":[{"href":"https:\/\/mundobibliotecario.com.br\/index.php\/wp-json\/wp\/v2\/media?parent=4117"}],"wp:term":[{"taxonomy":"category","embeddable":true,"href":"https:\/\/mundobibliotecario.com.br\/index.php\/wp-json\/wp\/v2\/categories?post=4117"},{"taxonomy":"post_tag","embeddable":true,"href":"https:\/\/mundobibliotecario.com.br\/index.php\/wp-json\/wp\/v2\/tags?post=4117"}],"curies":[{"name":"wp","href":"https:\/\/api.w.org\/{rel}","templated":true}]}}