{"id":417,"date":"2009-02-26T08:46:35","date_gmt":"2009-02-26T11:46:35","guid":{"rendered":"http:\/\/mundobibliotecario.wordpress.com\/?p=417"},"modified":"2020-07-21T23:25:42","modified_gmt":"2020-07-22T02:25:42","slug":"cursos-content-digital-2009","status":"publish","type":"post","link":"https:\/\/mundobibliotecario.com.br\/index.php\/2009\/02\/26\/cursos-content-digital-2009\/","title":{"rendered":"Cursos Content Digital 2009"},"content":{"rendered":"<p>CURSOS CONTENT DIGITAL 2009<br \/>\n(<a href=\"http:\/\/www.contentdigital.com.br\">www.contentdigital.com.br<\/a>)<br \/>\nPROGRAME-SE para aproveitar os cursos de seu interesse, em nossa<br \/>\ngrade enriquecida de cursos em gest\u00e3o de conte\u00fado , gest\u00e3o do<br \/>\nconhecimento e ambientes digitais, com consultores que est\u00e3o nas<br \/>\nlinhas de frente em suas \u00e1reas de atua\u00e7\u00e3o.<br \/>\nRESERVE desde j\u00e1 sua vaga no curso aberto ou consulte sobre cursos in-<br \/>\ncompany: content@contentdigital.com.br .<br \/>\nDIVULGUE!<br \/>\n__________________________________________________________<br \/>\n24\/3 Gest\u00e3o de projetos de documenta\u00e7\u00e3o: do ambiente f\u00edsico para o<br \/>\ndigital<br \/>\nElizete S\u00e1, s\u00f3cia da Informare Consultoria, ex-gerente na Copene e<br \/>\nBraskem<br \/>\n__________________________________________________________<br \/>\n31\/3 An\u00e1lise de redes sociais e suas aplica\u00e7\u00f5es organizacionais<br \/>\nClara Pel\u00e1ez Alvarez, pesquisadora e s\u00f3cia na Neuroredes<br \/>\n__________________________________________________________<br \/>\n15\/4 Unidades de informa\u00e7\u00e3o e bibliotecas 2.0: conceitos,<br \/>\nestrat\u00e9gias e tecnologias<br \/>\nRenate Landshoff, s\u00f3cia da Content Digital, docente na Escola de<br \/>\nBiblioteconomia e Ci\u00eancia da Informa\u00e7\u00e3o da Funda\u00e7\u00e3o Escola de<br \/>\nSociologia e Pol\u00edtica de S\u00e3o Paulo<br \/>\n__________________________________________________________<br \/>\nEM BREVE a programa\u00e7\u00e3o detalhada dos seguintes cursos:<br \/>\n28\/4 Conceitos e aplica\u00e7\u00f5es de wikis corporativos e sua integra\u00e7\u00e3o<br \/>\ncom intranets<br \/>\n12\/5 Oficina pr\u00e1tica: blogs e agregadores de feeds (RSS) para uso<br \/>\ncorporativo<br \/>\n28\/5 A estrat\u00e9gia de redes nas organiza\u00e7\u00f5es: din\u00e2micas de<br \/>\ncoordena\u00e7\u00e3o e opera\u00e7\u00e3o<br \/>\n9\/6 Oficina pr\u00e1tica: aplica\u00e7\u00f5es de wikis corporativos com a<br \/>\nferramenta da Wikipedia<br \/>\n16\/6 Comunica\u00e7\u00e3o interna alavancada por redes sociais<br \/>\n25\/6 Narrativas e suas aplica\u00e7\u00f5es na gest\u00e3o do conhecimento<br \/>\ncorporativo<br \/>\n01\/07 Constru\u00e7\u00e3o de taxonomia em ambientes corporativos<\/p>\n","protected":false},"excerpt":{"rendered":"<p>CURSOS CONTENT DIGITAL 2009 (www.contentdigital.com.br) PROGRAME-SE para aproveitar os cursos de seu interesse, em nossa grade enriquecida de cursos em gest\u00e3o de conte\u00fado , gest\u00e3o do conhecimento e ambientes digitais, com consultores que est\u00e3o nas linhas de frente em suas \u00e1reas de atua\u00e7\u00e3o. RESERVE desde j\u00e1 sua vaga no curso aberto ou consulte sobre cursos &#8230; <a title=\"Cursos Content Digital 2009\" class=\"read-more\" href=\"https:\/\/mundobibliotecario.com.br\/index.php\/2009\/02\/26\/cursos-content-digital-2009\/\" aria-label=\"Read more about Cursos Content Digital 2009\">Ler mais<\/a><\/p>\n","protected":false},"author":1,"featured_media":0,"comment_status":"open","ping_status":"open","sticky":false,"template":"","format":"standard","meta":{"_mi_skip_tracking":false,"_exactmetrics_sitenote_active":false,"_exactmetrics_sitenote_note":"","_exactmetrics_sitenote_category":0,"_jetpack_newsletter_access":"","footnotes":""},"categories":[252],"tags":[265,1372,23,267,268,101,269,270,271],"class_list":["post-417","post","type-post","status-publish","format-standard","hentry","category-curso","tag-ambientes-digitais","tag-biblioteca-2-0","tag-blog","tag-content-digital","tag-gestao-de-conteudo","tag-gestao-do-conhecimento","tag-redes-sociais","tag-rss","tag-wiki"],"jetpack_featured_media_url":"","jetpack_sharing_enabled":true,"jetpack-related-posts":[{"id":924,"url":"https:\/\/mundobibliotecario.com.br\/index.php\/2009\/10\/18\/curso-analise-e-interpretacao-da-abnt-nbr-iso-140012004\/","url_meta":{"origin":417,"position":0},"title":"Curso: An\u00e1lise e Interpreta\u00e7\u00e3o da ABNT NBR ISO 14001:2004","author":"mundobibliotecario","date":"18\/10\/2009","format":false,"excerpt":"A Ecolibra Consultoria Ambiental est\u00e1 com inscri\u00e7\u00f5es abertas para o curso: An\u00e1lise e Interpreta\u00e7\u00e3o da ABNT NBR ISO 14001:2004 - Sistemas de Gest\u00e3o Ambiental - Requisitos com orienta\u00e7\u00f5es para o uso. Solicitamos, por gentileza, o apoio \u00e0 divulga\u00e7\u00e3o do curso atrav\u00e9s do repasse das informa\u00e7\u00f5es abaixo aos profissionais interessados. CURSO:\u2026","rel":"","context":"Em &quot;Curso&quot;","block_context":{"text":"Curso","link":"https:\/\/mundobibliotecario.com.br\/index.php\/category\/curso\/"},"img":{"alt_text":"","src":"","width":0,"height":0},"classes":[]},{"id":2761,"url":"https:\/\/mundobibliotecario.com.br\/index.php\/2012\/12\/04\/pos-graduacao-especializacao-informacao-em-ambientes-digitais\/","url_meta":{"origin":417,"position":1},"title":"P\u00f3s-gradua\u00e7\u00e3o &#8211; Especializa\u00e7\u00e3o Informa\u00e7\u00e3o em Ambientes Digitais","author":"mundobibliotecario","date":"04\/12\/2012","format":false,"excerpt":"Cursos de especializa\u00e7\u00e3o em n\u00edvel de p\u00f3s-gradua\u00e7\u00e3o lato sensu s\u00e3o direcionados \u00e0 \u00e1rea de exerc\u00edcio profissional, tanto do docente como de outros profissionais inseridos no mercado de trabalho, na perspectiva de educa\u00e7\u00e3o continuada. O curso de especializa\u00e7\u00e3o Informa\u00e7\u00e3o em Ambientes Digitais tem carga hor\u00e1ria m\u00ednima de 360 horas, n\u00e3o computando\u2026","rel":"","context":"Em &quot;Curso de P\u00f3s-Gradua\u00e7\u00e3o&quot;","block_context":{"text":"Curso de P\u00f3s-Gradua\u00e7\u00e3o","link":"https:\/\/mundobibliotecario.com.br\/index.php\/category\/curso-de-pos-graduacao\/"},"img":{"alt_text":"","src":"","width":0,"height":0},"classes":[]},{"id":8758,"url":"https:\/\/mundobibliotecario.com.br\/index.php\/2021\/04\/26\/mba-de-inovacao-em-unidades-de-informacao\/","url_meta":{"origin":417,"position":2},"title":"MBA de Inova\u00e7\u00e3o em Unidades de Informa\u00e7\u00e3o","author":"mundobibliotecario","date":"26\/04\/2021","format":false,"excerpt":"A UFSCar est\u00e1 com as \u00faltimas vagas abertas para o MBA em Inova\u00e7\u00e3o em Unidades de Informa\u00e7\u00e3o, oferecido pelo\u00a0ITI UFSCar. Conhe\u00e7a mais sobre o curso: O\u00a0MBA de Inova\u00e7\u00e3o em Unidades de Informa\u00e7\u00e3o (IUI)\u00a0foi concebido a partir de uma\u00a0Proposta Pedag\u00f3gica Inovadora\u00a0baseada em um formato h\u00edbrido que harmoniza\u00a0intera\u00e7\u00f5es online ao vivo e\u2026","rel":"","context":"Em &quot;Curso de P\u00f3s-Gradua\u00e7\u00e3o&quot;","block_context":{"text":"Curso de P\u00f3s-Gradua\u00e7\u00e3o","link":"https:\/\/mundobibliotecario.com.br\/index.php\/category\/curso-de-pos-graduacao\/"},"img":{"alt_text":"MBA Inova\u00c3\u00a7\u00c3\u00a3o em Unidades de Informa\u00c3\u00a7\u00c3\u00a3o","src":"https:\/\/i0.wp.com\/mundobibliotecario.com.br\/wp-content\/uploads\/2021\/04\/1080x1080-1024x1024.png?resize=350%2C200&ssl=1","width":350,"height":200},"classes":[]},{"id":2040,"url":"https:\/\/mundobibliotecario.com.br\/index.php\/2011\/05\/23\/furg-cria-especializacao-a-distancia-em-ciencia-da-informacao\/","url_meta":{"origin":417,"position":3},"title":"Furg cria especializa\u00e7\u00e3o a dist\u00e2ncia em Ci\u00eancia da Informa\u00e7\u00e3o","author":"mundobibliotecario","date":"23\/05\/2011","format":false,"excerpt":"A Universidade Federal do Rio Grande aprovou, por meio do Conselho de Ensino, Pesquisa, Extens\u00e3o e Administra\u00e7\u00e3o (Coepea), a cria\u00e7\u00e3o do curso de Especializa\u00e7\u00e3o em Ci\u00eancia da Informa\u00e7\u00e3o na modalidade a dist\u00e2ncia. Ser\u00e3o oferecidas 150 vagas a portadores de diploma de curso superior distribu\u00eddas igualmente para os polos de educa\u00e7\u00e3o\u2026","rel":"","context":"Em &quot;Not\u00edcias&quot;","block_context":{"text":"Not\u00edcias","link":"https:\/\/mundobibliotecario.com.br\/index.php\/category\/noticias\/"},"img":{"alt_text":"","src":"","width":0,"height":0},"classes":[]},{"id":3541,"url":"https:\/\/mundobibliotecario.com.br\/index.php\/2014\/07\/16\/cursos-para-o-2o-semestre-de-2014-da-innova-gestao\/","url_meta":{"origin":417,"position":4},"title":"Cursos para o 2\u00ba semestre de 2014 da Innova Gest\u00e3o","author":"mundobibliotecario","date":"16\/07\/2014","format":false,"excerpt":"CURSOS 2\u00ba Semestre de 2014 INSCRI\u00c7\u00d5ES ABERTAS \u2013 RESERVE A SUA VAGA DESCONTOS de 15% PARA ASSOCIADOS DA ABDF, SBGC E ABRAINFO \u00a0 CURSOS 2\u00ba Semestre de 2014 INSCRI\u00c7\u00d5ES ABERTAS \u2013 RESERVE A SUA VAGA DESCONTOS de 15% PARA ASSOCIADOS DA ABDF, SBGC E ABRAINFO Cursos Detalhes Inscri\u00e7\u00e3o CURSO DE\u2026","rel":"","context":"Em &quot;Curso&quot;","block_context":{"text":"Curso","link":"https:\/\/mundobibliotecario.com.br\/index.php\/category\/curso\/"},"img":{"alt_text":"","src":"","width":0,"height":0},"classes":[]},{"id":4580,"url":"https:\/\/mundobibliotecario.com.br\/index.php\/2017\/08\/30\/curso-curadoria-digital-ministrado-por-aquiles-alencar-brayner-em-sao-paulo\/","url_meta":{"origin":417,"position":5},"title":"Curso Curadoria Digital ministrado por Aquiles Alencar Brayner em S\u00e3o Paulo","author":"mundobibliotecario","date":"30\/08\/2017","format":false,"excerpt":"Contribui\u00e7\u00e3o de Irene Butti *** T\u00edtulo: Curadoria Digital: novos modelos de gest\u00e3o e dissemina\u00e7\u00e3o de acervos eletr\u00f4nicos\u00a0 \u00a0 Objetivos: O curso tem como finalidade oferecer uma vis\u00e3o panor\u00e2mica das novas metodologias de gest\u00e3o de informa\u00e7\u00e3o e acervos digitais em bibliotecas, arquivos e museus. Os alunos ter\u00e3o a oportunidade de conhecer\u2026","rel":"","context":"Em &quot;Eventos&quot;","block_context":{"text":"Eventos","link":"https:\/\/mundobibliotecario.com.br\/index.php\/category\/eventos\/"},"img":{"alt_text":"","src":"https:\/\/i0.wp.com\/mundobibliotecario.com.br\/wp-content\/uploads\/2017\/08\/aquiles-final-divulgac3a7c3a3o.jpg?resize=350%2C200","width":350,"height":200},"classes":[]}],"jetpack_likes_enabled":true,"jetpack_shortlink":"https:\/\/wp.me\/pcbzwa-6J","_links":{"self":[{"href":"https:\/\/mundobibliotecario.com.br\/index.php\/wp-json\/wp\/v2\/posts\/417","targetHints":{"allow":["GET"]}}],"collection":[{"href":"https:\/\/mundobibliotecario.com.br\/index.php\/wp-json\/wp\/v2\/posts"}],"about":[{"href":"https:\/\/mundobibliotecario.com.br\/index.php\/wp-json\/wp\/v2\/types\/post"}],"author":[{"embeddable":true,"href":"https:\/\/mundobibliotecario.com.br\/index.php\/wp-json\/wp\/v2\/users\/1"}],"replies":[{"embeddable":true,"href":"https:\/\/mundobibliotecario.com.br\/index.php\/wp-json\/wp\/v2\/comments?post=417"}],"version-history":[{"count":3,"href":"https:\/\/mundobibliotecario.com.br\/index.php\/wp-json\/wp\/v2\/posts\/417\/revisions"}],"predecessor-version":[{"id":6791,"href":"https:\/\/mundobibliotecario.com.br\/index.php\/wp-json\/wp\/v2\/posts\/417\/revisions\/6791"}],"wp:attachment":[{"href":"https:\/\/mundobibliotecario.com.br\/index.php\/wp-json\/wp\/v2\/media?parent=417"}],"wp:term":[{"taxonomy":"category","embeddable":true,"href":"https:\/\/mundobibliotecario.com.br\/index.php\/wp-json\/wp\/v2\/categories?post=417"},{"taxonomy":"post_tag","embeddable":true,"href":"https:\/\/mundobibliotecario.com.br\/index.php\/wp-json\/wp\/v2\/tags?post=417"}],"curies":[{"name":"wp","href":"https:\/\/api.w.org\/{rel}","templated":true}]}}