{"id":4177,"date":"2016-01-07T10:53:49","date_gmt":"2016-01-07T13:53:49","guid":{"rendered":"http:\/\/mundobibliotecario.com.br\/?p=4177"},"modified":"2020-07-21T23:48:15","modified_gmt":"2020-07-22T02:48:15","slug":"concurso-para-bibliotecario-e-auxiliar-de-biblioteca-no-ifsp","status":"publish","type":"post","link":"https:\/\/mundobibliotecario.com.br\/index.php\/2016\/01\/07\/concurso-para-bibliotecario-e-auxiliar-de-biblioteca-no-ifsp\/","title":{"rendered":"Concurso para bibliotec\u00e1rio e auxiliar de biblioteca no IFSP"},"content":{"rendered":"<div class=\"description\">Profissionais com n\u00edveis Fundamental, M\u00e9dio e Superior podem participar.<\/div>\n<div class=\"breadcrumbs\"><a title=\"Concursos\" href=\"https:\/\/www.pciconcursos.com.br\/\">Concursos<\/a> \u203a <a title=\"Not\u00edcias\" href=\"https:\/\/www.pciconcursos.com.br\/noticias\/\">Not\u00edcias<\/a> \u203a <a title=\"Sudeste\" href=\"https:\/\/www.pciconcursos.com.br\/noticias\/sudeste\/\">Sudeste<\/a><\/div>\n<p><abbr class=\"published\" title=\"2015-12-29T10:32:56-02:00\">Ter\u00e7a-feira, 29 de dezembro de 2015 \u00e0s 10h32<\/abbr><\/p>\n<div>\n<p><img decoding=\"async\" title=\"IFSP realiza Concurso P\u00fablico para provimento de cargos T\u00e9cnico-administrativos\" src=\"https:\/\/static.pciconcursos.com.br\/i\/f353c0b0aa094c7fdf3ce0f39a522ffe.jpg\" alt=\"IFSP realiza Concurso P\u00fablico para provimento de cargos T\u00e9cnico-administrativos\" \/>Um novo Concurso P\u00fablico foi anunciado pelo Instituto Federal de Educa\u00e7\u00e3o, Ci\u00eancia e Tecnologia de S\u00e3o Paulo (<a href=\"http:\/\/www.ifsp.edu.br\/\" target=\"_blank\" rel=\"noopener noreferrer\">IFSP<\/a>).<\/p>\n<p>O objetivo \u00e9 o provimento de novas vagas de n\u00edveis Fundamental, M\u00e9dio e Superior em cargos T\u00e9cnico-Administrativos em Educa\u00e7\u00e3o, e h\u00e1 oportunidades para diversos campis, nas fun\u00e7\u00f5es de Administrador (3); Analista de Tecnologia da Informa\u00e7\u00e3o (13); <strong>Bibliotec\u00e1rio Documentalista (4)<\/strong>; Engenheiro\/ \u00c1rea Civil (1); M\u00e9dico do Trabalho (2); Nutricionista (7); Pedagogo (1); Programador Visual (1); Tecn\u00f3logo nas \u00e1reas de Recursos Humanos (1); Processos Qu\u00edmicos (1); e em Redes de Telecomunica\u00e7\u00e3o (2); Assistente em Administra\u00e7\u00e3o (5); T\u00e9cnico em Agropecu\u00e1ria (1); T\u00e9cnico em Secretariado (1); T\u00e9cnico de Laborat\u00f3rio nas \u00e1reas de Mec\u00e2nica (3); Eletroeletr\u00f4nica (2); Eletr\u00f4nica (2); Biologia (1); e Automa\u00e7\u00e3o (3); T\u00e9cnico de Tecnologia da Informa\u00e7\u00e3o (10); T\u00e9cnico em Contabilidade (1); Tradutor e Int\u00e9rprete de Linguagem de Sinais (7); T\u00e9cnico de Laborat\u00f3rio\/ Edifica\u00e7\u00f5es (1); e na \u00e1rea de Inform\u00e1tica (1); Assistente de Alunos (11); Assistente de Laborat\u00f3rio nas \u00e1reas de Ind\u00fastria (3); Ci\u00eancias da Natureza (3); Eventos (1); Inform\u00e1tica (4); Auxiliar de Biblioteca (2); Auxiliar em Assuntos Educacionais (4); e Operador de M\u00e1quinas Agr\u00edcolas (1).<\/p>\n<p>Os sal\u00e1rios variam de R$ 1.739,04 a R$ 7.333,09, e as jornadas semanais chegam at\u00e9 40 horas.<\/p>\n<p>O processo de inscri\u00e7\u00f5es deste Concurso ocorre em duas etapas. Primeiramente \u00e9 preciso efetuar o preenchimento da ficha de inscri\u00e7\u00e3o no site www.ifsp.edu.br. Depois, \u00e9 preciso realizar o pagamento da taxa de R$ 70,00; R$ 90,00 ou R$ 110,00 conforme o que for determinado pelo cargo pretendido, via GRU. Os prazos ser\u00e3o divulgados somente em janeiro de 2016.<\/p>\n<p>A classifica\u00e7\u00e3o dos candidatos ocorre por meio de Prova Objetiva, composta por quest\u00f5es de Conhecimentos B\u00e1sicos e Espec\u00edficos, al\u00e9m de Prova de Desempenho Te\u00f3rico-pr\u00e1tico, de acordo com o que for especificado para as fun\u00e7\u00f5es.<\/p>\n<p>A validade do Concurso \u00e9 de dois anos, por\u00e9m, \u00e9 poss\u00edvel que haja prorroga\u00e7\u00e3o do per\u00edodo determinado. Em nosso site voc\u00ea pode conferir outros detalhes no edital de abertura.<\/p>\n<\/div>\n<address class=\"vcard author\">Jornalista: <span class=\"fn\">Ynai\u00ea Botelho<\/span><\/address>\n<p>Dispon\u00edvel em: <a href=\"https:\/\/www.pciconcursos.com.br\/noticias\/ifsp-realiza-concurso-publico-para-provimento-de-cargos-tecnico-administrativos\">https:\/\/www.pciconcursos.com.br\/noticias\/ifsp-realiza-concurso-publico-para-provimento-de-cargos-tecnico-administrativos<\/a>. Acesso em: 7 jan. 2016.<\/p>\n","protected":false},"excerpt":{"rendered":"<p>Profissionais com n\u00edveis Fundamental, M\u00e9dio e Superior podem participar. Concursos \u203a Not\u00edcias \u203a Sudeste Ter\u00e7a-feira, 29 de dezembro de 2015 \u00e0s 10h32 Um novo Concurso P\u00fablico foi anunciado pelo Instituto Federal de Educa\u00e7\u00e3o, Ci\u00eancia e Tecnologia de S\u00e3o Paulo (IFSP). O objetivo \u00e9 o provimento de novas vagas de n\u00edveis Fundamental, M\u00e9dio e Superior em &#8230; <a title=\"Concurso para bibliotec\u00e1rio e auxiliar de biblioteca no IFSP\" class=\"read-more\" href=\"https:\/\/mundobibliotecario.com.br\/index.php\/2016\/01\/07\/concurso-para-bibliotecario-e-auxiliar-de-biblioteca-no-ifsp\/\" aria-label=\"Read more about Concurso para bibliotec\u00e1rio e auxiliar de biblioteca no IFSP\">Ler mais<\/a><\/p>\n","protected":false},"author":1,"featured_media":0,"comment_status":"open","ping_status":"open","sticky":false,"template":"","format":"standard","meta":{"_mi_skip_tracking":false,"_exactmetrics_sitenote_active":false,"_exactmetrics_sitenote_note":"","_exactmetrics_sitenote_category":0,"_jetpack_newsletter_access":"","footnotes":""},"categories":[168],"tags":[1364,36,655],"class_list":["post-4177","post","type-post","status-publish","format-standard","hentry","category-concurso","tag-auxiliar-de-biblioteca","tag-bibliotecario","tag-concurso-2"],"jetpack_featured_media_url":"","jetpack_sharing_enabled":true,"jetpack-related-posts":[{"id":4392,"url":"https:\/\/mundobibliotecario.com.br\/index.php\/2016\/11\/01\/concursos-de-biblioteconomia-novembro2016\/","url_meta":{"origin":4177,"position":0},"title":"Concursos de biblioteconomia &#8211; novembro\/2016","author":"mundobibliotecario","date":"01\/11\/2016","format":false,"excerpt":"H\u00e1 v\u00e1rios concursos abertos para bibliotec\u00e1rios, auxiliares e t\u00e9cnicos. Confira! *** Prefeitura de Galil\u00e9ia - MG - Bibliotec\u00e1rio Prefeitura de Tarumirim - MG - Bibliotec\u00e1rio C\u00e2mara de Londrina - PR - Bibliotec\u00e1rio Prefeitura Municipal de Esmeraldas - MG - T\u00e9cnico em N\u00edvel Superior em Biblioteconomia Instituto Federal de Educa\u00e7\u00e3o, Ci\u00eancia\u2026","rel":"","context":"Em &quot;Concurso&quot;","block_context":{"text":"Concurso","link":"https:\/\/mundobibliotecario.com.br\/index.php\/category\/concurso\/"},"img":{"alt_text":"","src":"","width":0,"height":0},"classes":[]},{"id":816,"url":"https:\/\/mundobibliotecario.com.br\/index.php\/2009\/08\/19\/concurso-secretaria-do-meio-ambiente-de-sp-instituto-geologico\/","url_meta":{"origin":4177,"position":1},"title":"Concurso &#8211; Secretaria do Meio Ambiente de SP (Instituto Geol\u00f3gico)","author":"mundobibliotecario","date":"19\/08\/2009","format":false,"excerpt":"Concurso p\u00fablico - Secretaria do Meio Ambiente do Estado de S\u00e3o Paulo - Instituto Geol\u00f3gico \u00a0 http:\/\/www.cetroconcursos.com.br\/Projetos\/Inst_Geologico_SP_2009\/EDITAL_IG_%20001-2009.pdf \u00a0 Inscri\u00e7\u00f5es pela internet at\u00e9 21\/08, para cargos de ensino fundamental a Superior. valores de R$ 22,00 a R$ 45,00. Cargos de: Auxiliar, agente, t\u00e9cnico e assistente t\u00e9cnico de pesquisa cient\u00edfica tecnol\u00f3gica. \u00a0\u2026","rel":"","context":"Em &quot;Concurso&quot;","block_context":{"text":"Concurso","link":"https:\/\/mundobibliotecario.com.br\/index.php\/category\/concurso\/"},"img":{"alt_text":"","src":"","width":0,"height":0},"classes":[]},{"id":2750,"url":"https:\/\/mundobibliotecario.com.br\/index.php\/2012\/11\/15\/concursos-para-bibliotecario-em-2012\/","url_meta":{"origin":4177,"position":2},"title":"Concursos para bibliotec\u00e1rio em 2012","author":"mundobibliotecario","date":"15\/11\/2012","format":false,"excerpt":"Ainda h\u00e1 concursos para bibliotec\u00e1rio neste ano em diversas regi\u00f5es. Confira! MG\u00a0Prefeitura de Concei\u00e7\u00e3o do Mato Dentro As oportunidades para quem n\u00edvel superior s\u00e3o para superior s\u00e3o para professor PI, professor PII nas disciplinas de portugu\u00eas, matem\u00e1tica, hist\u00f3ria, geografia, ci\u00eancias, ingl\u00eas, educa\u00e7\u00e3o f\u00edsica, educa\u00e7\u00e3o ambiental, ensino religioso e educa\u00e7\u00e3o art\u00edstica,\u2026","rel":"","context":"Em &quot;Concurso&quot;","block_context":{"text":"Concurso","link":"https:\/\/mundobibliotecario.com.br\/index.php\/category\/concurso\/"},"img":{"alt_text":"","src":"","width":0,"height":0},"classes":[]},{"id":2020,"url":"https:\/\/mundobibliotecario.com.br\/index.php\/2011\/05\/09\/concursos-de-biblioteconomia-em-2011\/","url_meta":{"origin":4177,"position":3},"title":"Concursos de Biblioteconomia em 2011","author":"mundobibliotecario","date":"09\/05\/2011","format":false,"excerpt":"Bibliotec\u00e1rio para Presidente Epit\u00e1cio (SP) Auxiliar de biblioteca e Auxiliar de biblioteca escolar para Balne\u00e1rio Gaivota (SC) Boa sorte!","rel":"","context":"Em &quot;Concurso&quot;","block_context":{"text":"Concurso","link":"https:\/\/mundobibliotecario.com.br\/index.php\/category\/concurso\/"},"img":{"alt_text":"","src":"","width":0,"height":0},"classes":[]},{"id":1830,"url":"https:\/\/mundobibliotecario.com.br\/index.php\/2011\/03\/02\/bibliotecario-para-esmeraldas-mg\/","url_meta":{"origin":4177,"position":4},"title":"Auxiliar de Biblioteca para Esmeraldas (MG)","author":"mundobibliotecario","date":"02\/03\/2011","format":false,"excerpt":"A Prefeitura de Esmeraldas (MG) lan\u00e7ou o edital de seu concurso p\u00fablico com 289 vagas, dentre elas, auxiliar de biblioteca. A not\u00edcia \u00e9 do Editais Brasil e as inscri\u00e7\u00f5es come\u00e7am em 02\/05\/2011.","rel":"","context":"Em &quot;Concurso&quot;","block_context":{"text":"Concurso","link":"https:\/\/mundobibliotecario.com.br\/index.php\/category\/concurso\/"},"img":{"alt_text":"","src":"","width":0,"height":0},"classes":[]},{"id":1422,"url":"https:\/\/mundobibliotecario.com.br\/index.php\/2010\/08\/23\/vaga-e-concurso-para-bibliotecario\/","url_meta":{"origin":4177,"position":5},"title":"Vaga e concurso para bibliotec\u00e1rio","author":"mundobibliotecario","date":"23\/08\/2010","format":false,"excerpt":"1 vaga para Arquivista para SP (n\u00edvel superior) 1 vaga para Bibliotec\u00e1rio para centro de SP (n\u00edvel superior) 1 vaga para t\u00e9cnico em biblioteconomia 1 vaga para auxiliar de arquivo. 1 profissional com conhecimentos em PHP - aut\u00f4nomo Enviar cv com pretens\u00e3o para maria@organizarte.com.br ou daniela@organizarte.com.br informando a vaga pretendida.\u2026","rel":"","context":"Em &quot;Concurso&quot;","block_context":{"text":"Concurso","link":"https:\/\/mundobibliotecario.com.br\/index.php\/category\/concurso\/"},"img":{"alt_text":"","src":"","width":0,"height":0},"classes":[]}],"jetpack_likes_enabled":true,"jetpack_shortlink":"https:\/\/wp.me\/pcbzwa-15n","_links":{"self":[{"href":"https:\/\/mundobibliotecario.com.br\/index.php\/wp-json\/wp\/v2\/posts\/4177","targetHints":{"allow":["GET"]}}],"collection":[{"href":"https:\/\/mundobibliotecario.com.br\/index.php\/wp-json\/wp\/v2\/posts"}],"about":[{"href":"https:\/\/mundobibliotecario.com.br\/index.php\/wp-json\/wp\/v2\/types\/post"}],"author":[{"embeddable":true,"href":"https:\/\/mundobibliotecario.com.br\/index.php\/wp-json\/wp\/v2\/users\/1"}],"replies":[{"embeddable":true,"href":"https:\/\/mundobibliotecario.com.br\/index.php\/wp-json\/wp\/v2\/comments?post=4177"}],"version-history":[{"count":1,"href":"https:\/\/mundobibliotecario.com.br\/index.php\/wp-json\/wp\/v2\/posts\/4177\/revisions"}],"predecessor-version":[{"id":6957,"href":"https:\/\/mundobibliotecario.com.br\/index.php\/wp-json\/wp\/v2\/posts\/4177\/revisions\/6957"}],"wp:attachment":[{"href":"https:\/\/mundobibliotecario.com.br\/index.php\/wp-json\/wp\/v2\/media?parent=4177"}],"wp:term":[{"taxonomy":"category","embeddable":true,"href":"https:\/\/mundobibliotecario.com.br\/index.php\/wp-json\/wp\/v2\/categories?post=4177"},{"taxonomy":"post_tag","embeddable":true,"href":"https:\/\/mundobibliotecario.com.br\/index.php\/wp-json\/wp\/v2\/tags?post=4177"}],"curies":[{"name":"wp","href":"https:\/\/api.w.org\/{rel}","templated":true}]}}