{"id":4253,"date":"2016-04-14T23:00:04","date_gmt":"2016-04-15T02:00:04","guid":{"rendered":"http:\/\/mundobibliotecario.com.br\/?p=4253"},"modified":"2020-07-22T00:10:22","modified_gmt":"2020-07-22T03:10:22","slug":"versila-da-acesso-a-acervo-dos-melhores-centros-de-pesquisa","status":"publish","type":"post","link":"https:\/\/mundobibliotecario.com.br\/index.php\/2016\/04\/14\/versila-da-acesso-a-acervo-dos-melhores-centros-de-pesquisa\/","title":{"rendered":"\u201cV\u00e9rsila\u201d d\u00e1 acesso a acervo dos melhores centros de pesquisa"},"content":{"rendered":"<table class=\"contentpaneopen\">\n<tbody>\n<tr>\n<td colspan=\"2\" align=\"left\" valign=\"top\" width=\"70%\"><span class=\"small\">Assessoria de Comunica\u00e7\u00e3o <\/span><\/td>\n<\/tr>\n<tr>\n<td class=\"createdate\" colspan=\"2\" valign=\"top\">13-Abr-2016<\/td>\n<\/tr>\n<tr>\n<td colspan=\"2\" valign=\"top\">\n<div align=\"justify\">\nDesenvolvida por pesquisadores da USP, a Biblioteca Digital V\u00e9rsila \u00e9 considerada a maior em acervo digital acad\u00eamico do hemisf\u00e9rio sul, e disponibiliza gratuitamente toda a produ\u00e7\u00e3o cient\u00edfica aberta dos melhores centros de pesquisa do mundo. Desde seu lan\u00e7amento, no final de 2015, a V\u00e9rsila j\u00e1 teve mais de 25 milh\u00f5es de impress\u00f5es de p\u00e1ginas na internet. Com maior exposi\u00e7\u00e3o na rede, a expectativa \u00e9 que as pesquisas brasileiras possam ter maior visibilidade e mais impacto junto \u00e0 comunidade cient\u00edfica internacional.Segundo Giovanni Eldasi, coordenador da V\u00e9rsila e pesquisador do N\u00facleo de Pol\u00edticas P\u00fablicas (NUPPS) da USP, a iniciativa da biblioteca partiu de um \u201cparadigma de usabilidade de informa\u00e7\u00f5es\u201d surgido no final dos anos 1990, quando as institui\u00e7\u00f5es de ensino superior e de pesquisa passaram a disponibilizar na internet sua produ\u00e7\u00e3o intelectual por meio do movimento de acesso aberto \u00e0 literatura cient\u00edfica ou \u201copen access\u201d. A iniciativa cresceu, democratizando o acervo intelectual das universidades, mas surgiu o problema da usabilidade. As pessoas tinham dificuldade de acesso \u00e0s produ\u00e7\u00f5es por \u201cexigir a visita a milhares de reposit\u00f3rios acad\u00eamicos\u201d.<\/p>\n<p>A solu\u00e7\u00e3o encontrada foi criar concentradores que reunissem em um \u00fanico sistema o maior n\u00famero poss\u00edvel de informa\u00e7\u00f5es acad\u00eamicas digitalizadas na internet. A infraestrutura f\u00edsica e log\u00edstica da V\u00e9rsila \u00e9 composta de uma rede de servidores integradores mantidos nos EUA (West Virginia e Calif\u00f3rnia), na Europa (Dublin, Irlanda e Frankfurt, Alemanha, na \u00c1sia (T\u00f3quio, Jap\u00e3o), no Pac\u00edfico (Sydney, Autr\u00e1lia) e na Am\u00e9rica do Sul (S\u00e3o Paulo). A plataforma \u00e9 integrante do cons\u00f3rcio internacional Open Archives iniciative, na modalidade de Service Provider.<\/p>\n<p>Semanalmente, cada servidor integrador capta novos acervos e itens digitais de sua regi\u00e3o geogr\u00e1fica, realiza a sua filtragem e curadoria digital e os integra em um s\u00f3 acervo disponibilizado gratuitamente ao p\u00fablico em seu site.<\/p>\n<p><strong>Prioridade regional<\/strong><\/p>\n<\/div>\n<div align=\"justify\">Constru\u00edda por uma equipe multidisciplinar, formada por pesquisadores e alunos da USP, a V\u00e9rsila foi planejada para fazer recorte regional, priorizando conte\u00fados de institui\u00e7\u00f5es brasileiras, hisp\u00e2nicas e latino-americanas, al\u00e9m de ser uma alternativa aos buscadores comerciais que tendem a direcionar os resultados de suas buscas para pesquisas anglo-sax\u00f4nicas. Segundo Eldasi, o universo plural das pesquisas cient\u00edficas demandava iniciativas que n\u00e3o dependessem de mecanismos comerciais que tendem a monopolizar as buscas na internet e fazer recortes \u00fanicos.Para Eldasi, a V\u00e9rsila assumiu uma identidade latino-americana e pr\u00f3pria do hemisf\u00e9rio sul, podendo oferecer recortes de produ\u00e7\u00e3o cient\u00edfica mais significativos para uma comunidade de um pa\u00eds ou regi\u00e3o. Os textos d\u00e3o destaque para a produ\u00e7\u00e3o em l\u00edngua portuguesa e 99% do acervo \u00e9 composto por obras completas, o que confere ao site qualidade e relev\u00e2ncia nos resultados das buscas.<\/p>\n<p>Atualmente, 63 pa\u00edses integram a base de dados da V\u00e9rsila. No Brasil, s\u00e3o cerca de 150 universidades, al\u00e9m de outros \u00f3rg\u00e3os como o Supremo Tribunal Federal, a Empresa Brasileira de Pesquisa Agropecu\u00e1ria (Embrapa), a C\u00e2mara dos Deputados e a Scielo Brasil. Na USP, fazem parte da biblioteca o Portal de Teses e Disserta\u00e7\u00f5es, o Portal da Produ\u00e7\u00e3o Cient\u00edfica e o Portal de Peri\u00f3dicos.<\/p>\n<p>\u201cOpen Access\u201d<br \/>\nO \u201copen access\u201d \u00e9 um movimento internacional que come\u00e7ou nos anos 1990 e defende a ideia de que o conhecimento cient\u00edfico, veiculado em artigos, teses, disserta\u00e7\u00f5es e outros documentos acad\u00eamicos, seja disseminado de forma ampla e irrestrita pela internet. O objetivo \u00e9 democratizar a literatura acad\u00eamica dando maior visibilidade e acessibilidade ao conte\u00fado.<\/p>\n<p>Um marco internacional do movimento foi a Declara\u00e7\u00e3o \u201cBudapest Open Access Initiative\u201d, realizada em 2000, com defini\u00e7\u00f5es sobre acesso aberto \u00e0s publica\u00e7\u00f5es cient\u00edficas. No Brasil, iniciativas da SciElo e da Biblioteca de Teses e Disserta\u00e7\u00f5es da USP se tornaram paradigmas de Open Access. Todos estes acervos est\u00e3o hoje reunidos na V\u00e9rsila.<\/p>\n<\/div>\n<div align=\"justify\"><\/div>\n<div align=\"justify\"><strong>Mais informa\u00e7\u00f5es:<\/strong> <\/div>\n<div align=\"justify\"><\/div>\n<div align=\"justify\"><\/div>\n<div align=\"justify\"><em>Por Ivanir Ferreira, do USP Online<br \/>\nFoto: Cec\u00edlia Bastos<\/em><\/div>\n<\/td>\n<\/tr>\n<\/tbody>\n<\/table>\n<p>Dispon\u00edvel em: &lt;<a href=\"http:\/\/www.saocarlos.usp.br\/index.php?option=com_content&amp;task=view&amp;id=23802&amp;Itemid=171\">http:\/\/www.saocarlos.usp.br\/index.php?option=com_content&amp;task=view&amp;id=23802&amp;Itemid=171<\/a>&gt;. Acesso em: 14 abr. 2016.<\/p>\n","protected":false},"excerpt":{"rendered":"<p>Assessoria de Comunica\u00e7\u00e3o 13-Abr-2016 Desenvolvida por pesquisadores da USP, a Biblioteca Digital V\u00e9rsila \u00e9 considerada a maior em acervo digital acad\u00eamico do hemisf\u00e9rio sul, e disponibiliza gratuitamente toda a produ\u00e7\u00e3o cient\u00edfica aberta dos melhores centros de pesquisa do mundo. Desde seu lan\u00e7amento, no final de 2015, a V\u00e9rsila j\u00e1 teve mais de 25 milh\u00f5es de &#8230; <a title=\"\u201cV\u00e9rsila\u201d d\u00e1 acesso a acervo dos melhores centros de pesquisa\" class=\"read-more\" href=\"https:\/\/mundobibliotecario.com.br\/index.php\/2016\/04\/14\/versila-da-acesso-a-acervo-dos-melhores-centros-de-pesquisa\/\" aria-label=\"Read more about \u201cV\u00e9rsila\u201d d\u00e1 acesso a acervo dos melhores centros de pesquisa\">Ler mais<\/a><\/p>\n","protected":false},"author":1,"featured_media":0,"comment_status":"open","ping_status":"open","sticky":false,"template":"","format":"standard","meta":{"_mi_skip_tracking":false,"_exactmetrics_sitenote_active":false,"_exactmetrics_sitenote_note":"","_exactmetrics_sitenote_category":0,"_jetpack_newsletter_access":"","footnotes":""},"categories":[60],"tags":[643,1379,644,364],"class_list":["post-4253","post","type-post","status-publish","format-standard","hentry","category-noticias","tag-acesso-aberto","tag-biblioteca-digital-versila","tag-open-access","tag-universidade"],"jetpack_featured_media_url":"","jetpack_sharing_enabled":true,"jetpack-related-posts":[{"id":1883,"url":"https:\/\/mundobibliotecario.com.br\/index.php\/2011\/03\/16\/scielo-no-topo-de-ranking-mundial\/","url_meta":{"origin":4253,"position":0},"title":"SciELO no topo de ranking mundial","author":"mundobibliotecario","date":"16\/03\/2011","format":false,"excerpt":"Especiais 15\/3\/2011 Por Fabr\u00edcio Marques Pesquisa FAPESP \u2013 A biblioteca eletr\u00f4nica SciELO Brasil foi classificada em 1\u00ba lugar no ranking mundial de portais de acesso aberto Webometrics, divulgado pelo laborat\u00f3rio Cybermetrics, grupo de pesquisa vinculado ao Conselho Superior de Pesquisas Cient\u00edficas da Espanha. Curiosamente, a SciELO Brasil n\u00e3o estava em\u2026","rel":"","context":"Em &quot;Not\u00edcias&quot;","block_context":{"text":"Not\u00edcias","link":"https:\/\/mundobibliotecario.com.br\/index.php\/category\/noticias\/"},"img":{"alt_text":"","src":"","width":0,"height":0},"classes":[]},{"id":5017,"url":"https:\/\/mundobibliotecario.com.br\/index.php\/2018\/11\/06\/conheca-50-sites-de-bibliotecas-com-livros-online-gratis\/","url_meta":{"origin":4253,"position":1},"title":"Conhe\u00e7a 50 sites de bibliotecas com livros online gr\u00e1tis","author":"mundobibliotecario","date":"06\/11\/2018","format":false,"excerpt":"Fizemos uma lista com 50 bibliotecas que disponibilizam livros online gratuitamente. Confira e alimente o seu v\u00edcio pela leitura! Conhe\u00e7a 50 sites de bibliotecas com livros online gr\u00e1tis \u00a0|\u00a0 Fonte: Shutterstock Voc\u00ea \u00e9 do tipo de pessoa que precisa ter sempre um bom livro por perto? Ent\u00e3o vai gostar deste\u2026","rel":"","context":"Em &quot;Not\u00edcias&quot;","block_context":{"text":"Not\u00edcias","link":"https:\/\/mundobibliotecario.com.br\/index.php\/category\/noticias\/"},"img":{"alt_text":"","src":"","width":0,"height":0},"classes":[]},{"id":7753,"url":"https:\/\/mundobibliotecario.com.br\/index.php\/2020\/08\/09\/fundacao-biblioteca-nacional-adere-a-rede-cariniana-para-a-preservacao-digital-de-documentos\/","url_meta":{"origin":4253,"position":2},"title":"Funda\u00e7\u00e3o Biblioteca Nacional adere \u00e0 Rede Cariniana para a preserva\u00e7\u00e3o digital de documentos","author":"mundobibliotecario","date":"09\/08\/2020","format":false,"excerpt":"Fachada da bibliotecaCr\u00e9dito da foto: Funda\u00e7\u00e3o Biblioteca Nacional A Funda\u00e7\u00e3o Biblioteca Nacional (FBN) e o Instituto Brasileiro de Informa\u00e7\u00e3o em Ci\u00eancia e Tecnologia (Ibict\/MCTI) anunciam a ades\u00e3o da FBN \u00e0 Rede Brasileira de Servi\u00e7os de Preserva\u00e7\u00e3o Digital (Rede Cariniana\/Ibict). O acordo entre as institui\u00e7\u00f5es busca promover o arquivamento digital na\u2026","rel":"","context":"Em &quot;Not\u00edcias&quot;","block_context":{"text":"Not\u00edcias","link":"https:\/\/mundobibliotecario.com.br\/index.php\/category\/noticias\/"},"img":{"alt_text":"","src":"","width":0,"height":0},"classes":[]},{"id":5329,"url":"https:\/\/mundobibliotecario.com.br\/index.php\/2019\/10\/03\/2a-jornada-estagio-e-pesquisa-na-biblioteca-brasiliana\/","url_meta":{"origin":4253,"position":3},"title":"2\u00aa Jornada &#8211; Est\u00e1gio e Pesquisa na Biblioteca Brasiliana","author":"mundobibliotecario","date":"03\/10\/2019","format":false,"excerpt":"Ag\u00eancia FAPESP\u00a0\u2013 A Biblioteca Brasiliana Guita e Jos\u00e9 Mindlin (BBM) da Universidade de S\u00e3o Paulo (USP) organiza sua 2\u00aa Jornada - Est\u00e1gio e Pesquisa no dia 4 de outubro de 2019, em S\u00e3o Paulo. O evento reunir\u00e1 pesquisadores, bolsistas e estagi\u00e1rios que atualmente participam nos projetos da biblioteca para reiterar\u2026","rel":"","context":"Em &quot;Not\u00edcias&quot;","block_context":{"text":"Not\u00edcias","link":"https:\/\/mundobibliotecario.com.br\/index.php\/category\/noticias\/"},"img":{"alt_text":"","src":"","width":0,"height":0},"classes":[]},{"id":3087,"url":"https:\/\/mundobibliotecario.com.br\/index.php\/2013\/04\/18\/inscricoes-abertas-para-a-ix-semana-a-pos-graduacao-da-eesc-na-biblioteca\/","url_meta":{"origin":4253,"position":4},"title":"Inscri\u00e7\u00f5es abertas para a IX Semana A P\u00f3s-Gradua\u00e7\u00e3o da EESC na Biblioteca","author":"mundobibliotecario","date":"18\/04\/2013","format":false,"excerpt":"A Escola de Engenharia de S\u00e3o Carlos (EESC) da USP realiza, entre os dias 23 e 25 de abril, a 9\u00aa Semana\u00a0A P\u00f3s-Gradua\u00e7\u00e3o da EESC na Biblioteca. O evento \u00e9 destinado aos alunos de p\u00f3s-gradua\u00e7\u00e3o da Escola, de outras unidades do campus e tamb\u00e9m de outras universidades e institui\u00e7\u00f5es. A\u2026","rel":"","context":"Em &quot;Eventos&quot;","block_context":{"text":"Eventos","link":"https:\/\/mundobibliotecario.com.br\/index.php\/category\/eventos\/"},"img":{"alt_text":"","src":"","width":0,"height":0},"classes":[]},{"id":3839,"url":"https:\/\/mundobibliotecario.com.br\/index.php\/2015\/08\/26\/a-expansao-das-bibliotecas-digitais-e-virtuais\/","url_meta":{"origin":4253,"position":5},"title":"A expans\u00e3o das bibliotecas digitais e virtuais","author":"mundobibliotecario","date":"26\/08\/2015","format":false,"excerpt":"Rosaly Favero Krzyzanowski, coordenadora da BV-FAPESP, em palestra durante o evento (foto: Leandro Negro \/ Ag.FAPESP) 25 de agosto de 2015 Elton Alisson | Ag\u00eancia FAPESP \u2013 O n\u00famero de bibliotecas digitais e virtuais tem aumentado\u00a0nos \u00faltimos anos.\u00a0Uma das raz\u00f5es \u00e9 o surgimento de programas gratuitos, como o DSpace, o\u2026","rel":"","context":"Em &quot;Not\u00edcias&quot;","block_context":{"text":"Not\u00edcias","link":"https:\/\/mundobibliotecario.com.br\/index.php\/category\/noticias\/"},"img":{"alt_text":"","src":"","width":0,"height":0},"classes":[]}],"jetpack_likes_enabled":true,"jetpack_shortlink":"https:\/\/wp.me\/pcbzwa-16B","_links":{"self":[{"href":"https:\/\/mundobibliotecario.com.br\/index.php\/wp-json\/wp\/v2\/posts\/4253","targetHints":{"allow":["GET"]}}],"collection":[{"href":"https:\/\/mundobibliotecario.com.br\/index.php\/wp-json\/wp\/v2\/posts"}],"about":[{"href":"https:\/\/mundobibliotecario.com.br\/index.php\/wp-json\/wp\/v2\/types\/post"}],"author":[{"embeddable":true,"href":"https:\/\/mundobibliotecario.com.br\/index.php\/wp-json\/wp\/v2\/users\/1"}],"replies":[{"embeddable":true,"href":"https:\/\/mundobibliotecario.com.br\/index.php\/wp-json\/wp\/v2\/comments?post=4253"}],"version-history":[{"count":3,"href":"https:\/\/mundobibliotecario.com.br\/index.php\/wp-json\/wp\/v2\/posts\/4253\/revisions"}],"predecessor-version":[{"id":7494,"href":"https:\/\/mundobibliotecario.com.br\/index.php\/wp-json\/wp\/v2\/posts\/4253\/revisions\/7494"}],"wp:attachment":[{"href":"https:\/\/mundobibliotecario.com.br\/index.php\/wp-json\/wp\/v2\/media?parent=4253"}],"wp:term":[{"taxonomy":"category","embeddable":true,"href":"https:\/\/mundobibliotecario.com.br\/index.php\/wp-json\/wp\/v2\/categories?post=4253"},{"taxonomy":"post_tag","embeddable":true,"href":"https:\/\/mundobibliotecario.com.br\/index.php\/wp-json\/wp\/v2\/tags?post=4253"}],"curies":[{"name":"wp","href":"https:\/\/api.w.org\/{rel}","templated":true}]}}