{"id":4283,"date":"2016-06-06T19:00:22","date_gmt":"2016-06-06T22:00:22","guid":{"rendered":"http:\/\/mundobibliotecario.com.br\/?p=4283"},"modified":"2020-07-22T12:12:38","modified_gmt":"2020-07-22T15:12:38","slug":"uniao-europeia-quer-liberar-acesso-a-artigos-cientificos-ate-2020-qual-o-impacto-da-medida","status":"publish","type":"post","link":"https:\/\/mundobibliotecario.com.br\/index.php\/2016\/06\/06\/uniao-europeia-quer-liberar-acesso-a-artigos-cientificos-ate-2020-qual-o-impacto-da-medida\/","title":{"rendered":"Uni\u00e3o Europeia quer liberar acesso a artigos cient\u00edficos at\u00e9 2020. Qual o impacto da medida"},"content":{"rendered":"<div class=\"meta-author\">\n<p>Andr\u00e9 Cabette F\u00e1bio<\/p>\n<p class=\"published-date\">30 Mai 2016<\/p>\n<p><span class=\"last-modified-date\">(atualizado 30\/Mai 19h43)<\/span><\/div>\n<h2 class=\"linha-fina\">Decis\u00e3o tem potencial de democratizar acesso \u00e0 ci\u00eancia e relativizar o poder de grandes editoras privadas<\/h2>\n<div class=\"ece_incoming\nimg-article \"><\/p>\n<div class=\"teaser \">\n<p class=\"meta-photo\">FOTO: <span class=\"photographer-photo\">BILL DICKINSON<\/span>\/<span class=\"credits-photo\">CREATIVE COMMONS<\/span><\/p>\n<div class=\"img-container picture\"><span><span><img decoding=\"async\" class=\"media-object \" title=\"Decis\u00e3o da Uni\u00e3o Europeia pode democratizar acesso \u00e0 ci\u00eancia\" src=\"https:\/\/www.nexojornal.com.br\/incoming\/imagens\/Decis%C3%A3o-da-Uni%C3%A3o-Europeia-pode-democratizar-acesso-%C3%A0-ci%C3%AAncia\/ALTERNATES\/LANDSCAPE_640\/Decis%C3%A3o%20da%20Uni%C3%A3o%20Europeia%20pode%20democratizar%20acesso%20%C3%A0%20ci%C3%AAncia\" alt=\"Pesquisadora com placa de petri\" \/><\/span><\/span><\/div>\n<p><span class=\"photo-caption\"><i class=\"fa fa-camera fa-nexo-photo\"><\/i> DECIS\u00c3O DA UNI\u00c3O EUROPEIA PODE DEMOCRATIZAR ACESSO \u00c0 CI\u00caNCIA<\/span><\/div>\n<\/div>\n<p>Pa\u00edses-membros da Uni\u00e3o Europeia decidiram na \u00faltima sexta-feira (27) que todos os artigos cient\u00edficos financiados com verbas p\u00fablicas dever\u00e3o ser de acesso p\u00fablico at\u00e9 2020. A meta tem o potencial de diminuir o poder de um seleto grupo de cinco grandes editoras privadas de determinar o que \u00e9 e o que n\u00e3o \u00e9 relevante na academia do ponto de vista global.<\/p>\n<p>A decis\u00e3o foi tomada ap\u00f3s um encontro de dois dias em Bruxelas entre ministros de Ci\u00eancia, Inova\u00e7\u00e3o, Com\u00e9rcio e Ind\u00fastria, e faz parte de um grupo de recomenda\u00e7\u00f5es chamadas de Open Access, que t\u00eam o objetivo de democratizar o acesso a dados cient\u00edficos.<\/p>\n<p>Atualmente, pesquisadores do mundo inteiro t\u00eam como meta pessoal ter seus trabalhos publicados em revistas renomadas cujo acesso se d\u00e1 por meio de assinaturas pagas.<\/p>\n<p>Esse \u00e9 um dos mecanismos utilizados por governos para determinar se o dinheiro investido em pesquisa \u00e9 bem aproveitado. Para os pesquisadores, serve como prova de que seu trabalho \u00e9 s\u00e9rio e reconhecido pelos pares &#8211; e de que eles merecem receber verba para continuar pesquisando.<\/p>\n<p>Como as revistas s\u00e3o pagas, quem n\u00e3o tem acesso a bibliotecas que as assinem tem que gastar para se atualizar com o que h\u00e1 de mais novo na ci\u00eancia.<\/p>\n<p>O conselho de ministros determinou que as pesquisas bancadas com dinheiro da Uni\u00e3o Europeia devem ser acess\u00edveis, a n\u00e3o ser que haja raz\u00f5es como quest\u00f5es de direito autoral ou de seguran\u00e7a que justifiquem que o conte\u00fado permane\u00e7a fechado.<\/p>\n<p>Nesse sentido, tal decis\u00e3o pode vir a relativizar o poder dessas grandes publica\u00e7\u00f5es e democratizar o acesso ao conhecimento de ponta. A decis\u00e3o n\u00e3o tem poder de lei, \u00e9 vista como <a href=\"http:\/\/www.sciencemag.org\/news\/2016\/05\/dramatic-statement-european-leaders-call-immediate-open-access-all-scientific-papers\" target=\"_blank\" rel=\"noopener noreferrer\">ambiciosa<\/a> e de dif\u00edcil aplica\u00e7\u00e3o por especialistas.<\/p>\n<p>Mas serve como orienta\u00e7\u00e3o pol\u00edtica para os 28 governos que comp\u00f5em a Uni\u00e3o Europeia. Ela foi impulsionada pelo posicionamento do governo dinamarqu\u00eas, que atualmente \u00e9 o presidente rotativo do bloco europeu.<\/p>\n<blockquote><p>&#8220;O tempo de falar sobre Open Access j\u00e1 passou. Com esses acordos n\u00f3s vamos alcan\u00e7\u00e1-lo na pr\u00e1tica\u201d<\/p><\/blockquote>\n<p class=\"authorName\">Sander Dekker<\/p>\n<p class=\"authorRole\">Secret\u00e1rio Dinamarqu\u00eas para Educa\u00e7\u00e3o, Cultura e Ci\u00eancia, em comunicado<\/p>\n<p>O <strong>Nexo<\/strong> selecionou alguns pontos para explicar por que a medida pode mudar o jogo de poder no mundo acad\u00eamico.<\/p>\n<h2 id=\"quem-decide-o-que-relevante-academicamente-no-mundo\">Quem decide o que \u00e9 relevante academicamente no mundo?<a class=\"anchor\" href=\"https:\/\/www.nexojornal.com.br\/expresso\/2016\/05\/30\/Uni%C3%A3o-Europeia-quer-liberar-acesso-a-artigos-cient%C3%ADficos-at%C3%A9-2020.-Qual-o-impacto-da-medida#quem-decide-o-que-relevante-academicamente-no-mundo\">#<\/a><\/h2>\n<p>O <a href=\"http:\/\/journals.plos.org\/plosone\/article?id=10.1371%2Fjournal.pone.0127502\" target=\"_blank\" rel=\"noopener noreferrer\">estudo<\/a> \u201cO Oligop\u00f3lio das Editoras Acad\u00eamicas na Era Digital\u201d\u00a0 mostra que cinco grandes editoras privadas, Reed-Elsevier, Springer, Wiley Blackwell, Taylor &amp; Francis e Sage, foram respons\u00e1veis pela publica\u00e7\u00e3o de mais de metade dos trabalhos cient\u00edficos mais citados e com maior visibilidade internacional em 2013.<\/p>\n<p>Ele foi realizado a partir da an\u00e1lise de 44 milh\u00f5es de documentos presentes no banco de dados Web of Science, da ag\u00eancia internacional Thomson Reuters. O Web of Science mapeia as cita\u00e7\u00f5es que trabalhos cient\u00edficos recebem no mundo acad\u00eamico, um importante elemento para determinar a relev\u00e2ncia de um determinado estudo.<\/p>\n<p>Segundo dados sobre o que foi publicado entre 1973 e 2013, o controle das cinco grandes editoras sobre esses trabalhos mais relevantes s\u00f3 aumentou nas \u00faltimas d\u00e9cadas. Mesmo com a amplia\u00e7\u00e3o do papel da internet que, em tese, tornaria mais livre o acesso \u00e0 informa\u00e7\u00e3o.<\/p>\n<p>Essas publica\u00e7\u00f5es n\u00e3o\u00a0 financiam as pesquisas cient\u00edficas que divulgam. Contudo, bibliotecas de universidades, pesquisadores e gente interessada do mundo inteiro s\u00e3o obrigados a pagar para elas para ter acesso \u00e0s informa\u00e7\u00f5es publicadas.<\/p>\n<p>Um <a href=\"http:\/\/www.stm-assoc.org\/2012_12_11_STM_Report_2012.pdf\" target=\"_blank\" rel=\"noopener noreferrer\">relat\u00f3rio<\/a> da Associa\u00e7\u00e3o das Editoras M\u00e9dicas, T\u00e9cnicas e Cient\u00edficas apontou que esse mercado teve receita de US$ 9,4 bilh\u00f5es em 2011 &#8211; o valor total n\u00e3o compreende apenas o arrecadado pelas cinco grandes editoras.<\/p>\n<p>As empresas argumentam que a verba \u00e9 empregada em manter a qualidade das publica\u00e7\u00f5es, com quadros de editores qualificados, por exemplo, que as tornam grandes refer\u00eancias internacionais.<\/p>\n<h2 id=\"a-medida-muda-o-jogo\">A medida muda o jogo?#<\/h2>\n<p>Em entrevista ao <strong>Nexo<\/strong>, Abel Packer, diretor do programa <a href=\"http:\/\/www.scielo.org\/php\/index.php\" target=\"_blank\" rel=\"noopener noreferrer\">Scielo<\/a>, que agrega na internet artigos cient\u00edficos de publica\u00e7\u00f5es brasileiras gratuitas, afirma que a decis\u00e3o da Uni\u00e3o Europeia deve diminuir o poder das grandes editoras, mas apenas a m\u00e9dio e longo prazo &#8211; caso seja, de fato, colocada em pr\u00e1tica.<\/p>\n<blockquote><p>\u201cEssas revistas v\u00e3o continuar a ter uma relev\u00e2ncia reconhecida por outros. Para obter financiamento para um grande projeto de pesquisa ainda \u00e9 preciso publicar nesses ve\u00edculos de prest\u00edgio. Para romper com isso, as publica\u00e7\u00f5es abertas ter\u00e3o que ganhar relev\u00e2ncia, e isso ainda vai demorar muito tempo\u201d<\/p><\/blockquote>\n<p class=\"authorName\">Abel Packer<\/p>\n<p class=\"authorRole\">Diretor do programa Scielo<\/p>\n<h2 id=\"como-funciona-no-brasil\">Como funciona no Brasil?<a class=\"anchor\" href=\"https:\/\/www.nexojornal.com.br\/expresso\/2016\/05\/30\/Uni%C3%A3o-Europeia-quer-liberar-acesso-a-artigos-cient%C3%ADficos-at%C3%A9-2020.-Qual-o-impacto-da-medida#como-funciona-no-brasil\">#<\/a><\/h2>\n<p>Em geral, publica\u00e7\u00f5es abertas se financiam por meio\u00a0 de um modelo em que a verba para a publica\u00e7\u00e3o \u00e9 paga pela institui\u00e7\u00e3o ou cientista que publica, ou pela institui\u00e7\u00e3o respons\u00e1vel pela revista.<\/p>\n<p>Segundo Packer, o Brasil tem hoje cerca de 5.000 publica\u00e7\u00f5es cient\u00edficas. Praticamente nenhuma se mant\u00e9m pelo modelo de assinaturas, mas com verbas de universidades e da sociedade civil. Entre essas, 280 que s\u00e3o consideradas de alto padr\u00e3o de qualidade s\u00e3o replicadas no Scielo.<\/p>\n<p>Dispon\u00edvel em: &lt;https:\/\/www.nexojornal.com.br\/expresso\/2016\/05\/30\/Uni%C3%A3o-Europeia-quer-liberar-acesso-a-artigos-cient%C3%ADficos-at%C3%A9-2020.-Qual-o-impacto-da-medida&gt;. Acesso em: 5 jun. 2016.<\/p>\n","protected":false},"excerpt":{"rendered":"<p>Andr\u00e9 Cabette F\u00e1bio 30 Mai 2016 (atualizado 30\/Mai 19h43) Decis\u00e3o tem potencial de democratizar acesso \u00e0 ci\u00eancia e relativizar o poder de grandes editoras privadas FOTO: BILL DICKINSON\/CREATIVE COMMONS DECIS\u00c3O DA UNI\u00c3O EUROPEIA PODE DEMOCRATIZAR ACESSO \u00c0 CI\u00caNCIA Pa\u00edses-membros da Uni\u00e3o Europeia decidiram na \u00faltima sexta-feira (27) que todos os artigos cient\u00edficos financiados com verbas &#8230; <a title=\"Uni\u00e3o Europeia quer liberar acesso a artigos cient\u00edficos at\u00e9 2020. Qual o impacto da medida\" class=\"read-more\" href=\"https:\/\/mundobibliotecario.com.br\/index.php\/2016\/06\/06\/uniao-europeia-quer-liberar-acesso-a-artigos-cientificos-ate-2020-qual-o-impacto-da-medida\/\" aria-label=\"Read more about Uni\u00e3o Europeia quer liberar acesso a artigos cient\u00edficos at\u00e9 2020. Qual o impacto da medida\">Ler mais<\/a><\/p>\n","protected":false},"author":1,"featured_media":0,"comment_status":"open","ping_status":"open","sticky":false,"template":"","format":"standard","meta":{"_mi_skip_tracking":false,"_exactmetrics_sitenote_active":false,"_exactmetrics_sitenote_note":"","_exactmetrics_sitenote_category":0,"_jetpack_newsletter_access":"","footnotes":""},"categories":[60],"tags":[643,644],"class_list":["post-4283","post","type-post","status-publish","format-standard","hentry","category-noticias","tag-acesso-aberto","tag-open-access"],"jetpack_featured_media_url":"","jetpack_sharing_enabled":true,"jetpack-related-posts":[{"id":3585,"url":"https:\/\/mundobibliotecario.com.br\/index.php\/2014\/09\/20\/bibliotecas-podem-digitalizar-livro-sem-autorizacao-decide-corte-europeia\/","url_meta":{"origin":4283,"position":0},"title":"Bibliotecas podem digitalizar livro sem autoriza\u00e7\u00e3o, decide corte europeia","author":"mundobibliotecario","date":"20\/09\/2014","format":false,"excerpt":"Por\u00a0Aline Pinheiro O Tribunal de Justi\u00e7a da Uni\u00e3o Europeia decidiu que o direito dos autores pode ser flexibilizado em prol do compartilhamento do conhecimento. Por isso, uma biblioteca pode digitalizar uma obra mesmo contra a vontade do detentor dos direitos autorais e disponibilizar essa obra para o p\u00fablico. O documento\u2026","rel":"","context":"Em &quot;Not\u00edcias&quot;","block_context":{"text":"Not\u00edcias","link":"https:\/\/mundobibliotecario.com.br\/index.php\/category\/noticias\/"},"img":{"alt_text":"","src":"","width":0,"height":0},"classes":[]},{"id":239,"url":"https:\/\/mundobibliotecario.com.br\/index.php\/2008\/12\/23\/biblioteca-virtual-europeia-reabre-nesta-terca-feira\/","url_meta":{"origin":4283,"position":1},"title":"Biblioteca virtual europ\u00e9ia reabre nesta ter\u00e7a-feira","author":"mundobibliotecario","date":"23\/12\/2008","format":false,"excerpt":"A Uni\u00e3o Europ\u00e9ia anunciou nesta ter\u00e7a-feira (23) a reabertura da biblioteca virtual Europeana, que havia sa\u00eddo do ar poucas horas ap\u00f3s sua inaugura\u00e7\u00e3o, na segunda quinzena de novembro. \u00c0 \u00e9poca, o motivo dado a respeito do desligamento da biblioteca virtual foi o de que a p\u00e1gina n\u00e3o suportou o acesso\u2026","rel":"","context":"Em &quot;Not\u00edcias&quot;","block_context":{"text":"Not\u00edcias","link":"https:\/\/mundobibliotecario.com.br\/index.php\/category\/noticias\/"},"img":{"alt_text":"","src":"","width":0,"height":0},"classes":[]},{"id":581,"url":"https:\/\/mundobibliotecario.com.br\/index.php\/2009\/04\/21\/unesco-lanca-biblioteca-digital-mundial-nesta-terca\/","url_meta":{"origin":4283,"position":2},"title":"Unesco lan\u00e7a biblioteca digital mundial nesta ter\u00e7a","author":"mundobibliotecario","date":"21\/04\/2009","format":false,"excerpt":"No site da Folha Online (http:\/\/www1.folha.uol.com.br\/folha\/informatica\/ult124u553154.shtml) da France Presse, em Paris A Unesco (Organiza\u00e7\u00e3o das Na\u00e7\u00f5es Unidas para a Educa\u00e7\u00e3o, a Ci\u00eancia e a Cultura) vai lan\u00e7ar nesta ter\u00e7a-feira (21), em Paris, a World Digital Library (biblioteca digital mundial, em ingl\u00eas), um site com acesso gr\u00e1tis a livros, mapas, manuscritos,\u2026","rel":"","context":"Em &quot;Not\u00edcias&quot;","block_context":{"text":"Not\u00edcias","link":"https:\/\/mundobibliotecario.com.br\/index.php\/category\/noticias\/"},"img":{"alt_text":"","src":"","width":0,"height":0},"classes":[]},{"id":1082,"url":"https:\/\/mundobibliotecario.com.br\/index.php\/2010\/01\/30\/biblioteca-do-novo-horizonte\/","url_meta":{"origin":4283,"position":3},"title":"Biblioteca do Novo Horizonte","author":"mundobibliotecario","date":"30\/01\/2010","format":false,"excerpt":"Pouco a pouco, a partir de alguns livros encontrados pelos moradores do bairro, foi montada a Biblioteca do Novo Horizonte, projeto desenvolvido em S\u00e3o Gon\u00e7alo do Sapuca\u00ed (MG) e que integra o Eixo 1 (Democratiza\u00e7\u00e3o do Acesso) do PNLL.\u00a0A biblioteca comunit\u00e1ria ainda em constru\u00e7\u00e3o, mas j\u00e1 atende crian\u00e7as e adultos\u2026","rel":"","context":"Em &quot;Not\u00edcias&quot;","block_context":{"text":"Not\u00edcias","link":"https:\/\/mundobibliotecario.com.br\/index.php\/category\/noticias\/"},"img":{"alt_text":"","src":"","width":0,"height":0},"classes":[]},{"id":2659,"url":"https:\/\/mundobibliotecario.com.br\/index.php\/2012\/07\/16\/projeto-de-lei-de-acesso-a-informacao-publica-deve-ser-encaminhado-a-camara\/","url_meta":{"origin":4283,"position":4},"title":"Projeto de lei de acesso \u00e0 informa\u00e7\u00e3o p\u00fablica deve ser encaminhado \u00e0 C\u00e2mara","author":"mundobibliotecario","date":"16\/07\/2012","format":false,"excerpt":"Andr\u00e9 Moraes andre.moraes@jcruzeiro.com.br A Prefeitura de Sorocaba dever\u00e1 encaminhar um projeto de lei \u00e0 C\u00e2mara em agosto, que visa regulamentar o acesso \u00e0 informa\u00e7\u00f5es p\u00fablicas, como determina a Lei Federal de Acesso \u00e0 Informa\u00e7\u00e3o (n\u00ba 12.527, de 18 de novembro de 2011), que j\u00e1 entrou em vigor h\u00e1 quase dois\u2026","rel":"","context":"Em &quot;Not\u00edcias&quot;","block_context":{"text":"Not\u00edcias","link":"https:\/\/mundobibliotecario.com.br\/index.php\/category\/noticias\/"},"img":{"alt_text":"","src":"","width":0,"height":0},"classes":[]},{"id":3594,"url":"https:\/\/mundobibliotecario.com.br\/index.php\/2014\/09\/30\/pesquisadores-ja-tem-acesso-a-informacoes-protegidas-do-inep\/","url_meta":{"origin":4283,"position":5},"title":"Pesquisadores j\u00e1 t\u00eam acesso a informa\u00e7\u00f5es protegidas do Inep","author":"mundobibliotecario","date":"30\/09\/2014","format":false,"excerpt":"Assessoria de Comunica\u00e7\u00e3o 29-Set-2014 Consultores, professores e pesquisadores j\u00e1 podem pedir informa\u00e7\u00f5es educacionais sobre a base de dados protegidos do Instituto Nacional de Estudos e Pesquisas Educacionais An\u00edsio Teixeira (Inep). Antes, o acesso era restrito \u00e0 base p\u00fablica. Na segunda-feira, 22, portaria do Inep divulgou as normas exigidas para pedidos\u2026","rel":"","context":"Em &quot;Not\u00edcias&quot;","block_context":{"text":"Not\u00edcias","link":"https:\/\/mundobibliotecario.com.br\/index.php\/category\/noticias\/"},"img":{"alt_text":"","src":"","width":0,"height":0},"classes":[]}],"jetpack_likes_enabled":true,"jetpack_shortlink":"https:\/\/wp.me\/pcbzwa-175","_links":{"self":[{"href":"https:\/\/mundobibliotecario.com.br\/index.php\/wp-json\/wp\/v2\/posts\/4283","targetHints":{"allow":["GET"]}}],"collection":[{"href":"https:\/\/mundobibliotecario.com.br\/index.php\/wp-json\/wp\/v2\/posts"}],"about":[{"href":"https:\/\/mundobibliotecario.com.br\/index.php\/wp-json\/wp\/v2\/types\/post"}],"author":[{"embeddable":true,"href":"https:\/\/mundobibliotecario.com.br\/index.php\/wp-json\/wp\/v2\/users\/1"}],"replies":[{"embeddable":true,"href":"https:\/\/mundobibliotecario.com.br\/index.php\/wp-json\/wp\/v2\/comments?post=4283"}],"version-history":[{"count":3,"href":"https:\/\/mundobibliotecario.com.br\/index.php\/wp-json\/wp\/v2\/posts\/4283\/revisions"}],"predecessor-version":[{"id":7575,"href":"https:\/\/mundobibliotecario.com.br\/index.php\/wp-json\/wp\/v2\/posts\/4283\/revisions\/7575"}],"wp:attachment":[{"href":"https:\/\/mundobibliotecario.com.br\/index.php\/wp-json\/wp\/v2\/media?parent=4283"}],"wp:term":[{"taxonomy":"category","embeddable":true,"href":"https:\/\/mundobibliotecario.com.br\/index.php\/wp-json\/wp\/v2\/categories?post=4283"},{"taxonomy":"post_tag","embeddable":true,"href":"https:\/\/mundobibliotecario.com.br\/index.php\/wp-json\/wp\/v2\/tags?post=4283"}],"curies":[{"name":"wp","href":"https:\/\/api.w.org\/{rel}","templated":true}]}}