{"id":4338,"date":"2016-09-05T21:00:36","date_gmt":"2016-09-06T00:00:36","guid":{"rendered":"http:\/\/mundobibliotecario.com.br\/?p=4338"},"modified":"2016-09-05T21:00:36","modified_gmt":"2016-09-06T00:00:36","slug":"como-indexar-seu-periodico-no-google-academico","status":"publish","type":"post","link":"https:\/\/mundobibliotecario.com.br\/index.php\/2016\/09\/05\/como-indexar-seu-periodico-no-google-academico\/","title":{"rendered":"Como indexar seu peri\u00f3dico no Google Acad\u00eamico"},"content":{"rendered":"<p style=\"text-align:center;\"><a href=\"https:\/\/mundobibliotecario.files.wordpress.com\/2016\/09\/f494016eecfb18f4c44294d8eef56ad174410d5bdf88a7a69epimgpsh_fullsize_distr.jpg\"><img loading=\"lazy\" decoding=\"async\" class=\"alignnone  wp-image-4339\" src=\"https:\/\/mundobibliotecario.files.wordpress.com\/2016\/09\/f494016eecfb18f4c44294d8eef56ad174410d5bdf88a7a69epimgpsh_fullsize_distr.jpg?w=300\" alt=\"^F494016EECFB18F4C44294D8EEF56AD174410D5BDF88A7A69E^pimgpsh_fullsize_distr\" width=\"391\" height=\"293\" srcset=\"https:\/\/mundobibliotecario.com.br\/wp-content\/uploads\/2016\/09\/f494016eecfb18f4c44294d8eef56ad174410d5bdf88a7a69epimgpsh_fullsize_distr.jpg 960w, https:\/\/mundobibliotecario.com.br\/wp-content\/uploads\/2016\/09\/f494016eecfb18f4c44294d8eef56ad174410d5bdf88a7a69epimgpsh_fullsize_distr-300x225.jpg 300w, https:\/\/mundobibliotecario.com.br\/wp-content\/uploads\/2016\/09\/f494016eecfb18f4c44294d8eef56ad174410d5bdf88a7a69epimgpsh_fullsize_distr-768x576.jpg 768w\" sizes=\"auto, (max-width: 391px) 100vw, 391px\" \/><\/a><\/p>\n<p style=\"text-align:left;\"><a href=\"https:\/\/youtu.be\/nbg11PB4bDs\">https:\/\/youtu.be\/nbg11PB4bDs <\/a><\/p>\n<p style=\"text-align:left;\">\n<strong>Como indexar seu Peri\u00f3dico no Google Acad\u00eamico<\/strong><\/p>\n<p style=\"text-align:left;\">\nEst\u00e1 republicado no canal YouTube da ABEC o v\u00eddeo com a proje\u00e7\u00e3o correta dos slides! A ABEC promoveu este hangout para auxiliar editores cient\u00edficos. Assista e compartilhe! Duvidas? Entre em contato &gt; fale.conosco@abecbrasil.org.br<br \/>\nModeradora: Suely de Brito Clemente Soares (Secret\u00e1rio-Geral)<br \/>\nConvidados: Gildenir C. Santos e David M. Milhomens (Conselheiros)<\/p>\n","protected":false},"excerpt":{"rendered":"<p>https:\/\/youtu.be\/nbg11PB4bDs Como indexar seu Peri\u00f3dico no Google Acad\u00eamico Est\u00e1 republicado no canal YouTube da ABEC o v\u00eddeo com a proje\u00e7\u00e3o correta dos slides! A ABEC promoveu este hangout para auxiliar editores cient\u00edficos. Assista e compartilhe! Duvidas? Entre em contato &gt; fale.conosco@abecbrasil.org.br Moderadora: Suely de Brito Clemente Soares (Secret\u00e1rio-Geral) Convidados: Gildenir C. Santos e David M. &#8230; <a title=\"Como indexar seu peri\u00f3dico no Google Acad\u00eamico\" class=\"read-more\" href=\"https:\/\/mundobibliotecario.com.br\/index.php\/2016\/09\/05\/como-indexar-seu-periodico-no-google-academico\/\" aria-label=\"Read more about Como indexar seu peri\u00f3dico no Google Acad\u00eamico\">Ler mais<\/a><\/p>\n","protected":false},"author":1,"featured_media":0,"comment_status":"open","ping_status":"open","sticky":false,"template":"","format":"standard","meta":{"_mi_skip_tracking":false,"_exactmetrics_sitenote_active":false,"_exactmetrics_sitenote_note":"","_exactmetrics_sitenote_category":0,"_jetpack_newsletter_access":"","footnotes":""},"categories":[60],"tags":[1191,1202,475,165],"class_list":["post-4338","post","type-post","status-publish","format-standard","hentry","category-noticias","tag-abec","tag-google-academico","tag-indexacao","tag-periodico"],"jetpack_featured_media_url":"","jetpack_sharing_enabled":true,"jetpack-related-posts":[{"id":4279,"url":"https:\/\/mundobibliotecario.com.br\/index.php\/2016\/06\/05\/guia-de-usuario-do-doi-para-download-gratuito\/","url_meta":{"origin":4338,"position":0},"title":"Guia de usu\u00e1rio do DOI para download gratuito","author":"mundobibliotecario","date":"05\/06\/2016","format":false,"excerpt":"O Digital Object Identifier (DOI) tem sido adotado mundialmente como o identificador \u00fanico para objetos digitais na internet. Com isso, editores de peri\u00f3dicos cient\u00edficos e outros respons\u00e1veis por publicar documentos na internet no Brasil tem adotado o DOI como forma de se adequar a um padr\u00e3o internacional, criando uma demanda\u2026","rel":"","context":"Em &quot;Not\u00edcias&quot;","block_context":{"text":"Not\u00edcias","link":"https:\/\/mundobibliotecario.com.br\/index.php\/category\/noticias\/"},"img":{"alt_text":"","src":"","width":0,"height":0},"classes":[]},{"id":3592,"url":"https:\/\/mundobibliotecario.com.br\/index.php\/2014\/09\/29\/redes-sociais-nas-publicacoes-cientificas\/","url_meta":{"origin":4338,"position":1},"title":"Redes Sociais nas publica\u00e7\u00f5es cient\u00edficas","author":"mundobibliotecario","date":"29\/09\/2014","format":false,"excerpt":"A Associa\u00e7\u00e3o Brasileira de Editores Cient\u00edficos \u2013 ABEC Brasil \u2013 tem o prazer de convidar a comunidade cient\u00edfica para o VIII WEC \u2013 Workshop de Editora\u00e7\u00e3o Cient\u00edfica \u2013 a ser realizado no per\u00edodo de 10 a 13 de novembro de 2014 na cidade de Campos do Jord\u00e3o\/SP. O WEC acontece\u2026","rel":"","context":"Em &quot;Eventos&quot;","block_context":{"text":"Eventos","link":"https:\/\/mundobibliotecario.com.br\/index.php\/category\/eventos\/"},"img":{"alt_text":"","src":"","width":0,"height":0},"classes":[]},{"id":4787,"url":"https:\/\/mundobibliotecario.com.br\/index.php\/2018\/06\/04\/como-usar-o-botao-do-google-academico\/","url_meta":{"origin":4338,"position":2},"title":"Como usar o bot\u00e3o do Google Acad\u00eamico","author":"mundobibliotecario","date":"04\/06\/2018","format":false,"excerpt":"O Google Acad\u00eamico \u00e9 uma das ferramentas mais utilizadas hoje para se fazer pesquisas. Sua principal vantagem \u00e9 ser uma ferramenta gratuita, diferentemente de bases de dados assinadas pelas bibliotecas das institui\u00e7\u00f5es de ensino superior. Por outro lado, nem sempre \u00e9 poss\u00edvel se certificar sobre a origem do conte\u00fado. N\u00e3o\u2026","rel":"","context":"Em &quot;Voc\u00ea sabia?&quot;","block_context":{"text":"Voc\u00ea sabia?","link":"https:\/\/mundobibliotecario.com.br\/index.php\/category\/voce-sabia\/"},"img":{"alt_text":"","src":"","width":0,"height":0},"classes":[]},{"id":3710,"url":"https:\/\/mundobibliotecario.com.br\/index.php\/2015\/04\/16\/botao-do-google-academico-extensao-chrome\/","url_meta":{"origin":4338,"position":3},"title":"Bot\u00e3o do Google Acad\u00eamico &#8211; Extens\u00e3o Chrome","author":"mundobibliotecario","date":"16\/04\/2015","format":false,"excerpt":"Google lan\u00e7ou sua pr\u00f3pria extens\u00e3o chrome para encurtar o caminho entre navega\u00e7\u00e3o\/leitura e busca no Google Acad\u00eamico. A extens\u00e3o, que leva o nome de \"Bot\u00e3o do Google Acad\u00eamico\" funciona assim: durante a navega\u00e7\u00e3o em p\u00e1gina que contenha dados referenciais (nem todas as p\u00e1ginas) ou ap\u00f3s selecionar um termo\/t\u00edtulo em uma\u2026","rel":"","context":"Em &quot;Not\u00edcias&quot;","block_context":{"text":"Not\u00edcias","link":"https:\/\/mundobibliotecario.com.br\/index.php\/category\/noticias\/"},"img":{"alt_text":"","src":"","width":0,"height":0},"classes":[]},{"id":7843,"url":"https:\/\/mundobibliotecario.com.br\/index.php\/2020\/09\/17\/atualizacao-da-extensao-do-navegador-do-botao-do-google-academico\/","url_meta":{"origin":4338,"position":4},"title":"Atualiza\u00e7\u00e3o da extens\u00e3o do navegador do bot\u00e3o do Google Acad\u00eamico","author":"mundobibliotecario","date":"17\/09\/2020","format":false,"excerpt":"O bot\u00e3o do Google Acad\u00eamico, lan\u00e7ado em 2015, fornece acesso f\u00e1cil ao Google Acad\u00eamico de qualquer p\u00e1gina da web.\u00a0Voc\u00ea pode us\u00e1-lo para encontrar texto completo na web ou na biblioteca da sua universidade, formatar refer\u00eancias em estilos de cita\u00e7\u00e3o amplamente usados, repetir uma pesquisa na web no Acad\u00eamico ou simplesmente\u2026","rel":"","context":"Em &quot;Not\u00edcias&quot;","block_context":{"text":"Not\u00edcias","link":"https:\/\/mundobibliotecario.com.br\/index.php\/category\/noticias\/"},"img":{"alt_text":"","src":"","width":0,"height":0},"classes":[]},{"id":3894,"url":"https:\/\/mundobibliotecario.com.br\/index.php\/2015\/09\/09\/listas-de-fontes-de-informacao-para-a-pesquisa-academica\/","url_meta":{"origin":4338,"position":5},"title":"Listas de fontes de informa\u00e7\u00e3o para a pesquisa acad\u00eamica","author":"mundobibliotecario","date":"09\/09\/2015","format":false,"excerpt":"Compartilho os links de duas listas com fontes de informa\u00e7\u00e3o para pesquisas acad\u00eamicas: 1) a primeira \u00e9\u00a0uma compila\u00e7\u00e3o de sites e bases de dados realizada por Marcus P. Zillman, da Virtual Private Library: Academic and Scholar Search Engines and Sources:\u00a0An Internet Annotated Link 2) a Wikipedia tamb\u00e9m disponibiliza uma lista\u2026","rel":"","context":"Em &quot;Not\u00edcias&quot;","block_context":{"text":"Not\u00edcias","link":"https:\/\/mundobibliotecario.com.br\/index.php\/category\/noticias\/"},"img":{"alt_text":"","src":"","width":0,"height":0},"classes":[]}],"jetpack_likes_enabled":true,"jetpack_shortlink":"https:\/\/wp.me\/pcbzwa-17Y","_links":{"self":[{"href":"https:\/\/mundobibliotecario.com.br\/index.php\/wp-json\/wp\/v2\/posts\/4338","targetHints":{"allow":["GET"]}}],"collection":[{"href":"https:\/\/mundobibliotecario.com.br\/index.php\/wp-json\/wp\/v2\/posts"}],"about":[{"href":"https:\/\/mundobibliotecario.com.br\/index.php\/wp-json\/wp\/v2\/types\/post"}],"author":[{"embeddable":true,"href":"https:\/\/mundobibliotecario.com.br\/index.php\/wp-json\/wp\/v2\/users\/1"}],"replies":[{"embeddable":true,"href":"https:\/\/mundobibliotecario.com.br\/index.php\/wp-json\/wp\/v2\/comments?post=4338"}],"version-history":[{"count":0,"href":"https:\/\/mundobibliotecario.com.br\/index.php\/wp-json\/wp\/v2\/posts\/4338\/revisions"}],"wp:attachment":[{"href":"https:\/\/mundobibliotecario.com.br\/index.php\/wp-json\/wp\/v2\/media?parent=4338"}],"wp:term":[{"taxonomy":"category","embeddable":true,"href":"https:\/\/mundobibliotecario.com.br\/index.php\/wp-json\/wp\/v2\/categories?post=4338"},{"taxonomy":"post_tag","embeddable":true,"href":"https:\/\/mundobibliotecario.com.br\/index.php\/wp-json\/wp\/v2\/tags?post=4338"}],"curies":[{"name":"wp","href":"https:\/\/api.w.org\/{rel}","templated":true}]}}