{"id":4353,"date":"2016-09-20T09:40:06","date_gmt":"2016-09-20T12:40:06","guid":{"rendered":"http:\/\/mundobibliotecario.com.br\/?p=4353"},"modified":"2016-09-20T09:40:06","modified_gmt":"2016-09-20T12:40:06","slug":"xixseminario-nacional-de-bibliotecas-universitarias","status":"publish","type":"post","link":"https:\/\/mundobibliotecario.com.br\/index.php\/2016\/09\/20\/xixseminario-nacional-de-bibliotecas-universitarias\/","title":{"rendered":"XIX Semin\u00e1rio Nacional de Bibliotecas Universit\u00e1rias"},"content":{"rendered":"<p><a href=\"https:\/\/mundobibliotecario.files.wordpress.com\/2016\/09\/14423787_10210650812896680_312651280_o.jpg\"><img loading=\"lazy\" decoding=\"async\" class=\"size-full wp-image-4354 aligncenter\" src=\"https:\/\/mundobibliotecario.files.wordpress.com\/2016\/09\/14423787_10210650812896680_312651280_o.jpg\" alt=\"XIX SNBU\" width=\"500\" height=\"334\" srcset=\"https:\/\/mundobibliotecario.com.br\/wp-content\/uploads\/2016\/09\/14423787_10210650812896680_312651280_o.jpg 2048w, https:\/\/mundobibliotecario.com.br\/wp-content\/uploads\/2016\/09\/14423787_10210650812896680_312651280_o-300x200.jpg 300w, https:\/\/mundobibliotecario.com.br\/wp-content\/uploads\/2016\/09\/14423787_10210650812896680_312651280_o-1024x684.jpg 1024w, https:\/\/mundobibliotecario.com.br\/wp-content\/uploads\/2016\/09\/14423787_10210650812896680_312651280_o-768x513.jpg 768w, https:\/\/mundobibliotecario.com.br\/wp-content\/uploads\/2016\/09\/14423787_10210650812896680_312651280_o-1536x1026.jpg 1536w\" sizes=\"auto, (max-width: 500px) 100vw, 500px\" \/><\/a><\/p>\n<p style=\"text-align:center;\"><strong>XIX Semin\u00e1rio Nacional de Bibliotecas Universit\u00e1rias<\/strong><\/p>\n<p style=\"text-align:center;\"><strong>BIBLIOTECA UNIVERSIT\u00c1RIA COMO AGENTE DE SUSTENTABILIDADE INSTITUCIONAL<\/strong><\/p>\n<p style=\"text-align:center;\">O Sistema de Bibliotecas da Universidade Federal do Amazonas (UFAM) realizar\u00e1, em parceria com a Universidade do Estado do Amazonas (UEA) e com o Instituto Federal do Amazonas (IFAM), no per\u00edodo de 15 a 21 de outubro de 2016, o XIX Semin\u00e1rio Nacional de Bibliotecas Universit\u00e1rias \u2013 SNBU no Centro de Conven\u00e7\u00f5es do Tropical Hotel, em Manaus.<\/p>\n<p style=\"text-align:center;\">O SNBU \u00e9 o maior e mais importante evento brasileiro no \u00e2mbito de bibliotecas universit\u00e1rias, porquanto se tornou o principal f\u00f3rum nacional de discuss\u00e3o, atualiza\u00e7\u00e3o e aperfei\u00e7oamento nesta \u00e1rea espec\u00edfica de atua\u00e7\u00e3o. Neste evento participar\u00e3o destacadas personalidades no campo da Ci\u00eancia da Informa\u00e7\u00e3o, convidados de outros pa\u00edses e corpo docente, discentes e t\u00e9cnicos de todas as universidades do pa\u00eds e do exterior para debater o tema: A biblioteca universit\u00e1ria como agente de sustentabilidade institucional.<\/p>\n<p style=\"text-align:center;\">Discutir a sustentabilidade de uma organiza\u00e7\u00e3o se configura como uma tem\u00e1tica relevante para gestores e colaboradores, especialmente quando se trata de uma biblioteca inserida no contexto das institui\u00e7\u00f5es que atuam na \u00e1rea da educa\u00e7\u00e3o, como as universidades, as quais possuem uma legisla\u00e7\u00e3o que regulamenta e ampara o seu fazer como a Lei de Diretrizes e Bases da Educa\u00e7\u00e3o Nacional (LDBEN), Plano Nacional de Educa\u00e7\u00e3o (PNE), Par\u00e2metro Curriculares Nacionais (PCN), Diretrizes Curriculares Nacionais (DCN) e Projetos Pedag\u00f3gicos dos Cursos (PPC), todas estas fundamentais para sua exist\u00eancia e funcionamento.<\/p>\n<p style=\"text-align:center;\">No contexto da biblioteca universit\u00e1ria, tais quest\u00f5es est\u00e3o relacionadas \u00e0 capacidade de executar atividades para consolidar e incrementar o projeto de forma\u00e7\u00e3o humana assumido pela institui\u00e7\u00e3o de ensino superior onde ela est\u00e1 inserida, considerando tanto a sua organiza\u00e7\u00e3o interna, quanto sua inser\u00e7\u00e3o no ambiente externo. De fato, os processos e recursos agenciados pela biblioteca universit\u00e1ria e a relev\u00e2ncia da sua a\u00e7\u00e3o para a sociedade dever\u00e3o ser basilares para a sua sustentabilidade, o que poder\u00e1 ser mensurado pela sua contribui\u00e7\u00e3o para o cumprimento da miss\u00e3o da institui\u00e7\u00e3o de ensino superior.<\/p>\n<p style=\"text-align:center;\">Por isso parece-nos oportuno promover reflex\u00f5es sobre as pr\u00e1ticas de sustentabilidade, a partir da vis\u00e3o defendida pela Organiza\u00e7\u00e3o das Na\u00e7\u00f5es Unidas (ONU), a respeito do tema que envolve a vertente econ\u00f4mica, ambiental, social, pol\u00edtico-institucional e cultural das bibliotecas universit\u00e1rias com o olhar atencioso para o contexto da organiza\u00e7\u00e3o universit\u00e1ria como um todo e seus reflexos sobre a configura\u00e7\u00e3o de suas estruturas administrativas, na organiza\u00e7\u00e3o e oferta dos servi\u00e7os aos seus usu\u00e1rios. Trata-se, portanto, de um tema universal e contempor\u00e2neo, presente no cotidiano de todas as organiza\u00e7\u00f5es, pois \u00e9 imposs\u00edvel dissociar qualquer atividade, com ou sem fins lucrativos, desse conceito.<\/p>\n<p style=\"text-align:center;\">Reconhecendo a import\u00e2ncia da participa\u00e7\u00e3o em um evento de tamanha express\u00e3o, convidamos a todos os bibliotec\u00e1rios do pa\u00eds a, junto conosco, constru\u00edrem as reflex\u00f5es propostas.<\/p>\n<p style=\"text-align:center;\"><em>Dra. C\u00e9lia Regina Simonetti Barbalho<\/em><\/p>\n<p style=\"text-align:center;\"><em>Presidente do XIX SNBU<\/em><\/p>\n","protected":false},"excerpt":{"rendered":"<p>XIX Semin\u00e1rio Nacional de Bibliotecas Universit\u00e1rias BIBLIOTECA UNIVERSIT\u00c1RIA COMO AGENTE DE SUSTENTABILIDADE INSTITUCIONAL O Sistema de Bibliotecas da Universidade Federal do Amazonas (UFAM) realizar\u00e1, em parceria com a Universidade do Estado do Amazonas (UEA) e com o Instituto Federal do Amazonas (IFAM), no per\u00edodo de 15 a 21 de outubro de 2016, o XIX Semin\u00e1rio &#8230; <a title=\"XIX Semin\u00e1rio Nacional de Bibliotecas Universit\u00e1rias\" class=\"read-more\" href=\"https:\/\/mundobibliotecario.com.br\/index.php\/2016\/09\/20\/xixseminario-nacional-de-bibliotecas-universitarias\/\" aria-label=\"Read more about XIX Semin\u00e1rio Nacional de Bibliotecas Universit\u00e1rias\">Ler mais<\/a><\/p>\n","protected":false},"author":1,"featured_media":0,"comment_status":"open","ping_status":"open","sticky":false,"template":"","format":"standard","meta":{"_mi_skip_tracking":false,"_exactmetrics_sitenote_active":false,"_exactmetrics_sitenote_note":"","_exactmetrics_sitenote_category":0,"_jetpack_newsletter_access":"","footnotes":""},"categories":[60],"tags":[1732,1748],"class_list":["post-4353","post","type-post","status-publish","format-standard","hentry","category-noticias","tag-seminario-nacional-de-bibliotecas-universitarias","tag-snbu-2016"],"jetpack_featured_media_url":"","jetpack_sharing_enabled":true,"jetpack-related-posts":[{"id":5013,"url":"https:\/\/mundobibliotecario.com.br\/index.php\/2018\/10\/23\/anais-do-xx-seminario-nacional-de-bibliotecas-universitarias-snbu-2018\/","url_meta":{"origin":4353,"position":0},"title":"Anais do XX Semin\u00e1rio Nacional de Bibliotecas Universit\u00e1rias (SNBU 2018)","author":"mundobibliotecario","date":"23\/10\/2018","format":false,"excerpt":"Os anais do\u00a0Anais do XX Semin\u00e1rio Nacional de Bibliotecas Universit\u00e1rias (SNBU 2018) foram publicados e est\u00e3o dispon\u00edveis para download no Reposit\u00f3rio da UFBA:\u00a0https:\/\/repositorio.ufba.br\/ri\/handle\/ri\/27708. Veja abaixo o resumo da publica\u00e7\u00e3o: Em 2018, Salvador sediou o Semin\u00e1rio Nacional de Bibliotecas Universit\u00e1rias, o XX SNBU, organizado pelo Sistema Universit\u00e1rio de Bibliotecas da Universidade\u2026","rel":"","context":"Em &quot;Not\u00edcias&quot;","block_context":{"text":"Not\u00edcias","link":"https:\/\/mundobibliotecario.com.br\/index.php\/category\/noticias\/"},"img":{"alt_text":"","src":"","width":0,"height":0},"classes":[]},{"id":38,"url":"https:\/\/mundobibliotecario.com.br\/index.php\/2008\/08\/09\/xv-seminario-nacional-de-bibliotecas-universitarias\/","url_meta":{"origin":4353,"position":1},"title":"XV Semin\u00e1rio Nacional de Bibliotecas Universit\u00e1rias","author":"mundobibliotecario","date":"09\/08\/2008","format":false,"excerpt":"O XV Semin\u00e1rio Nacional de Bibliotecas Universit\u00e1rias (SNBU) ser\u00e1 realizado em S\u00e3o Paulo, de 10 a 14 de novembro. O evento ocorrer\u00e1 no Pal\u00e1cio de Conven\u00e7\u00f5es\u00a0do Anhembi, localizado \u00e0 Avenida Olavo Fontura, 1209 - S\u00e3o Paulo\/SP. A edi\u00e7\u00e3o de 2008 marca os 30 anos do evento, realizado desde 1978 em\u2026","rel":"","context":"Em &quot;Eventos&quot;","block_context":{"text":"Eventos","link":"https:\/\/mundobibliotecario.com.br\/index.php\/category\/eventos\/"},"img":{"alt_text":"","src":"","width":0,"height":0},"classes":[]},{"id":4379,"url":"https:\/\/mundobibliotecario.com.br\/index.php\/2016\/10\/23\/snbu-2016-dia-161016\/","url_meta":{"origin":4353,"position":2},"title":"SNBU 2016 &#8211; Dia 16\/10\/16","author":"mundobibliotecario","date":"23\/10\/2016","format":false,"excerpt":"O XIX Semin\u00e1rio Nacional de Bibliotecas Universit\u00e1rias (SNBU), neste 2016 sediado em Manaus (AM), teve in\u00edcio na noite de 16\/10\/2016 com um breve atraso que, infelizmente, vejo que \u00e9 de praxe neste e outros eventos bibliotec\u00e1rios e n\u00e3o-bibliotec\u00e1rios: o in\u00edcio, programado para 20h00, na verdade ocorreu por volta de 20h20.\u2026","rel":"","context":"Em &quot;Eventos&quot;","block_context":{"text":"Eventos","link":"https:\/\/mundobibliotecario.com.br\/index.php\/category\/eventos\/"},"img":{"alt_text":"","src":"","width":0,"height":0},"classes":[]},{"id":3643,"url":"https:\/\/mundobibliotecario.com.br\/index.php\/2014\/11\/16\/snbu-2014-dia-16112014\/","url_meta":{"origin":4353,"position":3},"title":"SNBU 2014: dia 16\/11\/2014","author":"mundobibliotecario","date":"16\/11\/2014","format":false,"excerpt":"A XVIII edi\u00e7\u00e3o do Semin\u00e1rio Nacional de Bibliotecas Universit\u00e1rias (SNBU), realizada em 2014 na cidade de Belho Horizonte (MG), teve in\u00edcio no dia 16\/11 com a realiza\u00e7\u00e3o de minicursos e eventos simult\u00e2neos que est\u00e3o dispon\u00edveis na programa\u00e7\u00e3o. A noite, um pouco depois das 20h00 teve in\u00edcio a abertura. Na mesa\u2026","rel":"","context":"Em &quot;Eventos&quot;","block_context":{"text":"Eventos","link":"https:\/\/mundobibliotecario.com.br\/index.php\/category\/eventos\/"},"img":{"alt_text":"","src":"","width":0,"height":0},"classes":[]},{"id":4400,"url":"https:\/\/mundobibliotecario.com.br\/index.php\/2016\/11\/07\/snbu-2016-191016\/","url_meta":{"origin":4353,"position":4},"title":"SNBU 2016 &#8211; 19\/10\/16","author":"mundobibliotecario","date":"07\/11\/2016","format":false,"excerpt":"No quarto dia do SNBU 2016, no qual o evento foi encerrado e os dias seguintes foram dedicados apenas para visitas t\u00e9cnicas, ocorreu a confer\u00eancia \"Projetando o Futuro Tecnol\u00f3gico das Bibliotecas Universit\u00e1rias\", proferida por Christopher Timothy Holly, da EBSCO. Holly iniciou sua fala sobre o Cultural Community Solutions (CCS), um\u2026","rel":"","context":"Em &quot;Eventos&quot;","block_context":{"text":"Eventos","link":"https:\/\/mundobibliotecario.com.br\/index.php\/category\/eventos\/"},"img":{"alt_text":"","src":"","width":0,"height":0},"classes":[]},{"id":4398,"url":"https:\/\/mundobibliotecario.com.br\/index.php\/2016\/11\/05\/snbu-2016-dia-181016\/","url_meta":{"origin":4353,"position":5},"title":"SNBU 2016 &#8211; Dia 18\/10\/16","author":"mundobibliotecario","date":"05\/11\/2016","format":false,"excerpt":"No terceiro dia do SNBU 2016, o bibliotec\u00e1rio Cristian Jos\u00e9 Oliveira Santos, da C\u00e2mara dos Deputados, proferiu pela manh\u00e3 a confer\u00eancia \"A Cultura Organizacional das Bibliotecas Universit\u00e1rias. Santos discorreu sobre aspectos diversos da cultura organizacional. Fundamentalmente, trata-se do \"jeito de fazer as coisas\". No contexto bibliotec\u00e1rio, destacou que a biblioteca\u2026","rel":"","context":"Em &quot;Eventos&quot;","block_context":{"text":"Eventos","link":"https:\/\/mundobibliotecario.com.br\/index.php\/category\/eventos\/"},"img":{"alt_text":"","src":"","width":0,"height":0},"classes":[]}],"jetpack_likes_enabled":true,"jetpack_shortlink":"https:\/\/wp.me\/pcbzwa-18d","_links":{"self":[{"href":"https:\/\/mundobibliotecario.com.br\/index.php\/wp-json\/wp\/v2\/posts\/4353","targetHints":{"allow":["GET"]}}],"collection":[{"href":"https:\/\/mundobibliotecario.com.br\/index.php\/wp-json\/wp\/v2\/posts"}],"about":[{"href":"https:\/\/mundobibliotecario.com.br\/index.php\/wp-json\/wp\/v2\/types\/post"}],"author":[{"embeddable":true,"href":"https:\/\/mundobibliotecario.com.br\/index.php\/wp-json\/wp\/v2\/users\/1"}],"replies":[{"embeddable":true,"href":"https:\/\/mundobibliotecario.com.br\/index.php\/wp-json\/wp\/v2\/comments?post=4353"}],"version-history":[{"count":0,"href":"https:\/\/mundobibliotecario.com.br\/index.php\/wp-json\/wp\/v2\/posts\/4353\/revisions"}],"wp:attachment":[{"href":"https:\/\/mundobibliotecario.com.br\/index.php\/wp-json\/wp\/v2\/media?parent=4353"}],"wp:term":[{"taxonomy":"category","embeddable":true,"href":"https:\/\/mundobibliotecario.com.br\/index.php\/wp-json\/wp\/v2\/categories?post=4353"},{"taxonomy":"post_tag","embeddable":true,"href":"https:\/\/mundobibliotecario.com.br\/index.php\/wp-json\/wp\/v2\/tags?post=4353"}],"curies":[{"name":"wp","href":"https:\/\/api.w.org\/{rel}","templated":true}]}}