{"id":4400,"date":"2016-11-07T22:17:00","date_gmt":"2016-11-08T01:17:00","guid":{"rendered":"http:\/\/mundobibliotecario.com.br\/?p=4400"},"modified":"2016-11-07T22:17:00","modified_gmt":"2016-11-08T01:17:00","slug":"snbu-2016-191016","status":"publish","type":"post","link":"https:\/\/mundobibliotecario.com.br\/index.php\/2016\/11\/07\/snbu-2016-191016\/","title":{"rendered":"SNBU 2016 &#8211; 19\/10\/16"},"content":{"rendered":"<p>No quarto dia do SNBU 2016, no qual o evento foi encerrado e os dias seguintes foram dedicados apenas para visitas t\u00e9cnicas, ocorreu a confer\u00eancia &#8220;Projetando o Futuro Tecnol\u00f3gico das Bibliotecas Universit\u00e1rias&#8221;, proferida por Christopher Timothy Holly, da EBSCO.<\/p>\n<p>Holly iniciou sua fala sobre o <a href=\"http:\/\/www.ccslibraries.com\/\">Cultural Community Solutions (CCS)<\/a>, um cons\u00f3rcio norte-americano de bibliotecas, apresentando a miss\u00e3o que \u00e9 promover o acesso a recursos compartilhados e tecnologia de servi\u00e7os para bibliotecas com custo-benef\u00edcio como um centro\u00a0de aprendizagem \u00a0colaborativo para desvendar o futuro. Al\u00e9m disso, exp\u00f4s que o plano estrat\u00e9gico do cons\u00f3rcio \u00e9 o foco no usu\u00e1rio e a corre\u00e7\u00e3o dos registros bibliogr\u00e1ficos para novos padr\u00f5es.<\/p>\n<p>O conferencista\u00a0comentou, tamb\u00e9m, as decis\u00f5es tecnol\u00f3gicas refletem os valores da biblioteca, e que as necessidades variam entre as bibliotecas. Sobre a consolida\u00e7\u00e3o da automa\u00e7\u00e3o de bibliotecas nos Estados Unidos, Holly comentou que isso ocorreu por meio de muitos movimentos de fus\u00f5es e aquisi\u00e7\u00f5es, o que diminuiu as op\u00e7\u00f5es dispon\u00edveis no mercado. A filosofia do CCS vai justamente na contram\u00e3o desse movimento, pois pretende dialogar de forma mais ampla para ajudar a mudan\u00e7a.<\/p>\n<p>Em rela\u00e7\u00e3o a inova\u00e7\u00e3o, o conferencista apontou que novos modelos de neg\u00f3cios como Airbnb, Amazon e Netflix, pois surgiram mudan\u00e7as no mercado e na competitividade. A situa\u00e7\u00e3o \u00e9 a mesma no contexto bibliotec\u00e1rio, por isso, as plataformas surgem como ambientes de c\u00f3digo aberto, acess\u00edveis em m\u00faltiplos n\u00edveis e que operam de forma n\u00e3o lucrativa. Assim, por meio da comunidade, modernidade e modularidade, consegue promover inova\u00e7\u00f5es como o di\u00e1logo de diferentes comunidades, implantar servi\u00e7os em nuvem e <em>linked data<\/em> e expandir em plataformas m\u00f3dulos de sistemas de bibliotecas, tais como cataloga\u00e7\u00e3o, aquisi\u00e7\u00e3o, dentre outros.<\/p>\n<p>Nesse contexto, Holly apresentou o <a href=\"http:\/\/folio.org\/\">FOLIO<\/a>, que \u00e9 uma plataforma para desenvolver tecnologias para bibliotecas. Tem como caracter\u00edsticas, dentre outras ser extens\u00edvel, com servi\u00e7os de descoberta e <em>open link<\/em> URL, al\u00e9m de contar com novos aplicativos, tais como <em>linked open data<\/em> e <em>room booking<\/em>. Dentre seus objetivos, est\u00e3o: criar uma comunidade, alavanar a fonte aberta, melhorar produtos e trazer mais op\u00e7\u00f5es de plataformas para bibliotecas. Assim, FOLIO permite a participa\u00e7\u00e3o de bibliotecas e fornecedores, aumentando a concorr\u00eancia e diminuindo custos.<\/p>\n<p>Na sequ\u00eancia, foi apresentada a confer\u00eancia &#8220;Cria\u00e7\u00e3o e Povoamento de Reposit\u00f3rio Institucional: estrat\u00e9gias de consolida\u00e7\u00e3o&#8221;, por\u00a0Ricardo Otelo dos Santos Saraiva Cruz, da Universidade do Minho e, no per\u00edodo da tarde, foi apresentado o relato do evento pelo professor Oswaldo Francisco de Almeida J\u00fanior, da Unesp de Mar\u00edlia (SP), com um balan\u00e7o geral positivo, tanto em n\u00famero de participantes (por volta de 600), como pela quantidade de trabalhos aprovados e demais atividades do evento, apesar de problemas pontuais com aus\u00eancias nas apresenta\u00e7\u00f5es de trabalhos e atrasos, o que n\u00e3o invalida os ganhos pela participa\u00e7\u00e3o no evento em si, sobretudo no que se refere ao estabelecimento de fortalecimento da rede de contato entre profissionais.<\/p>\n","protected":false},"excerpt":{"rendered":"<p>No quarto dia do SNBU 2016, no qual o evento foi encerrado e os dias seguintes foram dedicados apenas para visitas t\u00e9cnicas, ocorreu a confer\u00eancia &#8220;Projetando o Futuro Tecnol\u00f3gico das Bibliotecas Universit\u00e1rias&#8221;, proferida por Christopher Timothy Holly, da EBSCO. Holly iniciou sua fala sobre o Cultural Community Solutions (CCS), um cons\u00f3rcio norte-americano de bibliotecas, apresentando &#8230; <a title=\"SNBU 2016 &#8211; 19\/10\/16\" class=\"read-more\" href=\"https:\/\/mundobibliotecario.com.br\/index.php\/2016\/11\/07\/snbu-2016-191016\/\" aria-label=\"Read more about SNBU 2016 &#8211; 19\/10\/16\">Ler mais<\/a><\/p>\n","protected":false},"author":1,"featured_media":0,"comment_status":"open","ping_status":"open","sticky":false,"template":"","format":"standard","meta":{"_mi_skip_tracking":false,"_exactmetrics_sitenote_active":false,"_exactmetrics_sitenote_note":"","_exactmetrics_sitenote_category":0,"_jetpack_newsletter_access":"","footnotes":""},"categories":[27,60],"tags":[373,1519,274,1748],"class_list":["post-4400","post","type-post","status-publish","format-standard","hentry","category-eventos","category-noticias","tag-biblioteca-universitaria","tag-folio","tag-plataforma","tag-snbu-2016"],"jetpack_featured_media_url":"","jetpack_sharing_enabled":true,"jetpack-related-posts":[{"id":5013,"url":"https:\/\/mundobibliotecario.com.br\/index.php\/2018\/10\/23\/anais-do-xx-seminario-nacional-de-bibliotecas-universitarias-snbu-2018\/","url_meta":{"origin":4400,"position":0},"title":"Anais do XX Semin\u00e1rio Nacional de Bibliotecas Universit\u00e1rias (SNBU 2018)","author":"mundobibliotecario","date":"23\/10\/2018","format":false,"excerpt":"Os anais do\u00a0Anais do XX Semin\u00e1rio Nacional de Bibliotecas Universit\u00e1rias (SNBU 2018) foram publicados e est\u00e3o dispon\u00edveis para download no Reposit\u00f3rio da UFBA:\u00a0https:\/\/repositorio.ufba.br\/ri\/handle\/ri\/27708. Veja abaixo o resumo da publica\u00e7\u00e3o: Em 2018, Salvador sediou o Semin\u00e1rio Nacional de Bibliotecas Universit\u00e1rias, o XX SNBU, organizado pelo Sistema Universit\u00e1rio de Bibliotecas da Universidade\u2026","rel":"","context":"Em &quot;Not\u00edcias&quot;","block_context":{"text":"Not\u00edcias","link":"https:\/\/mundobibliotecario.com.br\/index.php\/category\/noticias\/"},"img":{"alt_text":"","src":"","width":0,"height":0},"classes":[]},{"id":4353,"url":"https:\/\/mundobibliotecario.com.br\/index.php\/2016\/09\/20\/xixseminario-nacional-de-bibliotecas-universitarias\/","url_meta":{"origin":4400,"position":1},"title":"XIX Semin\u00e1rio Nacional de Bibliotecas Universit\u00e1rias","author":"mundobibliotecario","date":"20\/09\/2016","format":false,"excerpt":"XIX Semin\u00e1rio Nacional de Bibliotecas Universit\u00e1rias BIBLIOTECA UNIVERSIT\u00c1RIA COMO AGENTE DE SUSTENTABILIDADE INSTITUCIONAL O Sistema de Bibliotecas da Universidade Federal do Amazonas (UFAM) realizar\u00e1, em parceria com a Universidade do Estado do Amazonas (UEA) e com o Instituto Federal do Amazonas (IFAM), no per\u00edodo de 15 a 21 de outubro\u2026","rel":"","context":"Em &quot;Not\u00edcias&quot;","block_context":{"text":"Not\u00edcias","link":"https:\/\/mundobibliotecario.com.br\/index.php\/category\/noticias\/"},"img":{"alt_text":"XIX SNBU","src":"https:\/\/mundobibliotecario.files.wordpress.com\/2016\/09\/14423787_10210650812896680_312651280_o.jpg?w=350&h=200&crop=1","width":350,"height":200},"classes":[]},{"id":38,"url":"https:\/\/mundobibliotecario.com.br\/index.php\/2008\/08\/09\/xv-seminario-nacional-de-bibliotecas-universitarias\/","url_meta":{"origin":4400,"position":2},"title":"XV Semin\u00e1rio Nacional de Bibliotecas Universit\u00e1rias","author":"mundobibliotecario","date":"09\/08\/2008","format":false,"excerpt":"O XV Semin\u00e1rio Nacional de Bibliotecas Universit\u00e1rias (SNBU) ser\u00e1 realizado em S\u00e3o Paulo, de 10 a 14 de novembro. O evento ocorrer\u00e1 no Pal\u00e1cio de Conven\u00e7\u00f5es\u00a0do Anhembi, localizado \u00e0 Avenida Olavo Fontura, 1209 - S\u00e3o Paulo\/SP. A edi\u00e7\u00e3o de 2008 marca os 30 anos do evento, realizado desde 1978 em\u2026","rel":"","context":"Em &quot;Eventos&quot;","block_context":{"text":"Eventos","link":"https:\/\/mundobibliotecario.com.br\/index.php\/category\/eventos\/"},"img":{"alt_text":"","src":"","width":0,"height":0},"classes":[]},{"id":4379,"url":"https:\/\/mundobibliotecario.com.br\/index.php\/2016\/10\/23\/snbu-2016-dia-161016\/","url_meta":{"origin":4400,"position":3},"title":"SNBU 2016 &#8211; Dia 16\/10\/16","author":"mundobibliotecario","date":"23\/10\/2016","format":false,"excerpt":"O XIX Semin\u00e1rio Nacional de Bibliotecas Universit\u00e1rias (SNBU), neste 2016 sediado em Manaus (AM), teve in\u00edcio na noite de 16\/10\/2016 com um breve atraso que, infelizmente, vejo que \u00e9 de praxe neste e outros eventos bibliotec\u00e1rios e n\u00e3o-bibliotec\u00e1rios: o in\u00edcio, programado para 20h00, na verdade ocorreu por volta de 20h20.\u2026","rel":"","context":"Em &quot;Eventos&quot;","block_context":{"text":"Eventos","link":"https:\/\/mundobibliotecario.com.br\/index.php\/category\/eventos\/"},"img":{"alt_text":"","src":"","width":0,"height":0},"classes":[]},{"id":3643,"url":"https:\/\/mundobibliotecario.com.br\/index.php\/2014\/11\/16\/snbu-2014-dia-16112014\/","url_meta":{"origin":4400,"position":4},"title":"SNBU 2014: dia 16\/11\/2014","author":"mundobibliotecario","date":"16\/11\/2014","format":false,"excerpt":"A XVIII edi\u00e7\u00e3o do Semin\u00e1rio Nacional de Bibliotecas Universit\u00e1rias (SNBU), realizada em 2014 na cidade de Belho Horizonte (MG), teve in\u00edcio no dia 16\/11 com a realiza\u00e7\u00e3o de minicursos e eventos simult\u00e2neos que est\u00e3o dispon\u00edveis na programa\u00e7\u00e3o. A noite, um pouco depois das 20h00 teve in\u00edcio a abertura. Na mesa\u2026","rel":"","context":"Em &quot;Eventos&quot;","block_context":{"text":"Eventos","link":"https:\/\/mundobibliotecario.com.br\/index.php\/category\/eventos\/"},"img":{"alt_text":"","src":"","width":0,"height":0},"classes":[]},{"id":4381,"url":"https:\/\/mundobibliotecario.com.br\/index.php\/2016\/10\/26\/snbu-2016-dia-171016\/","url_meta":{"origin":4400,"position":5},"title":"SNBU 2016 &#8211; Dia 17\/10\/16","author":"mundobibliotecario","date":"26\/10\/2016","format":false,"excerpt":"No segundo dia do SNBU 2016, cujo eixo tem\u00e1tico foi \"Gest\u00e3o sustent\u00e1vel\", acompanhei a confer\u00eancia \"Gest\u00e3o da Biblioteca Universit\u00e1ria frente \u00e0s Demandas do Contexto Contempor\u00e2neo\", proferida por\u00a0Pedro Miguel Est\u00e1cio dos Santos, diretor da biblioteca de Letras da Universidade de Lisboa. Diferentemente do Brasil, as bibliotecas universit\u00e1rias portuguesas funcionam autonomamente, e\u2026","rel":"","context":"Em &quot;Eventos&quot;","block_context":{"text":"Eventos","link":"https:\/\/mundobibliotecario.com.br\/index.php\/category\/eventos\/"},"img":{"alt_text":"","src":"","width":0,"height":0},"classes":[]}],"jetpack_likes_enabled":true,"jetpack_shortlink":"https:\/\/wp.me\/pcbzwa-18Y","_links":{"self":[{"href":"https:\/\/mundobibliotecario.com.br\/index.php\/wp-json\/wp\/v2\/posts\/4400","targetHints":{"allow":["GET"]}}],"collection":[{"href":"https:\/\/mundobibliotecario.com.br\/index.php\/wp-json\/wp\/v2\/posts"}],"about":[{"href":"https:\/\/mundobibliotecario.com.br\/index.php\/wp-json\/wp\/v2\/types\/post"}],"author":[{"embeddable":true,"href":"https:\/\/mundobibliotecario.com.br\/index.php\/wp-json\/wp\/v2\/users\/1"}],"replies":[{"embeddable":true,"href":"https:\/\/mundobibliotecario.com.br\/index.php\/wp-json\/wp\/v2\/comments?post=4400"}],"version-history":[{"count":0,"href":"https:\/\/mundobibliotecario.com.br\/index.php\/wp-json\/wp\/v2\/posts\/4400\/revisions"}],"wp:attachment":[{"href":"https:\/\/mundobibliotecario.com.br\/index.php\/wp-json\/wp\/v2\/media?parent=4400"}],"wp:term":[{"taxonomy":"category","embeddable":true,"href":"https:\/\/mundobibliotecario.com.br\/index.php\/wp-json\/wp\/v2\/categories?post=4400"},{"taxonomy":"post_tag","embeddable":true,"href":"https:\/\/mundobibliotecario.com.br\/index.php\/wp-json\/wp\/v2\/tags?post=4400"}],"curies":[{"name":"wp","href":"https:\/\/api.w.org\/{rel}","templated":true}]}}