{"id":4418,"date":"2016-12-15T20:00:18","date_gmt":"2016-12-15T23:00:18","guid":{"rendered":"http:\/\/mundobibliotecario.com.br\/?p=4418"},"modified":"2016-12-15T20:00:18","modified_gmt":"2016-12-15T23:00:18","slug":"mais-oito-acervos-brasileiros-sao-reconhecidos-pelo-programa-memoria-do-mundo","status":"publish","type":"post","link":"https:\/\/mundobibliotecario.com.br\/index.php\/2016\/12\/15\/mais-oito-acervos-brasileiros-sao-reconhecidos-pelo-programa-memoria-do-mundo\/","title":{"rendered":"Mais oito acervos brasileiros s\u00e3o reconhecidos pelo programa Mem\u00f3ria do Mundo"},"content":{"rendered":"<h2 class=\"nitfSubtitle\">Unesco<\/h2>\n<div class=\"documentDescription\">Um dos contemplados foi o acervo do pesquisador e etn\u00f3grafo brasileiro Arthur Ramos (1903-1949)<\/div>\n<div class=\"documentDescription\"><\/div>\n<div id=\"viewlet-below-content-title\">\n<div id=\"plone-document-byline\" class=\"documentByLine\"><span class=\"documentAuthor\">por Portal Brasil<\/span><\/div>\n<div class=\"documentByLine\"><span class=\"documentPublished\">Publicado: 07\/12\/2016 22h09<\/span><\/div>\n<div class=\"documentByLine\"><span class=\"documentModified\">\u00daltima modifica\u00e7\u00e3o: 08\/12\/2016 16h57<\/span><\/div>\n<div class=\"documentByLine\"><\/div>\n<\/div>\n<div class=\"documentByLine\"><span class=\"copyright\">Arquivo\/Ag\u00eancia Brasil<\/span><\/div>\n<div class=\"documentByLine\">\n<p><a id=\"parent-fieldname-image\" class=\"parent-nitf-image link-overlay\" href=\"http:\/\/www.brasil.gov.br\/cultura\/2016\/12\/mais-oito-acervos-brasileiros-sao-reconhecidos-pelo-programa-memoria-do-mundo\/@@nitf_custom_galleria\" rel=\"#pb_1\"><img loading=\"lazy\" decoding=\"async\" src=\"http:\/\/www.brasil.gov.br\/cultura\/2016\/12\/mais-oito-acervos-brasileiros-sao-reconhecidos-pelo-programa-memoria-do-mundo\/7-12-2016-real_gabinete_portugues_de_leitura_120924_doisespressos_cc.jpg\/@@images\/e9e8af72-c0f0-4078-bf57-464873c3c506.jpeg\" alt=\"At\u00e9 o momento, foram registradas 91 cole\u00e7\u00f5es documentais no Brasil\" width=\"230\" height=\"77\" \/><\/a><\/p>\n<p class=\"discreet\">At\u00e9 o momento, foram registradas 91 cole\u00e7\u00f5es documentais no Brasil<\/p>\n<\/div>\n<p>O programa Mem\u00f3ria do Mundo reconheceu, na quarta-feira (6), oito acervos no Pa\u00eds. A iniciativa \u00e9 coordenada pela Organiza\u00e7\u00e3o das Na\u00e7\u00f5es Unidas para a Educa\u00e7\u00e3o, a Ci\u00eancia e a Cultura (Unesco) e possui parceria com o Minist\u00e9rio da Cultura (MinC).<\/p>\n<p>Um dos acervos contemplados foi o do pesquisador e etn\u00f3grafo brasileiro Arthur Ramos (1903-1949), que obteve reconhecimento por meio da Funda\u00e7\u00e3o Biblioteca Nacional (FBN). Outras sete cole\u00e7\u00f5es documentais de diversas \u00e1reas culturais tamb\u00e9m foram premiadas, pelo programa, durante o evento promovido em Bras\u00edlia (DF).<\/p>\n<p>Na ocasi\u00e3o, o presidente do Instituto Brasileiro de Museus (Ibram), Marcelo Ara\u00fajo, afirmou que a premia\u00e7\u00e3o \u00e9 um dos mais significativos reconhecimentos para os acervos documentais e bibliogr\u00e1ficos da mem\u00f3ria brasileira.<\/p>\n<p>\u201cO registro d\u00e1 luz \u00e0 relev\u00e2ncia desses acervos no \u00e2mbito da cultura nacional, permitindo que haja uma maior dinamiza\u00e7\u00e3o dessas cole\u00e7\u00f5es nas suas m\u00faltiplas vertentes institucionais, sejam eles sediados em museus, em arquivos ou em bibliotecas\u201d, destacou.<\/p>\n<p><strong>Diversidade e vitalidade cultural<\/strong><\/p>\n<p>Na avalia\u00e7\u00e3o de Ara\u00fajo, a premia\u00e7\u00e3o deste ano trouxe algumas surpresas, como o arquivo do Circo Garcia do Centro de Mem\u00f3ria do Circo. \u201c\u00c9 a primeira vez que um acervo circense recebe uma homenagem como esta\u201d, aponta. \u201cEsse fato isolado j\u00e1 \u00e9, a meu ver, uma evid\u00eancia da abrang\u00eancia adequada do aspecto cultural que esses arquivos revelam em termos da diversidade e da vitalidade da cultura brasileira\u201d, disse.<\/p>\n<p>Todos os anos, o comit\u00ea do programa lan\u00e7a um edital para candidaturas de acervos a serem reconhecidos como patrim\u00f4nio para a mem\u00f3ria brasileira por meio de sua inscri\u00e7\u00e3o no Registro Nacional do Brasil do Programa Mem\u00f3ria do Mundo. At\u00e9 o momento, foram registradas 91 cole\u00e7\u00f5es documentais no Brasil.<\/p>\n<p>&nbsp;<\/p>\n<p><span class=\"discreet\">Fonte: Portal Brasil, com informa\u00e7\u00f5es do <a href=\"http:\/\/www.museus.gov.br\/\">Ibram<\/a><\/span><\/p>\n<p>&nbsp;<\/p>\n<p>Dispon\u00edvel em: &lt;<a href=\"http:\/\/www.brasil.gov.br\/cultura\/2016\/12\/mais-oito-acervos-brasileiros-sao-reconhecidos-pelo-programa-memoria-do-mundo\">http:\/\/www.brasil.gov.br\/cultura\/2016\/12\/mais-oito-acervos-brasileiros-sao-reconhecidos-pelo-programa-memoria-do-mundo<\/a>&gt;. Acesso em: 14 dez. 2016.<\/p>\n","protected":false},"excerpt":{"rendered":"<p>Unesco Um dos contemplados foi o acervo do pesquisador e etn\u00f3grafo brasileiro Arthur Ramos (1903-1949) por Portal Brasil Publicado: 07\/12\/2016 22h09 \u00daltima modifica\u00e7\u00e3o: 08\/12\/2016 16h57 Arquivo\/Ag\u00eancia Brasil At\u00e9 o momento, foram registradas 91 cole\u00e7\u00f5es documentais no Brasil O programa Mem\u00f3ria do Mundo reconheceu, na quarta-feira (6), oito acervos no Pa\u00eds. A iniciativa \u00e9 coordenada pela &#8230; <a title=\"Mais oito acervos brasileiros s\u00e3o reconhecidos pelo programa Mem\u00f3ria do Mundo\" class=\"read-more\" href=\"https:\/\/mundobibliotecario.com.br\/index.php\/2016\/12\/15\/mais-oito-acervos-brasileiros-sao-reconhecidos-pelo-programa-memoria-do-mundo\/\" aria-label=\"Read more about Mais oito acervos brasileiros s\u00e3o reconhecidos pelo programa Mem\u00f3ria do Mundo\">Ler mais<\/a><\/p>\n","protected":false},"author":1,"featured_media":0,"comment_status":"open","ping_status":"open","sticky":false,"template":"","format":"standard","meta":{"_mi_skip_tracking":false,"_exactmetrics_sitenote_active":false,"_exactmetrics_sitenote_note":"","_exactmetrics_sitenote_category":0,"_jetpack_newsletter_access":"","footnotes":""},"categories":[60],"tags":[1619,501],"class_list":["post-4418","post","type-post","status-publish","format-standard","hentry","category-noticias","tag-memoria-do-mundo","tag-unesco"],"jetpack_featured_media_url":"","jetpack_sharing_enabled":true,"jetpack-related-posts":[{"id":1066,"url":"https:\/\/mundobibliotecario.com.br\/index.php\/2010\/01\/20\/unesco-lanca-no-brasil-a-obra-gratuita-liberdade-de-informacao-um-estudo-de-direito-comparado\/","url_meta":{"origin":4418,"position":0},"title":"Unesco lan\u00e7a no Brasil a obra gratuita Liberdade de Informa\u00e7\u00e3o: um Estudo de Direito Comparado","author":"mundobibliotecario","date":"20\/01\/2010","format":false,"excerpt":"Est\u00e1 sendo lan\u00e7ada no Brasil a obra Liberdade de Informa\u00e7\u00e3o: um Estudo de Direito Comparado. Escrita por Toby Mendel, e j\u00e1 publicada em v\u00e1rios idiomas, tem o papel de auxiliar institui\u00e7\u00f5es p\u00fablicas e privadas a lidar com a legisla\u00e7\u00e3o sobre o direito de acesso \u00e0 informa\u00e7\u00e3o. Mendel ocupa o cargo\u2026","rel":"","context":"Em &quot;Not\u00edcias&quot;","block_context":{"text":"Not\u00edcias","link":"https:\/\/mundobibliotecario.com.br\/index.php\/category\/noticias\/"},"img":{"alt_text":"","src":"","width":0,"height":0},"classes":[]},{"id":4516,"url":"https:\/\/mundobibliotecario.com.br\/index.php\/2017\/04\/26\/ivan-lins-e-recebido-na-usp-para-comemorar-doacao-de-acervo\/","url_meta":{"origin":4418,"position":1},"title":"Ivan Lins \u00e9 recebido na USP para comemorar doa\u00e7\u00e3o de acervo","author":"mundobibliotecario","date":"26\/04\/2017","format":false,"excerpt":"M\u00fasico doou seu arquivo pessoal para o Instituto de Estudos Brasileiros e, no dia 24 de abril, conversou sobre sua trajet\u00f3ria Por Larissa Lopes - Editorias: Cultura Ivan Lins no programa Via Sampa, da R\u00e1dio USP \u2013 Foto: Cec\u00edlia Bastos\/USP Imagens No dia 24 de abril, o cantor e compositor\u2026","rel":"","context":"Em &quot;Not\u00edcias&quot;","block_context":{"text":"Not\u00edcias","link":"https:\/\/mundobibliotecario.com.br\/index.php\/category\/noticias\/"},"img":{"alt_text":"","src":"","width":0,"height":0},"classes":[]},{"id":2779,"url":"https:\/\/mundobibliotecario.com.br\/index.php\/2012\/12\/27\/arquivo-publico-da-bahia-funciona-ha-tres-anos-sem-luz\/","url_meta":{"origin":4418,"position":2},"title":"Arquivo P\u00fablico da Bahia funciona h\u00e1 tr\u00eas anos sem luz","author":"mundobibliotecario","date":"27\/12\/2012","format":false,"excerpt":"NELSON BARROS NETO DE SALVADOR Sob risco iminente de curto-circuito, o Arquivo P\u00fablico da Bahia funciona h\u00e1 quase tr\u00eas anos sem luz na maior parte das instala\u00e7\u00f5es. O arquivo \u00e9 considerado por especialistas um dos mais importantes do pa\u00eds. Do in\u00edcio de 2010 ao final de 2011, o corte de\u2026","rel":"","context":"Em &quot;Not\u00edcias&quot;","block_context":{"text":"Not\u00edcias","link":"https:\/\/mundobibliotecario.com.br\/index.php\/category\/noticias\/"},"img":{"alt_text":"","src":"","width":0,"height":0},"classes":[]},{"id":1027,"url":"https:\/\/mundobibliotecario.com.br\/index.php\/2009\/12\/31\/colecao-aplauso\/","url_meta":{"origin":4418,"position":3},"title":"Cole\u00e7\u00e3o Aplauso","author":"mundobibliotecario","date":"31\/12\/2009","format":false,"excerpt":"Imprensa Oficial libera acervo de cole\u00e7\u00e3o Aplauso para download na web. Tudo gr\u00e1tis. \u00a0\"Preservar a mem\u00f3ria da cultura nacional e democratizar o acesso ao conhecimento s\u00e3o os princ\u00edpios da Cole\u00e7\u00e3o Aplauso, lan\u00e7ada pela Imprensa Oficial. Neste site voc\u00ea encontra biografias de artistas, cineastas e dramaturgos al\u00e9m de roteiros de cinema,\u2026","rel":"","context":"Em &quot;Not\u00edcias&quot;","block_context":{"text":"Not\u00edcias","link":"https:\/\/mundobibliotecario.com.br\/index.php\/category\/noticias\/"},"img":{"alt_text":"","src":"","width":0,"height":0},"classes":[]},{"id":2499,"url":"https:\/\/mundobibliotecario.com.br\/index.php\/2012\/03\/17\/memoria-informacao\/","url_meta":{"origin":4418,"position":4},"title":"Mem\u00f3ria e Informa\u00e7\u00e3o","author":"mundobibliotecario","date":"17\/03\/2012","format":false,"excerpt":"O projeto Mem\u00f3ria & Informa\u00e7\u00e3o, que promove palestras sobre estudos e pesquisas\u00a0nas \u00e1reas de mem\u00f3ria, documenta\u00e7\u00e3o, preserva\u00e7\u00e3o e informa\u00e7\u00e3o, est\u00e1 de volta\u00a0em seu 9\u00ba ano de atividades. No dia 21 de mar\u00e7o, \u00e0s 14h30, a s\u00e9rie receber\u00e1 o\u00a0professor doutor Pedro Puntoni, que ministrar\u00e1 a palestra \"Plataforma Corisco: um\u00a0novo tema para\u2026","rel":"","context":"Em &quot;Eventos&quot;","block_context":{"text":"Eventos","link":"https:\/\/mundobibliotecario.com.br\/index.php\/category\/eventos\/"},"img":{"alt_text":"","src":"","width":0,"height":0},"classes":[]},{"id":5258,"url":"https:\/\/mundobibliotecario.com.br\/index.php\/2019\/08\/26\/secult-inaugura-a-primeira-rede-de-bibliotecas-publicas-do-brasil-a-disponibilizar-seu-acervo-no-software-biblivre\/","url_meta":{"origin":4418,"position":5},"title":"Secult inaugura a primeira rede de Bibliotecas P\u00fablicas do Brasil a disponibilizar seu acervo no software Biblivre","author":"mundobibliotecario","date":"26\/08\/2019","format":false,"excerpt":"A biblioteca p\u00fablica pensada em rede e com disponibiliza\u00e7\u00e3o do acervo para consulta online. A Secretaria da Cultura do Estado do Cear\u00e1 (Secult), inaugurou oficialmente nesta ter\u00e7a-feira (20) a primeira rede de Bibliotecas P\u00fablicas do Brasil a disponibilizar seu acervo no software Biblivre. Com a novidade, mais de 300 mil\u2026","rel":"","context":"Em &quot;Not\u00edcias&quot;","block_context":{"text":"Not\u00edcias","link":"https:\/\/mundobibliotecario.com.br\/index.php\/category\/noticias\/"},"img":{"alt_text":"","src":"","width":0,"height":0},"classes":[]}],"jetpack_likes_enabled":true,"jetpack_shortlink":"https:\/\/wp.me\/pcbzwa-19g","_links":{"self":[{"href":"https:\/\/mundobibliotecario.com.br\/index.php\/wp-json\/wp\/v2\/posts\/4418","targetHints":{"allow":["GET"]}}],"collection":[{"href":"https:\/\/mundobibliotecario.com.br\/index.php\/wp-json\/wp\/v2\/posts"}],"about":[{"href":"https:\/\/mundobibliotecario.com.br\/index.php\/wp-json\/wp\/v2\/types\/post"}],"author":[{"embeddable":true,"href":"https:\/\/mundobibliotecario.com.br\/index.php\/wp-json\/wp\/v2\/users\/1"}],"replies":[{"embeddable":true,"href":"https:\/\/mundobibliotecario.com.br\/index.php\/wp-json\/wp\/v2\/comments?post=4418"}],"version-history":[{"count":0,"href":"https:\/\/mundobibliotecario.com.br\/index.php\/wp-json\/wp\/v2\/posts\/4418\/revisions"}],"wp:attachment":[{"href":"https:\/\/mundobibliotecario.com.br\/index.php\/wp-json\/wp\/v2\/media?parent=4418"}],"wp:term":[{"taxonomy":"category","embeddable":true,"href":"https:\/\/mundobibliotecario.com.br\/index.php\/wp-json\/wp\/v2\/categories?post=4418"},{"taxonomy":"post_tag","embeddable":true,"href":"https:\/\/mundobibliotecario.com.br\/index.php\/wp-json\/wp\/v2\/tags?post=4418"}],"curies":[{"name":"wp","href":"https:\/\/api.w.org\/{rel}","templated":true}]}}