{"id":4470,"date":"2017-01-27T16:00:02","date_gmt":"2017-01-27T19:00:02","guid":{"rendered":"http:\/\/mundobibliotecario.com.br\/?p=4470"},"modified":"2017-01-27T16:00:02","modified_gmt":"2017-01-27T19:00:02","slug":"livros-nas-pracas-registra-cerca-de-20-mil-leitores-em-2016","status":"publish","type":"post","link":"https:\/\/mundobibliotecario.com.br\/index.php\/2017\/01\/27\/livros-nas-pracas-registra-cerca-de-20-mil-leitores-em-2016\/","title":{"rendered":"Livros nas Pra\u00e7as registra cerca de 20 mil leitores em 2016"},"content":{"rendered":"<p>\u00d4nibus-biblioteca rodou S\u00e3o Paulo e Rio de Janeiro incentivando a leitura<\/p>\n<div class=\"pn-materia-imagem\"><img loading=\"lazy\" decoding=\"async\" src=\"http:\/\/www.publishnews.com.br\/estaticos\/uploads\/2017\/01\/328x182xGQLRWqTPtqJksK9buP272GiPTOItfFWe9BIonPPcpDXqZknv0b0XMqoIDkWYbemkrIlmYXAcBewixBUV.jpg.pagespeed.ic.6gJ46Ra5Y2.webp\" alt=\"\u00d4nibus-biblioteca rodou S\u00e3o Paulo e Rio de Janeiro incentivando a leitura | \u00a9 Divulga\u00e7\u00e3o \/ Facebook\" width=\"328\" height=\"182\" \/><\/p>\n<div class=\"pn-materia-legenda\">\u00d4nibus-biblioteca rodou S\u00e3o Paulo e Rio de Janeiro incentivando a leitura | \u00a9 Divulga\u00e7\u00e3o \/ Facebook<\/div>\n<\/div>\n<p>O projeto Livros nas Pra\u00e7as encerrou as atividades da temporada 2016 com um saldo positivo. Com um acervo de dois mil t\u00edtulos infantis, juvenis e adultos, o projeto teve 19.653 visitantes e um total de 1.633 empr\u00e9stimos de livros, sendo 1.598 devolu\u00e7\u00f5es, o que significa que somente 2,14% dos livros n\u00e3o foram devolvidos. Nas 29 semanas, de abril a dezembro, a biblioteca sobre rodas esteve presente em 14 comunidades e vilas ol\u00edmpicas do Rio de Janeiro e ainda em dois munic\u00edpios de S\u00e3o Paulo, circulando pela Bienal Internacional do Livro. Nas visitas, al\u00e9m dos empr\u00e9stimos e disponibilidade para leitura no \u00f4nibus, os visitantes puderam acompanhar apresenta\u00e7\u00f5es de dan\u00e7a, teatro e bate-papos com escritores e autores. O \u00f4nibus vermelho conta tamb\u00e9m com 60 livros de ilustra\u00e7\u00f5es em braile para crian\u00e7as, livros em fonte ampliada para pessoas com baixa vis\u00e3o, audiobooks para deficientes visuais e 30 livros em braile para adultos. Entre os t\u00edtulos mais procurados pelas crian\u00e7as e adolescentes est\u00e3o: <i>Percy Jackson <\/i>(Intr\u00ednseca), <i>O di\u00e1rio de um Banana<\/i> (V&amp;R), <i>Harry Potter<\/i> (Rocco) e <i>Maria Passarinho<\/i> (Mirabolante). J\u00e1 os adultos preferem <i>A vida al\u00e9m da vida <\/i>(Mauad) e <i>\u00c1guas para Elefantes <\/i>(Nossa Cultura).<\/p>\n<p>Dispon\u00edvel em: &lt;<a href=\"http:\/\/www.publishnews.com.br\/materias\/2017\/01\/24\/livros-nas-pracas-registra-cerca-de-20-mil-leitores-em-2016\">http:\/\/www.publishnews.com.br\/materias\/2017\/01\/24\/livros-nas-pracas-registra-cerca-de-20-mil-leitores-em-2016<\/a>&gt;. Acesso em: 24 jan. 2017.<\/p>\n","protected":false},"excerpt":{"rendered":"<p>\u00d4nibus-biblioteca rodou S\u00e3o Paulo e Rio de Janeiro incentivando a leitura \u00d4nibus-biblioteca rodou S\u00e3o Paulo e Rio de Janeiro incentivando a leitura | \u00a9 Divulga\u00e7\u00e3o \/ Facebook O projeto Livros nas Pra\u00e7as encerrou as atividades da temporada 2016 com um saldo positivo. Com um acervo de dois mil t\u00edtulos infantis, juvenis e adultos, o projeto &#8230; <a title=\"Livros nas Pra\u00e7as registra cerca de 20 mil leitores em 2016\" class=\"read-more\" href=\"https:\/\/mundobibliotecario.com.br\/index.php\/2017\/01\/27\/livros-nas-pracas-registra-cerca-de-20-mil-leitores-em-2016\/\" aria-label=\"Read more about Livros nas Pra\u00e7as registra cerca de 20 mil leitores em 2016\">Ler mais<\/a><\/p>\n","protected":false},"author":1,"featured_media":0,"comment_status":"open","ping_status":"open","sticky":false,"template":"","format":"standard","meta":{"_mi_skip_tracking":false,"_exactmetrics_sitenote_active":false,"_exactmetrics_sitenote_note":"","_exactmetrics_sitenote_category":0,"_jetpack_newsletter_access":"","footnotes":""},"categories":[60],"tags":[2,1683],"class_list":["post-4470","post","type-post","status-publish","format-standard","hentry","category-noticias","tag-biblioteca","tag-praca"],"jetpack_featured_media_url":"","jetpack_sharing_enabled":true,"jetpack-related-posts":[{"id":2822,"url":"https:\/\/mundobibliotecario.com.br\/index.php\/2013\/01\/29\/no-brasil-bibliotecas-inovadoras-convivem-com-quadro-de-descaso\/","url_meta":{"origin":4470,"position":0},"title":"No Brasil, bibliotecas inovadoras convivem com quadro de descaso","author":"mundobibliotecario","date":"29\/01\/2013","format":false,"excerpt":"Enquanto algumas passam por reformas, incorporam novas m\u00eddias e tend\u00eancias, pa\u00eds ainda tem deficit de bibliotecas nas escolas. \u00a0BBC Biblioteca de S\u00e3o Paulo (Foto: BBC Brasil) No t\u00e9rreo da Biblioteca de S\u00e3o Paulo, ouve-se o burburinho de crian\u00e7as brincando nos computadores, jogando jogos de tabuleiros ou circulando entre as estantes\u2026","rel":"","context":"Em &quot;Not\u00edcias&quot;","block_context":{"text":"Not\u00edcias","link":"https:\/\/mundobibliotecario.com.br\/index.php\/category\/noticias\/"},"img":{"alt_text":"","src":"https:\/\/i0.wp.com\/s2.glbimg.com\/p3dWMRRupYn2ypZ8QV67PjlBF3gDK8Hf5yJwAEaxfgxIoz-HdGixxa_8qOZvMp3w\/s.glbimg.com\/jo\/g1\/f\/original\/2013\/01\/25\/bibliotecasp_1.jpg?resize=350%2C200","width":350,"height":200},"classes":[]},{"id":5221,"url":"https:\/\/mundobibliotecario.com.br\/index.php\/2019\/08\/16\/projeto-distribui-gratuitamente-cinematecas-e-bibliotecas-para-escolas-publicas-do-rio-de-janeiro\/","url_meta":{"origin":4470,"position":1},"title":"Projeto distribui gratuitamente cinematecas e bibliotecas para escolas p\u00fablicas do Rio de Janeiro","author":"mundobibliotecario","date":"16\/08\/2019","format":false,"excerpt":"Em sua terceira edi\u00e7\u00e3o, Cinemateca - Escola e Vida ir\u00e1 beneficiar mais de 5000 estudantes da rede p\u00fablica fluminense, ampliando o acesso \u00e0 cultura por meio de kits de cinema e livros Seis munic\u00edpios do Rio de Janeiro recebem, neste m\u00eas de agosto, o projeto Cinemateca - Escola e Vida,\u2026","rel":"","context":"Em &quot;Not\u00edcias&quot;","block_context":{"text":"Not\u00edcias","link":"https:\/\/mundobibliotecario.com.br\/index.php\/category\/noticias\/"},"img":{"alt_text":"","src":"","width":0,"height":0},"classes":[]},{"id":10014,"url":"https:\/\/mundobibliotecario.com.br\/index.php\/2022\/06\/27\/sao-paulo-lanca-biblioteca-digital-gratuita-com-mais-de-15-mil-titulos-e-atividades-culturais\/","url_meta":{"origin":4470,"position":2},"title":"S\u00e3o Paulo lan\u00e7a biblioteca digital gratuita com mais de 15 mil t\u00edtulos e atividades culturais","author":"mundobibliotecario","date":"27\/06\/2022","format":false,"excerpt":"A Secretaria de Cultura e Economia Criativa do Estado de S\u00e3o Paulo lan\u00e7ou a biblioteca digital gratuita do estado de S\u00e3o Paulo, BibliON, que abre com um acervo de mais de 15 mil t\u00edtulos e uma vasta grade de atividades culturais, como clubes de leitura e oficinas de capacita\u00e7\u00e3o. A\u2026","rel":"","context":"Em &quot;Not\u00edcias&quot;","block_context":{"text":"Not\u00edcias","link":"https:\/\/mundobibliotecario.com.br\/index.php\/category\/noticias\/"},"img":{"alt_text":"","src":"https:\/\/i0.wp.com\/mundobibliotecario.com.br\/wp-content\/uploads\/2022\/06\/bibliotecas-digitais-onde-podes-encontrar-livros-gratuitos-@Pexels-woman-sitting-on-chair-using-black-ipad-1024x683-1-696x464-1.jpg?resize=350%2C200&ssl=1","width":350,"height":200},"classes":[]},{"id":3495,"url":"https:\/\/mundobibliotecario.com.br\/index.php\/2014\/05\/30\/esquecer-um-livro-e-forma-de-compartilhar-conhecimento\/","url_meta":{"origin":4470,"position":3},"title":"Esquecer um livro \u00e9 forma de compartilhar conhecimento","author":"mundobibliotecario","date":"30\/05\/2014","format":false,"excerpt":"Terra Educa\u00e7\u00e3o - 27\/05\/2014 Doar um livro a algu\u00e9m \u00e9 sempre uma \u00f3tima pedida. Faz\u00ea-lo de forma criativa, entretanto, pode ser muito mais divertido. Foi esta a motiva\u00e7\u00e3o do jornalista paulista Felipe Brand\u00e3o, 30 anos, criador do Esque\u00e7a um Livro, projeto pioneiro no Brasil, volunt\u00e1rio e sem fins lucrativos, que\u2026","rel":"","context":"Em &quot;Not\u00edcias&quot;","block_context":{"text":"Not\u00edcias","link":"https:\/\/mundobibliotecario.com.br\/index.php\/category\/noticias\/"},"img":{"alt_text":"","src":"","width":0,"height":0},"classes":[]},{"id":3572,"url":"https:\/\/mundobibliotecario.com.br\/index.php\/2014\/09\/11\/evento-no-icmc-marca-40-anos-da-biblioteca-achille-bassi\/","url_meta":{"origin":4470,"position":4},"title":"Evento no ICMC marca 40 anos da Biblioteca Achille Bassi","author":"mundobibliotecario","date":"11\/09\/2014","format":false,"excerpt":"Palestra, homenagem e exposi\u00e7\u00e3o fazem parte da comemora\u00e7\u00e3o dos 40 anos de uma das maiores bibliotecas do pa\u00eds na \u00e1rea de matem\u00e1tica \u00a0 Biblioteca possui hoje o terceiro maior acervo do pa\u00eds na \u00e1rea de matem\u00e1tica A hist\u00f3ria do terceiro maior acervo do Brasil na \u00e1rea de matem\u00e1tica come\u00e7ou a\u2026","rel":"","context":"Em &quot;Eventos&quot;","block_context":{"text":"Eventos","link":"https:\/\/mundobibliotecario.com.br\/index.php\/category\/eventos\/"},"img":{"alt_text":"","src":"https:\/\/images-blogger-opensocial.googleusercontent.com\/gadgets\/proxy?url=http%3A%2F%2F1.bp.blogspot.com%2F-bXzTP9sLDy8%2FVA4Hr0J66uI%2FAAAAAAAACGg%2FdUbmjZuK7Q4%2Fs1600%2FICMC-54.jpg&container=blogger&gadget=a&rewriteMime=image%2F*","width":350,"height":200},"classes":[]},{"id":2307,"url":"https:\/\/mundobibliotecario.com.br\/index.php\/2011\/11\/06\/bibliotecas-de-sp-perdem-867-mil-livros-por-ano\/","url_meta":{"origin":4470,"position":5},"title":"Bibliotecas de SP perdem 86,7 mil livros por ano","author":"mundobibliotecario","date":"06\/11\/2011","format":false,"excerpt":"05 de novembro de 2011 | 9h 36 ADRIANA FERRAZ - Ag\u00eancia Estado O acervo cultural de S\u00e3o Paulo perde 86,7 mil livros por ano. Levantamento obtido pelo Estado com dados de 70 bibliotecas e pontos de leitura municipais mostra que 347 mil livros sumiram das prateleiras entre 2006 e\u2026","rel":"","context":"Em &quot;Not\u00edcias&quot;","block_context":{"text":"Not\u00edcias","link":"https:\/\/mundobibliotecario.com.br\/index.php\/category\/noticias\/"},"img":{"alt_text":"","src":"","width":0,"height":0},"classes":[]}],"jetpack_likes_enabled":true,"jetpack_shortlink":"https:\/\/wp.me\/pcbzwa-1a6","_links":{"self":[{"href":"https:\/\/mundobibliotecario.com.br\/index.php\/wp-json\/wp\/v2\/posts\/4470","targetHints":{"allow":["GET"]}}],"collection":[{"href":"https:\/\/mundobibliotecario.com.br\/index.php\/wp-json\/wp\/v2\/posts"}],"about":[{"href":"https:\/\/mundobibliotecario.com.br\/index.php\/wp-json\/wp\/v2\/types\/post"}],"author":[{"embeddable":true,"href":"https:\/\/mundobibliotecario.com.br\/index.php\/wp-json\/wp\/v2\/users\/1"}],"replies":[{"embeddable":true,"href":"https:\/\/mundobibliotecario.com.br\/index.php\/wp-json\/wp\/v2\/comments?post=4470"}],"version-history":[{"count":0,"href":"https:\/\/mundobibliotecario.com.br\/index.php\/wp-json\/wp\/v2\/posts\/4470\/revisions"}],"wp:attachment":[{"href":"https:\/\/mundobibliotecario.com.br\/index.php\/wp-json\/wp\/v2\/media?parent=4470"}],"wp:term":[{"taxonomy":"category","embeddable":true,"href":"https:\/\/mundobibliotecario.com.br\/index.php\/wp-json\/wp\/v2\/categories?post=4470"},{"taxonomy":"post_tag","embeddable":true,"href":"https:\/\/mundobibliotecario.com.br\/index.php\/wp-json\/wp\/v2\/tags?post=4470"}],"curies":[{"name":"wp","href":"https:\/\/api.w.org\/{rel}","templated":true}]}}