{"id":4484,"date":"2017-03-04T21:00:55","date_gmt":"2017-03-05T00:00:55","guid":{"rendered":"http:\/\/mundobibliotecario.com.br\/?p=4484"},"modified":"2017-03-04T21:00:55","modified_gmt":"2017-03-05T00:00:55","slug":"biblioteca-comemora-160-anos-com-atividade-cultural","status":"publish","type":"post","link":"https:\/\/mundobibliotecario.com.br\/index.php\/2017\/03\/04\/biblioteca-comemora-160-anos-com-atividade-cultural\/","title":{"rendered":"Biblioteca comemora 160 anos com atividade cultural"},"content":{"rendered":"<p>A Biblioteca P\u00fablica do Paran\u00e1 (BPP) completa 160 anos nesta ter\u00e7a-feira (7) e promove uma programa\u00e7\u00e3o especial durante todo o dia. As atividades come\u00e7am \u00e0s 10h30, com a abertura da exposi\u00e7\u00e3o Retrato de um Artista, que re\u00fane ilustra\u00e7\u00f5es publicadas no C\u00e2ndido, o jornal mensal da BPP.<\/p>\n<p>A partir das 16h, o grupo H\u00e9lio Brand\u00e3o Trio toca cl\u00e1ssicos do jazz e da MPB no hall t\u00e9rreo. E \u00e0s 19h30, o jornalista e bi\u00f3grafo Ruy Castro abre a temporada 2017 do projeto Um Escritor na Biblioteca. Todos os eventos s\u00e3o gratuitos.<\/p>\n<p>Com obras de 20 ilustradores brasileiros, a mostra Retratos de um Artista resgata trabalhos produzidos originalmente para a se\u00e7\u00e3o hom\u00f4nima do jornal C\u00e2ndido. S\u00e3o 30 desenhos de escritores consagrados da literatura nacional e mundial (de Miguel de Cervantes a Ernest Hemingway, passando por M\u00e1rio de Andrade, Hilda Hilst, Dalton Trevisan), assinados por nomes como Allan Sieber, Bennet, Andr\u00e9 Ducci e Pedro Franz, entre outros.<\/p>\n<div id=\"smartIntxt\">\u00a0O evento tamb\u00e9m marca o lan\u00e7amento de um livro com as ilustra\u00e7\u00f5es, editado pelo selo Biblioteca Paran\u00e1, da Secretaria de Estado da Cultura.<\/p>\n<p><b>M\u00fasica e Literatura<\/b><br \/>\nM\u00fasico experiente da cena curitibana, o saxofonista H\u00e9lio Brand\u00e3o se apresenta acompanhado do guitarrista M\u00e1rio Conde e do contrabaixista Thiago Duarte. No repert\u00f3rio, uma sele\u00e7\u00e3o de standards do jazz e temas conhecidos da m\u00fasica popular brasileira. O trio toca em clima informal, no hall t\u00e9rreo, at\u00e9 o in\u00edcio da noite.<\/p>\n<p>Encerrando a programa\u00e7\u00e3o de anivers\u00e1rio, o jornalista Ruy Castro conversa com o p\u00fablico na abertura de mais uma temporada da s\u00e9rie Um Escritor na Biblioteca. Com mais de 20 livros lan\u00e7ados \u2014 entre eles as biografias de Nelson Rodrigues, Garrincha, Carmen Miranda \u2014, ele fala sobre sua trajet\u00f3ria como leitor, autor e jornalista. O encontro acontece no audit\u00f3rio, que reabre ap\u00f3s um per\u00edodo de reformas.<\/p>\n<p>As comemora\u00e7\u00f5es dos 160 anos continuam durante todo o m\u00eas, com oficinas, atividades para o p\u00fablico infantil e um bate-papo, no dia 25, com o escritor argentino Alberto Manguel, diretor da Biblioteca Nacional da Argentina.<\/p>\n<p><b>Moderniza\u00e7\u00e3o<\/b><br \/>\nCriada em 1857, a Biblioteca P\u00fablica trocou de sede 12 vezes at\u00e9 ser transferida para o pr\u00e9dio de n\u00famero 133 da Rua C\u00e2ndido Lopes, no centro de Curitiba \u2014 onde est\u00e1 instalada desde 1954.<\/p>\n<p>A partir de 2011, a institui\u00e7\u00e3o iniciou um intenso processo de reformula\u00e7\u00e3o, com os objetivos de melhorar as instala\u00e7\u00f5es, aperfei\u00e7oar o atendimento e ampliar os servi\u00e7os oferecidos. As mudan\u00e7as transformaram a BPP em um verdadeiro espa\u00e7o de artes e conviv\u00eancia, por onde passam, diariamente, cerca de 2,5 mil pessoas.<\/p>\n<p>Consolidada como centro cultural, a Biblioteca come\u00e7ou, no final de 2016, uma ampla reforma, concebida pelo arquiteto Manoel Coelho e viabilizada com recursos da Renault. O projeto incluiu do audit\u00f3rio aos banheiros, passando pelo guarda-volumes, o hall do segundo andar (que ganhou novo mobili\u00e1rio) e a se\u00e7\u00e3o de empr\u00e9stimos (remanejada para dar lugar a um caf\u00e9), entre outros espa\u00e7os. A inaugura\u00e7\u00e3o oficial da obra est\u00e1 prevista para o dia 16 de mar\u00e7o.<\/p>\n<p>&#8220;Com as obras de moderniza\u00e7\u00e3o, teremos uma biblioteca ainda mais preparada para receber a popula\u00e7\u00e3o paranaense e continuar seu trabalho de excel\u00eancia no atendimento ao p\u00fablico&#8221;, afirma o secret\u00e1rio de Estado da Cultura, Jo\u00e3o Luiz Fiani.<\/p>\n<p>Para o diretor da BPP, Rog\u00e9rio Pereira, a institui\u00e7\u00e3o est\u00e1 cumprindo o papel das bibliotecas modernas, que \u00e9 atuar al\u00e9m do empr\u00e9stimo de livros e apostar na multiplicidade. &#8220;Hoje tamb\u00e9m abrimos espa\u00e7o para m\u00fasica, cinema, teatro, dan\u00e7a, conta\u00e7\u00e3o de hist\u00f3rias, oficinas. O processo de reforma, al\u00e9m de proporcionar um espa\u00e7o ainda mais agrad\u00e1vel, vai possibilitar a cria\u00e7\u00e3o de v\u00e1rios novos projetos culturais&#8221;, diz.<\/p>\n<p><b>Servi\u00e7o<\/b>: <i>Programa\u00e7\u00e3o 160 anos da Biblioteca P\u00fablica do Paran\u00e1<\/i><\/p>\n<p>Data: ter\u00e7a-feira, dia 7<\/p>\n<p>10h30 (Hall T\u00e9rreo) &#8211; Abertura da exposi\u00e7\u00e3o e lan\u00e7amento do livro Retrato de um Artista.<br \/>\n16h (Hall T\u00e9rreo) | M\u00fasica na Biblioteca, com H\u00e9lio Brand\u00e3o Trio.<br \/>\n19h30 (Audit\u00f3rio) | Um Escritor na Biblioteca, com Ruy Castro.<\/p>\n<p>Biblioteca P\u00fablica do Paran\u00e1 (Rua C\u00e2ndido Lopes, 133, Centro). Informa\u00e7\u00f5es: 3221-4917.<\/p><\/div>\n<div><\/div>\n<div>Dispon\u00edvel em: &lt;<a href=\"http:\/\/www.bonde.com.br\/educacao\/cidadania\/biblioteca-comemora-160-anos-com-atividade-cultural-435960.html\">http:\/\/www.bonde.com.br\/educacao\/cidadania\/biblioteca-comemora-160-anos-com-atividade-cultural-435960.html<\/a>&gt;. Acesso em: 2 mar. 2017.<\/div>\n","protected":false},"excerpt":{"rendered":"<p>A Biblioteca P\u00fablica do Paran\u00e1 (BPP) completa 160 anos nesta ter\u00e7a-feira (7) e promove uma programa\u00e7\u00e3o especial durante todo o dia. As atividades come\u00e7am \u00e0s 10h30, com a abertura da exposi\u00e7\u00e3o Retrato de um Artista, que re\u00fane ilustra\u00e7\u00f5es publicadas no C\u00e2ndido, o jornal mensal da BPP. A partir das 16h, o grupo H\u00e9lio Brand\u00e3o Trio &#8230; <a title=\"Biblioteca comemora 160 anos com atividade cultural\" class=\"read-more\" href=\"https:\/\/mundobibliotecario.com.br\/index.php\/2017\/03\/04\/biblioteca-comemora-160-anos-com-atividade-cultural\/\" aria-label=\"Read more about Biblioteca comemora 160 anos com atividade cultural\">Ler mais<\/a><\/p>\n","protected":false},"author":1,"featured_media":0,"comment_status":"open","ping_status":"open","sticky":false,"template":"","format":"standard","meta":{"_mi_skip_tracking":false,"_exactmetrics_sitenote_active":false,"_exactmetrics_sitenote_note":"","_exactmetrics_sitenote_category":0,"_jetpack_newsletter_access":"","footnotes":""},"categories":[60],"tags":[660,1071],"class_list":["post-4484","post","type-post","status-publish","format-standard","hentry","category-noticias","tag-aniversario","tag-biblioteca-publica-do-parana"],"jetpack_featured_media_url":"","jetpack_sharing_enabled":true,"jetpack-related-posts":[{"id":2862,"url":"https:\/\/mundobibliotecario.com.br\/index.php\/2013\/02\/08\/a-biblioteca-pensada-como-um-espaco-vivo\/","url_meta":{"origin":4484,"position":0},"title":"A biblioteca pensada como um espa\u00e7o vivo","author":"mundobibliotecario","date":"08\/02\/2013","format":false,"excerpt":"Confira entrevista de Rog\u00e9rio Pereira \u00e0 Gazeta de Alagoas 12\/11\/2012 Para o gestor, a institui\u00e7\u00e3o deve acompanhar seu tempo \u2013 e viver em transforma\u00e7\u00e3o Carla Castellotti O jornalista Rog\u00e9rio Pereira, 39, guarda boas lembran\u00e7as da biblioteca que frequentava quando crian\u00e7a. Aos 13 anos, o ainda garoto j\u00e1 trabalhava como office\u2026","rel":"","context":"Em &quot;Not\u00edcias&quot;","block_context":{"text":"Not\u00edcias","link":"https:\/\/mundobibliotecario.com.br\/index.php\/category\/noticias\/"},"img":{"alt_text":"","src":"","width":0,"height":0},"classes":[]},{"id":3108,"url":"https:\/\/mundobibliotecario.com.br\/index.php\/2013\/05\/07\/concurso-de-literatura-da-premio-de-r-40-mil-a-tres-escritores\/","url_meta":{"origin":4484,"position":1},"title":"Concurso de literatura d\u00e1 pr\u00eamio de R$ 40 mil a tr\u00eas escritores","author":"mundobibliotecario","date":"07\/05\/2013","format":false,"excerpt":"Al\u00e9m do pr\u00eamio em dinheiro, autores selecionados ter\u00e3o obra publicada TAGS:\u00a0Biblioteca P\u00fablica do Paran\u00e1,\u00a0Concurso,\u00a0conto,\u00a0Livros,\u00a0Poesia,\u00a0pr\u00eamio,\u00a0Pr\u00eamio Paran\u00e1 de Literatura,romance Est\u00e3o abertas as inscri\u00e7\u00f5es para o\u00a0Pr\u00eamio\u00a0Paran\u00e1 de Literatura 2013. Lan\u00e7ado pela Biblioteca P\u00fablica do Paran\u00e1, o concurso selecionar\u00e1 tr\u00eas livros in\u00e9ditos em tr\u00eas categorias: romance, contos e poesia Al\u00e9m de receber R$ 40\u2026","rel":"","context":"Em &quot;Concurso&quot;","block_context":{"text":"Concurso","link":"https:\/\/mundobibliotecario.com.br\/index.php\/category\/concurso\/"},"img":{"alt_text":"","src":"https:\/\/i0.wp.com\/revistacult.uol.com.br\/home\/wp-content\/uploads\/2013\/05\/Library-Books.jpg?resize=350%2C200","width":350,"height":200},"classes":[]},{"id":10,"url":"https:\/\/mundobibliotecario.com.br\/index.php\/2008\/07\/14\/querer-e-poder\/","url_meta":{"origin":4484,"position":2},"title":"Querer \u00e9 poder!","author":"mundobibliotecario","date":"14\/07\/2008","format":false,"excerpt":"Apesar das constata\u00e7\u00f5es infelizes em \"Biblioteca...\", publicado em 13 de julho de 2008 neste blog, esfor\u00e7os individuais v\u00eam sendo realizados. Um exemplo \u00e9 o relatado no\u00a0jornal O Estado de S\u00e3o Paulo, de 14 de julho de 2008, que\u00a0publicou a mat\u00e9ria intitulada Faxineira monta biblioteca em comunidade carente de SP. Atitudes\u2026","rel":"","context":"Em &quot;Reflex\u00f5es&quot;","block_context":{"text":"Reflex\u00f5es","link":"https:\/\/mundobibliotecario.com.br\/index.php\/category\/reflexoes\/"},"img":{"alt_text":"","src":"","width":0,"height":0},"classes":[]},{"id":1159,"url":"https:\/\/mundobibliotecario.com.br\/index.php\/2010\/03\/12\/dia-do-bibiliotecario-em-sao-carlos\/","url_meta":{"origin":4484,"position":3},"title":"Dia do Bibliotec\u00e1rio em S\u00e3o Carlos","author":"mundobibliotecario","date":"12\/03\/2010","format":false,"excerpt":"As comera\u00e7\u00f5es do Dia do Bibliotec\u00e1rio em um dos munic\u00edpios mais tradicionais no ensino da Biblioteconomia, S\u00e3o Carlos, v\u00e3o agitar a cidade neste 12 de mar\u00e7o de 2010! Confira! ************************************************************ 11\/03\/2010 \u00e0s 09:54h | Reda\u00e7\u00e3o S\u00e3o Carlos Agora C\u00e2mara Municipal comemora Dia do Bibliotec\u00e1rio nesta sexta-feira A C\u00e2mara Municipal de\u2026","rel":"","context":"Em &quot;Not\u00edcias&quot;","block_context":{"text":"Not\u00edcias","link":"https:\/\/mundobibliotecario.com.br\/index.php\/category\/noticias\/"},"img":{"alt_text":"","src":"","width":0,"height":0},"classes":[]},{"id":7889,"url":"https:\/\/mundobibliotecario.com.br\/index.php\/2020\/10\/19\/cinco-livros-brasileiros-ganham-destaque-na-maior-biblioteca-de-livros-infantis-e-juvenis-do-mundo\/","url_meta":{"origin":4484,"position":4},"title":"Cinco livros brasileiros ganham destaque na maior biblioteca de livros infantis e juvenis do mundo","author":"mundobibliotecario","date":"19\/10\/2020","format":false,"excerpt":"A Biblioteca Internacional Juvenil de Munique (Alemanha) selecionou cinco t\u00edtulos brasileiros para o cat\u00e1logo White Ravens 2020. S\u00e3o obras publicadas pela FTD, Companhia das Letras, SM, Paulinas e Rocco \u00a0 Capa do cat\u00e1logo de 2020, desenhada pela ilustradora e autora Emma AdB\u00e5ge Todos os anos, a Internationale Jugendbibliothek (IJB), maior\u2026","rel":"","context":"Em &quot;Not\u00edcias&quot;","block_context":{"text":"Not\u00edcias","link":"https:\/\/mundobibliotecario.com.br\/index.php\/category\/noticias\/"},"img":{"alt_text":"","src":"","width":0,"height":0},"classes":[]},{"id":3572,"url":"https:\/\/mundobibliotecario.com.br\/index.php\/2014\/09\/11\/evento-no-icmc-marca-40-anos-da-biblioteca-achille-bassi\/","url_meta":{"origin":4484,"position":5},"title":"Evento no ICMC marca 40 anos da Biblioteca Achille Bassi","author":"mundobibliotecario","date":"11\/09\/2014","format":false,"excerpt":"Palestra, homenagem e exposi\u00e7\u00e3o fazem parte da comemora\u00e7\u00e3o dos 40 anos de uma das maiores bibliotecas do pa\u00eds na \u00e1rea de matem\u00e1tica \u00a0 Biblioteca possui hoje o terceiro maior acervo do pa\u00eds na \u00e1rea de matem\u00e1tica A hist\u00f3ria do terceiro maior acervo do Brasil na \u00e1rea de matem\u00e1tica come\u00e7ou a\u2026","rel":"","context":"Em &quot;Eventos&quot;","block_context":{"text":"Eventos","link":"https:\/\/mundobibliotecario.com.br\/index.php\/category\/eventos\/"},"img":{"alt_text":"","src":"https:\/\/images-blogger-opensocial.googleusercontent.com\/gadgets\/proxy?url=http%3A%2F%2F1.bp.blogspot.com%2F-bXzTP9sLDy8%2FVA4Hr0J66uI%2FAAAAAAAACGg%2FdUbmjZuK7Q4%2Fs1600%2FICMC-54.jpg&container=blogger&gadget=a&rewriteMime=image%2F*","width":350,"height":200},"classes":[]}],"jetpack_likes_enabled":true,"jetpack_shortlink":"https:\/\/wp.me\/pcbzwa-1ak","_links":{"self":[{"href":"https:\/\/mundobibliotecario.com.br\/index.php\/wp-json\/wp\/v2\/posts\/4484","targetHints":{"allow":["GET"]}}],"collection":[{"href":"https:\/\/mundobibliotecario.com.br\/index.php\/wp-json\/wp\/v2\/posts"}],"about":[{"href":"https:\/\/mundobibliotecario.com.br\/index.php\/wp-json\/wp\/v2\/types\/post"}],"author":[{"embeddable":true,"href":"https:\/\/mundobibliotecario.com.br\/index.php\/wp-json\/wp\/v2\/users\/1"}],"replies":[{"embeddable":true,"href":"https:\/\/mundobibliotecario.com.br\/index.php\/wp-json\/wp\/v2\/comments?post=4484"}],"version-history":[{"count":0,"href":"https:\/\/mundobibliotecario.com.br\/index.php\/wp-json\/wp\/v2\/posts\/4484\/revisions"}],"wp:attachment":[{"href":"https:\/\/mundobibliotecario.com.br\/index.php\/wp-json\/wp\/v2\/media?parent=4484"}],"wp:term":[{"taxonomy":"category","embeddable":true,"href":"https:\/\/mundobibliotecario.com.br\/index.php\/wp-json\/wp\/v2\/categories?post=4484"},{"taxonomy":"post_tag","embeddable":true,"href":"https:\/\/mundobibliotecario.com.br\/index.php\/wp-json\/wp\/v2\/tags?post=4484"}],"curies":[{"name":"wp","href":"https:\/\/api.w.org\/{rel}","templated":true}]}}