{"id":4505,"date":"2017-04-05T21:00:46","date_gmt":"2017-04-06T00:00:46","guid":{"rendered":"http:\/\/mundobibliotecario.com.br\/?p=4505"},"modified":"2017-04-05T21:00:46","modified_gmt":"2017-04-06T00:00:46","slug":"bibliotecario-rico-4","status":"publish","type":"post","link":"https:\/\/mundobibliotecario.com.br\/index.php\/2017\/04\/05\/bibliotecario-rico-4\/","title":{"rendered":"Bibliotec\u00e1rio Rico (4)"},"content":{"rendered":"<p style=\"text-align:center;\"><a href=\"https:\/\/mundobibliotecario.files.wordpress.com\/2017\/04\/379064.jpg\"><img loading=\"lazy\" decoding=\"async\" class=\"alignnone size-full wp-image-4507\" src=\"https:\/\/mundobibliotecario.files.wordpress.com\/2017\/04\/379064.jpg\" alt=\"\" width=\"331\" height=\"500\" srcset=\"https:\/\/mundobibliotecario.com.br\/wp-content\/uploads\/2017\/04\/379064.jpg 331w, https:\/\/mundobibliotecario.com.br\/wp-content\/uploads\/2017\/04\/379064-199x300.jpg 199w\" sizes=\"auto, (max-width: 331px) 100vw, 331px\" \/><\/a><\/p>\n<p style=\"text-align:left;\"><strong>Pai rico, pai pobre: o que os ricos ensinam a seus filhos sobre dinheiro<\/strong>,<strong>\u00a0<\/strong>de<strong> Robert Kiyosaki <\/strong>e<strong> Sharon L. Lechter, <\/strong>tornou-se um cl\u00e1ssico de finan\u00e7as pessoais.<\/p>\n<p style=\"text-align:left;\">O livro conta a hist\u00f3ria de um jovem que tinha &#8220;dois pais&#8221;: o pai rico, que o incentivava a ganhar dinheiro por conta pr\u00f3pria, e o pai pobre, que o estimulava a estudar e conseguir um emprego com boa remunera\u00e7\u00e3o. Assim, \u00e9 mostrado ao leitor as formas de se conseguir dinheiro e preparar os filhos para lidar com ele. Apesar do t\u00edtulo, os conceitos apresentados podem ser aplicados por qualquer leitor.<\/p>\n","protected":false},"excerpt":{"rendered":"<p>Pai rico, pai pobre: o que os ricos ensinam a seus filhos sobre dinheiro,\u00a0de Robert Kiyosaki e Sharon L. Lechter, tornou-se um cl\u00e1ssico de finan\u00e7as pessoais. O livro conta a hist\u00f3ria de um jovem que tinha &#8220;dois pais&#8221;: o pai rico, que o incentivava a ganhar dinheiro por conta pr\u00f3pria, e o pai pobre, que &#8230; <a title=\"Bibliotec\u00e1rio Rico (4)\" class=\"read-more\" href=\"https:\/\/mundobibliotecario.com.br\/index.php\/2017\/04\/05\/bibliotecario-rico-4\/\" aria-label=\"Read more about Bibliotec\u00e1rio Rico (4)\">Ler mais<\/a><\/p>\n","protected":false},"author":1,"featured_media":0,"comment_status":"open","ping_status":"open","sticky":false,"template":"","format":"standard","meta":{"_mi_skip_tracking":false,"_exactmetrics_sitenote_active":false,"_exactmetrics_sitenote_note":"","_exactmetrics_sitenote_category":0,"_jetpack_newsletter_access":"","footnotes":""},"categories":[60],"tags":[1517,9],"class_list":["post-4505","post","type-post","status-publish","format-standard","hentry","category-noticias","tag-financas-pessoais","tag-livro"],"jetpack_featured_media_url":"","jetpack_sharing_enabled":true,"jetpack-related-posts":[{"id":4441,"url":"https:\/\/mundobibliotecario.com.br\/index.php\/2017\/01\/01\/bibliotecario-rico-1\/","url_meta":{"origin":4505,"position":0},"title":"Bibliotec\u00e1rio Rico (1)","author":"mundobibliotecario","date":"01\/01\/2017","format":false,"excerpt":"Em 2017, o Mundo Bibliotec\u00e1rio lan\u00e7a a s\u00e9rie de posts\u00a0Bibliotec\u00e1rio Rico! No in\u00edcio de cada m\u00eas, ser\u00e1 publicada uma indica\u00e7\u00e3o de leitura sobre finan\u00e7as pessoais para que 2017 seja um ano de muito dinheiro! \u00a0:) Porque no in\u00edcio de cada m\u00eas? Para que voc\u00ea se lembre de pagar a si\u2026","rel":"","context":"Em &quot;Not\u00edcias&quot;","block_context":{"text":"Not\u00edcias","link":"https:\/\/mundobibliotecario.com.br\/index.php\/category\/noticias\/"},"img":{"alt_text":"download","src":"https:\/\/mundobibliotecario.files.wordpress.com\/2017\/01\/download.jpg?w=350&h=200&crop=1","width":350,"height":200},"classes":[]},{"id":4473,"url":"https:\/\/mundobibliotecario.com.br\/index.php\/2017\/02\/01\/bibliotecario-rico-2\/","url_meta":{"origin":4505,"position":1},"title":"Bibliotec\u00e1rio Rico (2)","author":"mundobibliotecario","date":"01\/02\/2017","format":false,"excerpt":"O livro deste m\u00eas \u00e9\u00a0O Seu Primeiro Milh\u00e3o, de Pedro Queiroga Carrilho, De forma bastante did\u00e1tica, o autor aborda t\u00f3picos de finan\u00e7as comportamentais, estrat\u00e9gias para poupar e produtos financeiros que ajudar\u00e3o o leitor a conseguir o primeiro milh\u00e3o! Por isso, \u00e9 uma leitura recomendada para aqueles que est\u00e3o iniciando no\u2026","rel":"","context":"Em &quot;Not\u00edcias&quot;","block_context":{"text":"Not\u00edcias","link":"https:\/\/mundobibliotecario.com.br\/index.php\/category\/noticias\/"},"img":{"alt_text":"","src":"","width":0,"height":0},"classes":[]},{"id":5174,"url":"https:\/\/mundobibliotecario.com.br\/index.php\/2019\/07\/30\/5-sugestoes-de-livros-para-o-dia-dos-pais\/","url_meta":{"origin":4505,"position":2},"title":"5 sugest\u00f5es de livros para o Dia dos Pais","author":"mundobibliotecario","date":"30\/07\/2019","format":false,"excerpt":"Que tal presentar seu pai com um livro no Dia dos Pais? Veja abaixo as sugest\u00f5es do Mundo Bibliotec\u00e1rio! *** O rei do mundo - David Remnick Na noite de 1964, quando Muhammad Ali (ainda Cassius Clay) subiu ao ringue com Sonny Liston, ele era tido como um sujeito irritante,\u2026","rel":"","context":"Em &quot;Not\u00edcias&quot;","block_context":{"text":"Not\u00edcias","link":"https:\/\/mundobibliotecario.com.br\/index.php\/category\/noticias\/"},"img":{"alt_text":"","src":"https:\/\/i0.wp.com\/mundobibliotecario.com.br\/wp-content\/uploads\/2019\/07\/capa-2.jpg?resize=350%2C200","width":350,"height":200},"classes":[]},{"id":4479,"url":"https:\/\/mundobibliotecario.com.br\/index.php\/2017\/03\/02\/bibliotecario-rico-3\/","url_meta":{"origin":4505,"position":3},"title":"Bibliotec\u00e1rio Rico (3)","author":"mundobibliotecario","date":"02\/03\/2017","format":false,"excerpt":"O livro de mar\u00e7o \u00e9\u00a0O futuro \u00e9...: viajar, malhar, estudar, namorar e INVESTIR, de\u00a0Mara Luquet. Apesar do t\u00edtulo\u00a0aparentemente ser voltado para o p\u00fablico jovem, quando oassunto \u00e9 \"investimento\" interessa a todas as idades. De forma bastante leve,\u00a0a autora aborda quatro capitais essenciais para se\u00a0a\u00a0longevidade: sa\u00fade, financeiro, conhecimentos e social.\u00a0Aborda, dentre\u2026","rel":"","context":"Em &quot;Not\u00edcias&quot;","block_context":{"text":"Not\u00edcias","link":"https:\/\/mundobibliotecario.com.br\/index.php\/category\/noticias\/"},"img":{"alt_text":"","src":"https:\/\/mundobibliotecario.files.wordpress.com\/2017\/03\/capa.jpg?w=350&h=200&crop=1","width":350,"height":200},"classes":[]},{"id":7761,"url":"https:\/\/mundobibliotecario.com.br\/index.php\/2020\/08\/12\/livros-de-autoajuda-pessoal-e-financeira-dominam-o-ranking-da-quarentena\/","url_meta":{"origin":4505,"position":4},"title":"Livros de autoajuda pessoal e financeira dominam o ranking da quarentena","author":"mundobibliotecario","date":"12\/08\/2020","format":false,"excerpt":"Dos 15 livros mais vendidos no Brasil de 23 de mar\u00e7o at\u00e9 12 de julho, durante a quarentena, 10 s\u00e3o de autoajuda, sobretudo financeira, dois s\u00e3o de fic\u00e7\u00e3o \u2013 ambos de George Orwell -, apenas tr\u00eas foram escritos por mulheres, dois s\u00e3o de brasileiros e s\u00f3 um \u00e9 recente, do\u2026","rel":"","context":"Em &quot;Not\u00edcias&quot;","block_context":{"text":"Not\u00edcias","link":"https:\/\/mundobibliotecario.com.br\/index.php\/category\/noticias\/"},"img":{"alt_text":"","src":"","width":0,"height":0},"classes":[]},{"id":100,"url":"https:\/\/mundobibliotecario.com.br\/index.php\/2008\/09\/23\/e-os-livros-foram-parar-na-cadeia\/","url_meta":{"origin":4505,"position":5},"title":"E os livros foram parar na cadeia&#8230;","author":"mundobibliotecario","date":"23\/09\/2008","format":false,"excerpt":"Sidnei Rosa tentou, em v\u00e3o, \"libertar\" o acervo de S\u00e3o Francisco Xavier e acabou montando biblioteca na garagem de casa Patr\u00edcia Villalba \u00a0 As crian\u00e7as viam os livros atrav\u00e9s das grades em S\u00e3o Francisco Xavier, pequena cidade da Serra da Mantiqueira, quando o bibliotec\u00e1rio Sidnei Rosa chegou \u00e0 cidade, para\u2026","rel":"","context":"Em &quot;Not\u00edcias&quot;","block_context":{"text":"Not\u00edcias","link":"https:\/\/mundobibliotecario.com.br\/index.php\/category\/noticias\/"},"img":{"alt_text":"","src":"","width":0,"height":0},"classes":[]}],"jetpack_likes_enabled":true,"jetpack_shortlink":"https:\/\/wp.me\/pcbzwa-1aF","_links":{"self":[{"href":"https:\/\/mundobibliotecario.com.br\/index.php\/wp-json\/wp\/v2\/posts\/4505","targetHints":{"allow":["GET"]}}],"collection":[{"href":"https:\/\/mundobibliotecario.com.br\/index.php\/wp-json\/wp\/v2\/posts"}],"about":[{"href":"https:\/\/mundobibliotecario.com.br\/index.php\/wp-json\/wp\/v2\/types\/post"}],"author":[{"embeddable":true,"href":"https:\/\/mundobibliotecario.com.br\/index.php\/wp-json\/wp\/v2\/users\/1"}],"replies":[{"embeddable":true,"href":"https:\/\/mundobibliotecario.com.br\/index.php\/wp-json\/wp\/v2\/comments?post=4505"}],"version-history":[{"count":0,"href":"https:\/\/mundobibliotecario.com.br\/index.php\/wp-json\/wp\/v2\/posts\/4505\/revisions"}],"wp:attachment":[{"href":"https:\/\/mundobibliotecario.com.br\/index.php\/wp-json\/wp\/v2\/media?parent=4505"}],"wp:term":[{"taxonomy":"category","embeddable":true,"href":"https:\/\/mundobibliotecario.com.br\/index.php\/wp-json\/wp\/v2\/categories?post=4505"},{"taxonomy":"post_tag","embeddable":true,"href":"https:\/\/mundobibliotecario.com.br\/index.php\/wp-json\/wp\/v2\/tags?post=4505"}],"curies":[{"name":"wp","href":"https:\/\/api.w.org\/{rel}","templated":true}]}}