{"id":4532,"date":"2017-05-29T22:19:40","date_gmt":"2017-05-30T01:19:40","guid":{"rendered":"http:\/\/mundobibliotecario.com.br\/?p=4532"},"modified":"2020-07-21T23:54:19","modified_gmt":"2020-07-22T02:54:19","slug":"bibliocamp-sanca-2017-as-bibliotecas-nao-sao-o-limite","status":"publish","type":"post","link":"https:\/\/mundobibliotecario.com.br\/index.php\/2017\/05\/29\/bibliocamp-sanca-2017-as-bibliotecas-nao-sao-o-limite\/","title":{"rendered":"BiblioCamp Sanca 2017: as bibliotecas n\u00e3o s\u00e3o o limite!"},"content":{"rendered":"<figure id=\"attachment_4533\" aria-describedby=\"caption-attachment-4533\" style=\"width: 490px\" class=\"wp-caption aligncenter\"><a href=\"http:\/\/mundobibliotecario.com.br\/wp-content\/uploads\/2017\/05\/dsc0044.jpg\"><img loading=\"lazy\" decoding=\"async\" class=\"size-full wp-image-4533\" src=\"http:\/\/mundobibliotecario.com.br\/wp-content\/uploads\/2017\/05\/dsc0044.jpg\" alt=\"\" width=\"500\" height=\"308\" \/><\/a><figcaption id=\"caption-attachment-4533\" class=\"wp-caption-text\">Participantes ao final do BiblioCamp Sanca 2017!<br \/>Cr\u00e9dito da foto: Rodrigo Esp\u00edndola.<\/figcaption><\/figure>\n<p>No dia 6\/5\/17, ocorreu a s\u00e9tima edi\u00e7\u00e3o do BiblioCamp: BiblioCamp Sanca 2017!<\/p>\n<p>Desde que\u00a0participei do meu primeiro BiblioCamp em S\u00e3o Paulo no ano de 2013, fiquei impressionado tanto com o conte\u00fado do evento e seu formato. Simplesmente abre um leque de possibilidades e uma oportunidade troca de experi\u00eancias que nenhum evento profissional consegue atingir, seja pelo fato das palestras serem curtas, seja pelo fato de ter\u00a0uma m\u00e9dia de 50 participantes e, assim, permitir maior intera\u00e7\u00e3o entre todos, num estilo totalmente informal.<\/p>\n<p>Fiquei t\u00e3o impressionado com o evento que depois de algum tempo, pensei: o interior precisa ter um BiblioCamp! E levei essa ideia comigo por uns anos. Eis que em finais de 2016, conversa vai com um &#8220;bibliotec\u00e1rio campuseiro&#8221;, conversa vai com outro, come\u00e7am as discuss\u00f5es para o BiblioCamp Sanca 2017, o primeiro BiblioCamp do interior! N\u00e3o posso deixar de mencionar duas pessoas que de imediato\u00a0abra\u00e7aram a ideia: <a href=\"http:\/\/lattes.cnpq.br\/4500649569193100\">Marcos Teruo Ouchi<\/a>, que organizou o evento comigo, e <a href=\"http:\/\/lattes.cnpq.br\/0004984118085349\">Jos\u00e9 Carlos Bastos J\u00fanior<\/a>, que foi o primeiro palestrante convidado e prontamente aceitou o desafio. A voc\u00eas, meu muito obrigado! E a partir desse contato agregamos mais e mais pessoas&#8230;<\/p>\n<p>Foi assim que eu e Marcos tocamos toda a organiza\u00e7\u00e3o do evento: da cria\u00e7\u00e3o do site e contato com palestrantes \u00e0 escolha do local, defini\u00e7\u00e3o da programa\u00e7\u00e3o e coffee-break&#8230; tudo, absolutamente, na base do voluntariado! No princ\u00edpio, o Marcos n\u00e3o estava botando muito f\u00e9 nesse esquema, mas como \u00e9 um cara engajado e\u00a0que faz acontecer, aos poucos ele se convenceu que sim, seria poss\u00edvel, e que de fato S\u00e3o Carlos (SP), com o <a href=\"http:\/\/www.bci.ufscar.br\/\">curso de Biblioteconomia e Ci\u00eancia da Informa\u00e7\u00e3o na Universidade Federal de S\u00e3o Carlos (BCI\/UFSCar<\/a>, tinha condi\u00e7\u00f5es de realizar o primeiro BiblioCamop no interior.\u00a0E sim, para quem n\u00e3o conhece, o BiblioCamp \u00e9 inteiramente\u00a0realizado na base do voluntariado: desde a organiza\u00e7\u00e3o at\u00e9 os palestrantes. Cada um arca com as pr\u00f3prias despesas. O local foi a biblioteca da universidade onde nos graduamos: <a href=\"http:\/\/www.bco.ufscar.br\/\">Biblioteca Comunit\u00e1ria (BCo) da UFSCar<\/a>! Aos profissionais da BCo, <a href=\"http:\/\/lattes.cnpq.br\/6390029520269072\">Eliane Colepicolo<\/a> (diretora), <a href=\"http:\/\/lattes.cnpq.br\/8226039838273760\">Alexei David Antonio<\/a> e <a href=\"http:\/\/lattes.cnpq.br\/1539390812340093\">Marisa Cubas Lozano<\/a>, tamb\u00e9m agrade\u00e7o imensamente por terem\u00a0&#8220;comprado&#8221; a ideia.<\/p>\n<p>As palestras do BiblioCamp s\u00e3o no estilo TED, isto \u00e9, cada palestrante tem quinze\u00a0minutos de fala. Um diferencial desta edi\u00e7\u00e3o foi o momento que chamamos &#8220;Di\u00e1logos&#8221;: a cada bloco de tr\u00eas ou quatro apresenta\u00e7\u00f5es, realizamos uma pausa para perguntas. Apesar da meia hora dispon\u00edvel para esse momento n\u00e3o ter sido\u00a0suficiente, haja vista a vontade de participa\u00e7\u00e3o dos ouvintes, a conversa continuou no almo\u00e7o e tamb\u00e9m nos intervalos entre uma e outra palestra, o que foi bastante produtivo, pois possibilitou o contato direto com os palestrantes. Logo as palestras e as apresenta\u00e7\u00f5es estar\u00e3o dispon\u00edveis no <a href=\"https:\/\/www.youtube.com\/results?q=bibliocamp&amp;sp=EgIQAw%253D%253D\">YouTube<\/a>. Ali\u00e1s, a grava\u00e7\u00e3o s\u00f3 foi poss\u00edvel com o cinegrafista <a href=\"https:\/\/www.facebook.com\/rodrigo.espindola.7\">Rodrigo Esp\u00edndola<\/a>, a quem agrade\u00e7o pelo registro!<\/p>\n<p>Para quem n\u00e3o pode comparecer, replico abaixo a programa\u00e7\u00e3o:<\/p>\n<p>10h15<br \/>\nComo construir indicadores bibliom\u00e9tricos e cientom\u00e9tricos de um campo de pesquisa<br \/>\nEliane Colep\u00edcolo (UFSCar)<\/p>\n<p>10h30<br \/>\nPrograma Conecta Biblioteca- Experi\u00eancias de bibliotecas p\u00fablicas brasileiras<br \/>\nIlca Bandeira (ONG Recode)<\/p>\n<p>10h45<br \/>\nDI\u00c1LOGOS (Momento para perguntas, respostas e debate)<\/p>\n<p>11h05<br \/>\nA forma\u00e7\u00e3o do bibliotec\u00e1rio frente aos direitos &#8220;humanos&#8221;<br \/>\nMaria Cristina Palhares (UNIFAI)<\/p>\n<p>11h20<br \/>\nMas por que uma biblioteca se temos a Amazon Books?<br \/>\nAdriana Ferrari (USP\/FEBAB)<\/p>\n<p>11h35<br \/>\nCasa arrumada: como ser um bom anfitri\u00e3o nas visitas do MEC<br \/>\nAriovaldo Alves (UNIP)<\/p>\n<p>11h50<br \/>\nDI\u00c1LOGOS (Momento para perguntas, respostas e debate)<\/p>\n<p>12h10<br \/>\nAlmo\u00e7o<\/p>\n<p>13h30<br \/>\nFronteiras: como conseguir interc\u00e2mbio profissional bibliotecon\u00f4mico no Exterior<br \/>\nCarlos Eduardo Gianetti (UNICAMP)<\/p>\n<p>13h45<br \/>\nFala, bibliotec\u00e1ria: compartilhando ideias, experi\u00eancias e conhecimento no YouTube<br \/>\nGabriela Bazan Pedr\u00e3o (UNESP)<\/p>\n<p>14h00<br \/>\nINFOMARKETING: fez biblio e n\u00e3o aparece vaga na biblioteca? Conhe\u00e7a outro campo natural para o Bibliotec\u00e1rio<br \/>\nMarcos Teruo Ouchi (UFSCar)<\/p>\n<p>14h15<br \/>\nDI\u00c1LOGOS (Momento para perguntas, respostas e debate)<\/p>\n<p>14h35<br \/>\nUma ONG para bibliotecas escolares<br \/>\nSuelen Camilo Ferreira (UNIP)<\/p>\n<p>14h50<br \/>\nBiblioteconomia social: implementa\u00e7\u00e3o de espa\u00e7os de cultura em \u00e1reas de vulnerabilidade social<br \/>\nJos\u00e9 Carlos Bastos J\u00fanior (Prefeitura de Ibat\u00e9)<\/p>\n<p>15h05<br \/>\nDiagn\u00f3stico e Planejamento de Bibliotecas Escolares: torne-se a TIA M\u00c1 que as crian\u00e7as merecem<br \/>\nEstela Maris Ferreira (Col\u00e9gio Anglo S\u00e3o Carlos)<\/p>\n<p>15h20<br \/>\nResponsabilidade Social Bibliotec\u00e1ria (RSB): mercado em aberto na pr\u00e1xis em Biblioteconomia<br \/>\nMarielle Barros de Moraes (USP)<\/p>\n<p>15h35<br \/>\nCentros de Informa\u00e7\u00e3o como Centros de Aprendizagem<br \/>\nJo\u00e3o Guilherme Camargo dos Santos (Escola de Inventor)<\/p>\n<p>15h50<br \/>\nDI\u00c1LOGOS (Momento para perguntas, respostas e debate)<\/p>\n<p>16h00<br \/>\nEncerramento<\/p>\n<p>Com a participa\u00e7\u00e3o ativa de todos, o BiblioCamp Sanca 2017\u00a0foi at\u00e9 as 18h!\u00a0Sa\u00edmos de l\u00e1 fisicamente cansados, mas mentalmente renovados!<\/p>\n<p>N\u00e3o consegui fazer anota\u00e7\u00f5es de todas as palestras por conta de ter organizado o evento, por\u00e9m, <a href=\"http:\/\/monitoriafabci.blogspot.com.br\/2017\/05\/mc-na-estrada-bibliocamp-sanca-2017.html?m=1\">o pessoal da FaBCI-FESPSP fez um excelente relato do evento<\/a>. A todos os novos amigos da FESPSP, tamb\u00e9m agrade\u00e7o pela participa\u00e7\u00e3o e pelo relato!<\/p>\n<p>Sem d\u00favida, \u00e9 um BiblioCamp que lembrarei para sempre, inclusive pelo fato de ter coincidido com o meu anivers\u00e1rio (\u00e9 s\u00e9rio: teve vota\u00e7\u00e3o para decidir a data!)! Teve at\u00e9 &#8220;parab\u00e9ns&#8221; surpresa!\u00a0Nunca deu tanto trabalho organizar uma &#8220;festa&#8221; de anivers\u00e1rio como essa, que foi repleta de novas ideias, inspira\u00e7\u00e3o, motiva\u00e7\u00e3o e realiza\u00e7\u00e3o para continuarmos, todos, a fazer uma Biblioteconomia cada vez melhor!<\/p>\n<p>Aos presentes e aos ausentes, mas que fizeram votos de sucesso, meu muito obrigado pela participa\u00e7\u00e3o e apoio ao BiblioCamp Sanca 2017!<\/p>\n<p>E que venha o <a href=\"https:\/\/www.facebook.com\/groups\/746669635437797\/\">BiblioCamp Fortaleza 2017<\/a>!<\/p>\n","protected":false},"excerpt":{"rendered":"<p>No dia 6\/5\/17, ocorreu a s\u00e9tima edi\u00e7\u00e3o do BiblioCamp: BiblioCamp Sanca 2017! Desde que\u00a0participei do meu primeiro BiblioCamp em S\u00e3o Paulo no ano de 2013, fiquei impressionado tanto com o conte\u00fado do evento e seu formato. Simplesmente abre um leque de possibilidades e uma oportunidade troca de experi\u00eancias que nenhum evento profissional consegue atingir, seja &#8230; <a title=\"BiblioCamp Sanca 2017: as bibliotecas n\u00e3o s\u00e3o o limite!\" class=\"read-more\" href=\"https:\/\/mundobibliotecario.com.br\/index.php\/2017\/05\/29\/bibliocamp-sanca-2017-as-bibliotecas-nao-sao-o-limite\/\" aria-label=\"Read more about BiblioCamp Sanca 2017: as bibliotecas n\u00e3o s\u00e3o o limite!\">Ler mais<\/a><\/p>\n","protected":false},"author":1,"featured_media":0,"comment_status":"open","ping_status":"open","sticky":false,"template":"","format":"standard","meta":{"_mi_skip_tracking":false,"_exactmetrics_sitenote_active":false,"_exactmetrics_sitenote_note":"","_exactmetrics_sitenote_category":0,"_jetpack_newsletter_access":"","footnotes":""},"categories":[27,60],"tags":[1370],"class_list":["post-4532","post","type-post","status-publish","format-standard","hentry","category-eventos","category-noticias","tag-bibliocamp-sanca-2017"],"jetpack_featured_media_url":"","jetpack_sharing_enabled":true,"jetpack-related-posts":[{"id":4494,"url":"https:\/\/mundobibliotecario.com.br\/index.php\/2017\/03\/23\/bibliocamp-sanca-2017\/","url_meta":{"origin":4532,"position":0},"title":"BiblioCamp Sanca 2017","author":"mundobibliotecario","date":"23\/03\/2017","format":false,"excerpt":"Em 6 de maio de 2017, ser\u00e1 realizada em S\u00e3o Carlos (SP) a 7\u00aa edi\u00e7\u00e3o do BiblioCamp. O BiblioCamp foi uma iniciativa do bibliotec\u00e1rio Moreno Barros, que trabalha na Universidade Federal do Rio de Janeiro (UFRJ) e \u00e9 um dos editores do blog \u201cBibliotec\u00e1rios Sem Fronteiras\u201d. Em 2011, ele decidiu\u2026","rel":"","context":"Em &quot;Eventos&quot;","block_context":{"text":"Eventos","link":"https:\/\/mundobibliotecario.com.br\/index.php\/category\/eventos\/"},"img":{"alt_text":"","src":"","width":0,"height":0},"classes":[]},{"id":4616,"url":"https:\/\/mundobibliotecario.com.br\/index.php\/2017\/11\/19\/veja-como-foi-a-1a-caminhada-dos-bibliotecarios-sao-carlos-sp\/","url_meta":{"origin":4532,"position":1},"title":"Veja como foi a 1\u00aa Caminhada dos Bibliotec\u00e1rios \u2013 S\u00e3o Carlos (SP)","author":"mundobibliotecario","date":"19\/11\/2017","format":false,"excerpt":"Mesmo com a previs\u00e3o de chuva para o dia 19\/11\/17 e o tempo nublado, a\u00a01\u00aa Caminhada dos Bibliotec\u00e1rios \u2013 S\u00e3o Carlos (SP) aconteceu! Segundo as estat\u00edsticas do Facebook, a caminhada teve 34 interessados e 11 confirmaram presen\u00e7a. Estiveram presentes 8 pessoas, o que \u00e9 um bom come\u00e7o para o primeiro\u2026","rel":"","context":"Em &quot;Eventos&quot;","block_context":{"text":"Eventos","link":"https:\/\/mundobibliotecario.com.br\/index.php\/category\/eventos\/"},"img":{"alt_text":"","src":"https:\/\/i0.wp.com\/mundobibliotecario.com.br\/wp-content\/uploads\/2017\/11\/20171119_091230.jpg?resize=350%2C200","width":350,"height":200},"classes":[]},{"id":4602,"url":"https:\/\/mundobibliotecario.com.br\/index.php\/2017\/11\/15\/1a-caminhada-dos-bibliotecarios-sao-carlos-sp\/","url_meta":{"origin":4532,"position":2},"title":"1\u00aa Caminhada dos Bibliotec\u00e1rios &#8211; S\u00e3o Carlos (SP)","author":"mundobibliotecario","date":"15\/11\/2017","format":false,"excerpt":"O Mundo Bibliotec\u00e1rio promove, no dia 19\/11\/17, a 1\u00aa Caminhada dos Bibliotec\u00e1rios\u00a0em S\u00e3o Carlos (SP) Precisa fazer inscri\u00e7\u00e3o? Tem custo? N\u00e3o precisa fazer inscri\u00e7\u00e3o, mas voc\u00ea pode confirmar sua presen\u00e7a no Facebook. Custo: zero! \u00a0 Qual o local da caminhada? O grupo dar\u00e1 uma volta completa na pista em frente\u2026","rel":"","context":"Em &quot;Eventos&quot;","block_context":{"text":"Eventos","link":"https:\/\/mundobibliotecario.com.br\/index.php\/category\/eventos\/"},"img":{"alt_text":"","src":"","width":0,"height":0},"classes":[]},{"id":4491,"url":"https:\/\/mundobibliotecario.com.br\/index.php\/2017\/03\/15\/workshop-orcid-para-autores\/","url_meta":{"origin":4532,"position":3},"title":"Workshop &#8220;ORCID para autores&#8221;","author":"mundobibliotecario","date":"15\/03\/2017","format":false,"excerpt":"Suelybcs ministra Workshop > aberto, gratuito > \"ORCID para autores\" Data: 16\/03\/2017 - quinta-feira Local: EESC\/USP, S\u00e3o Carlos Hor\u00e1rio: 14h00 \u00e0s 18h00 Retransmiss\u00e3o simult\u00e2nea clique aqui para assistir e enviar perguntas > https:\/\/www.youtube.com\/channel\/UCoiIEmnWHtcIwcfV8H6W7Yg ================================================== Evento integrante da XIII Semana da P\u00f3s-Gradua\u00e7\u00e3o da EESC http:\/\/www.eesc.usp.br\/\u2026\/biblioteca\/pub\/sem\u2026\/programacao.php","rel":"","context":"Em &quot;Eventos&quot;","block_context":{"text":"Eventos","link":"https:\/\/mundobibliotecario.com.br\/index.php\/category\/eventos\/"},"img":{"alt_text":"","src":"","width":0,"height":0},"classes":[]},{"id":5345,"url":"https:\/\/mundobibliotecario.com.br\/index.php\/2019\/11\/04\/alunos-da-fce-vencem-maratona-de-criacao-de-startups\/","url_meta":{"origin":4532,"position":4},"title":"Alunos da FCE vencem maratona de cria\u00e7\u00e3o de startups","author":"mundobibliotecario","date":"04\/11\/2019","format":false,"excerpt":"Guilherme Takeshi e Ot\u00e1vio Soares compuseram grupo que idealizou a rede social 'TalkBook' \u00a031\/10\/2019\u00a0por: ACI Local | Daniel Manzano Grupo vencedor da competi\u00e7\u00e3o, com alunos Guilherme (nos bra\u00e7os dos colegas) e Ot\u00e1vio (segundo, em p\u00e9) Imagem: AI\/Inova Prudente De 18 a 20 de outubro ocorreu em Presidente Prudente a quinta\u2026","rel":"","context":"Em &quot;Not\u00edcias&quot;","block_context":{"text":"Not\u00edcias","link":"https:\/\/mundobibliotecario.com.br\/index.php\/category\/noticias\/"},"img":{"alt_text":"","src":"","width":0,"height":0},"classes":[]},{"id":4537,"url":"https:\/\/mundobibliotecario.com.br\/index.php\/2017\/05\/30\/seminario-de-pesquisas-em-ciencia-da-informacao-do-ppgciusp\/","url_meta":{"origin":4532,"position":5},"title":"Semin\u00e1rio de Pesquisas em Ci\u00eancia da Informa\u00e7\u00e3o do PPGCI\/USP","author":"mundobibliotecario","date":"30\/05\/2017","format":"image","excerpt":"","rel":"","context":"Em &quot;Eventos&quot;","block_context":{"text":"Eventos","link":"https:\/\/mundobibliotecario.com.br\/index.php\/category\/eventos\/"},"img":{"alt_text":"","src":"https:\/\/i0.wp.com\/mundobibliotecario.com.br\/wp-content\/uploads\/2017\/05\/seminario.jpg?resize=350%2C200","width":350,"height":200},"classes":[]}],"jetpack_likes_enabled":true,"jetpack_shortlink":"https:\/\/wp.me\/pcbzwa-1b6","_links":{"self":[{"href":"https:\/\/mundobibliotecario.com.br\/index.php\/wp-json\/wp\/v2\/posts\/4532","targetHints":{"allow":["GET"]}}],"collection":[{"href":"https:\/\/mundobibliotecario.com.br\/index.php\/wp-json\/wp\/v2\/posts"}],"about":[{"href":"https:\/\/mundobibliotecario.com.br\/index.php\/wp-json\/wp\/v2\/types\/post"}],"author":[{"embeddable":true,"href":"https:\/\/mundobibliotecario.com.br\/index.php\/wp-json\/wp\/v2\/users\/1"}],"replies":[{"embeddable":true,"href":"https:\/\/mundobibliotecario.com.br\/index.php\/wp-json\/wp\/v2\/comments?post=4532"}],"version-history":[{"count":2,"href":"https:\/\/mundobibliotecario.com.br\/index.php\/wp-json\/wp\/v2\/posts\/4532\/revisions"}],"predecessor-version":[{"id":7220,"href":"https:\/\/mundobibliotecario.com.br\/index.php\/wp-json\/wp\/v2\/posts\/4532\/revisions\/7220"}],"wp:attachment":[{"href":"https:\/\/mundobibliotecario.com.br\/index.php\/wp-json\/wp\/v2\/media?parent=4532"}],"wp:term":[{"taxonomy":"category","embeddable":true,"href":"https:\/\/mundobibliotecario.com.br\/index.php\/wp-json\/wp\/v2\/categories?post=4532"},{"taxonomy":"post_tag","embeddable":true,"href":"https:\/\/mundobibliotecario.com.br\/index.php\/wp-json\/wp\/v2\/tags?post=4532"}],"curies":[{"name":"wp","href":"https:\/\/api.w.org\/{rel}","templated":true}]}}