{"id":4537,"date":"2017-05-30T21:49:31","date_gmt":"2017-05-31T00:49:31","guid":{"rendered":"http:\/\/mundobibliotecario.com.br\/?p=4537"},"modified":"2017-05-30T21:49:31","modified_gmt":"2017-05-31T00:49:31","slug":"seminario-de-pesquisas-em-ciencia-da-informacao-do-ppgciusp","status":"publish","type":"post","link":"https:\/\/mundobibliotecario.com.br\/index.php\/2017\/05\/30\/seminario-de-pesquisas-em-ciencia-da-informacao-do-ppgciusp\/","title":{"rendered":"Semin\u00e1rio de Pesquisas em Ci\u00eancia da Informa\u00e7\u00e3o do PPGCI\/USP"},"content":{"rendered":"<p style=\"text-align:center;\"><a href=\"http:\/\/mundobibliotecario.com.br\/wp-content\/uploads\/2017\/05\/seminario.jpg\"><img loading=\"lazy\" decoding=\"async\" class=\"alignnone size-full wp-image-4538\" src=\"http:\/\/mundobibliotecario.com.br\/wp-content\/uploads\/2017\/05\/seminario.jpg\" alt=\"\" width=\"500\" height=\"363\" srcset=\"https:\/\/mundobibliotecario.com.br\/wp-content\/uploads\/2017\/05\/seminario.jpg 512w, https:\/\/mundobibliotecario.com.br\/wp-content\/uploads\/2017\/05\/seminario-300x218.jpg 300w\" sizes=\"auto, (max-width: 500px) 100vw, 500px\" \/><\/a><\/p>\n","protected":false},"excerpt":{"rendered":"","protected":false},"author":1,"featured_media":0,"comment_status":"open","ping_status":"open","sticky":false,"template":"","format":"image","meta":{"_mi_skip_tracking":false,"_exactmetrics_sitenote_active":false,"_exactmetrics_sitenote_note":"","_exactmetrics_sitenote_category":0,"_jetpack_newsletter_access":"","footnotes":""},"categories":[27],"tags":[40,325,726],"class_list":["post-4537","post","type-post","status-publish","format-image","hentry","category-eventos","tag-ciencia-da-informacao","tag-eca-usp","tag-pesquisa","post_format-post-format-image"],"jetpack_featured_media_url":"","jetpack_sharing_enabled":true,"jetpack-related-posts":[{"id":501,"url":"https:\/\/mundobibliotecario.com.br\/index.php\/2009\/03\/26\/aula-inaugural-reflexoes-contemporaneas-sobre-a-ciencia-da-informacao\/","url_meta":{"origin":4537,"position":0},"title":"Aula inaugural &#8211; &quot;Reflex\u00f5es contempor\u00e2neas sobre a ci\u00eancia da informa\u00e7\u00e3o&quot;","author":"mundobibliotecario","date":"26\/03\/2009","format":false,"excerpt":"Nesta quinta, 16hs, o Prof. Aldo Barreto (IBICT) ministrar\u00e1 a aula inaugural do Programa de P\u00f3s Gradua\u00e7\u00e3o em Ci\u00eancia da Informa\u00e7\u00e3o da ECA\/USP. O t\u00edtulo do encontro ser\u00e1 \"Reflex\u00f5es contempor\u00e2neas sobre a ci\u00eancia da informa\u00e7\u00e3o\". Todos alunos podem participar deste evento. Para aqueles que n\u00e3o puderem vir, ou estejam em\u2026","rel":"","context":"Em &quot;Eventos&quot;","block_context":{"text":"Eventos","link":"https:\/\/mundobibliotecario.com.br\/index.php\/category\/eventos\/"},"img":{"alt_text":"","src":"","width":0,"height":0},"classes":[]},{"id":4838,"url":"https:\/\/mundobibliotecario.com.br\/index.php\/2009\/03\/26\/aula-inaugural-reflexoes-contemporaneas-sobre-a-ciencia-da-informacao-2\/","url_meta":{"origin":4537,"position":1},"title":"Aula inaugural &#8211; &#034;Reflex\u00f5es contempor\u00e2neas sobre a ci\u00eancia da informa\u00e7\u00e3o&#034;","author":"mundobibliotecario","date":"26\/03\/2009","format":false,"excerpt":"Nesta quinta, 16hs, o Prof. Aldo Barreto (IBICT) ministrar\u00e1 a aula inaugural do Programa de P\u00f3s Gradua\u00e7\u00e3o em Ci\u00eancia da Informa\u00e7\u00e3o da ECA\/USP. O t\u00edtulo do encontro ser\u00e1 \"Reflex\u00f5es contempor\u00e2neas sobre a ci\u00eancia da informa\u00e7\u00e3o\". Todos alunos podem participar deste evento. Para aqueles que n\u00e3o puderem vir, ou estejam em\u2026","rel":"","context":"Em &quot;Eventos&quot;","block_context":{"text":"Eventos","link":"https:\/\/mundobibliotecario.com.br\/index.php\/category\/eventos\/"},"img":{"alt_text":"","src":"","width":0,"height":0},"classes":[]},{"id":1469,"url":"https:\/\/mundobibliotecario.com.br\/index.php\/2010\/09\/24\/v-semana-de-biblioteconomia-da-ecausp\/","url_meta":{"origin":4537,"position":2},"title":"V Semana de Biblioteconomia da ECA\/USP","author":"mundobibliotecario","date":"24\/09\/2010","format":false,"excerpt":"V Semana de Biblioteconomia da Escola de Comunica\u00e7\u00f5es e Artes (ECA) da Universidade de S\u00e3o Paulo (USP) De 27\/09 a 01\/10 A Semana de Biblioteconomia da Escola de Comunica\u00e7\u00f5es e Artes (ECA) da Universidade de S\u00e3o Paulo (USP) \u00e9 em evento acad\u00eamico que objetiva estimular e promover o esp\u00edrito cr\u00edtico\u2026","rel":"","context":"Em &quot;Eventos&quot;","block_context":{"text":"Eventos","link":"https:\/\/mundobibliotecario.com.br\/index.php\/category\/eventos\/"},"img":{"alt_text":"","src":"","width":0,"height":0},"classes":[]},{"id":1329,"url":"https:\/\/mundobibliotecario.com.br\/index.php\/2010\/06\/28\/seminario-aborda-as-teorias-de-michel-foucault-na-ciencia-da-informacao\/","url_meta":{"origin":4537,"position":3},"title":"Semin\u00e1rio aborda as teorias de Michel Foucault na Ci\u00eancia da Informa\u00e7\u00e3o","author":"mundobibliotecario","date":"28\/06\/2010","format":false,"excerpt":"Na pr\u00f3xima quinta-feira (1\/7), acontece na UFSCar o \"I Semin\u00e1rio de An\u00e1lise em Pr\u00e1ticas Discursivas: Foucault na Ci\u00eancia da Informa\u00e7\u00e3o\", organizado pelas docentes N\u00e1dea Regina Gaspar, do Departamento de Ci\u00eancia da Informa\u00e7\u00e3o da UFSCar, e Luc\u00edlia Maria Sousa Rom\u00e3o, professora da Faculdade de Filosofia, Ci\u00eancias e Letras da USP de\u2026","rel":"","context":"Em &quot;Eventos&quot;","block_context":{"text":"Eventos","link":"https:\/\/mundobibliotecario.com.br\/index.php\/category\/eventos\/"},"img":{"alt_text":"","src":"","width":0,"height":0},"classes":[]},{"id":2103,"url":"https:\/\/mundobibliotecario.com.br\/index.php\/2011\/06\/29\/selecao-de-pos-doutoramento-em-gestao-da-informacao-ecausp\/","url_meta":{"origin":4537,"position":4},"title":"Sele\u00e7\u00e3o de P\u00f3s-Doutoramento em Gest\u00e3o da Informa\u00e7\u00e3o \u2013 ECA\/USP","author":"mundobibliotecario","date":"29\/06\/2011","format":false,"excerpt":"O Projeto Tem\u00e1tico Comunica\u00e7\u00e3o e Censura: an\u00e1lise te\u00f3rica e documental de processos cens\u00f3rios a partir do Arquivo Miroel Silveira da ECA\/USP (processo Fapesp 08\/56709-0), abre inscri\u00e7\u00f5es para bolsa de P\u00f3s-Doutoramento em Gerenciamento de Projetos. Tendo se iniciado em agosto de 2009 e com encerramento previsto para julho de 2013, visa\u2026","rel":"","context":"Em &quot;Not\u00edcias&quot;","block_context":{"text":"Not\u00edcias","link":"https:\/\/mundobibliotecario.com.br\/index.php\/category\/noticias\/"},"img":{"alt_text":"","src":"","width":0,"height":0},"classes":[]},{"id":4887,"url":"https:\/\/mundobibliotecario.com.br\/index.php\/2011\/10\/10\/v-jornada-nacional-e-i-internacional-em-analise-do-discurso-na-ciencia-da-informacao-leitores-de-imagens-2\/","url_meta":{"origin":4537,"position":5},"title":"V Jornada Nacional e I Internacional em An\u00e1lise do Discurso na Ci\u00eancia da Informa\u00e7\u00e3o: &quot;Leitores de imagens&quot;","author":"mundobibliotecario","date":"10\/10\/2011","format":false,"excerpt":"Prezados. \u00a0 Est\u00e3o abertas as inscri\u00e7\u00f5es para a V Jornada Nacional e I Internacional em An\u00e1lise do Discurso na Ci\u00eancia da Informa\u00e7\u00e3o: \u201cLeitores de Imagens\u201d, que acontecer\u00e1 nos dias 07 e 08 de novembro, na UFSCar. O evento, que se fundamenta em bases te\u00f3rico-metodol\u00f3gicas da An\u00e1lise do Discurso de linha\u2026","rel":"","context":"Em &quot;Eventos&quot;","block_context":{"text":"Eventos","link":"https:\/\/mundobibliotecario.com.br\/index.php\/category\/eventos\/"},"img":{"alt_text":"","src":"","width":0,"height":0},"classes":[]}],"jetpack_likes_enabled":true,"jetpack_shortlink":"https:\/\/wp.me\/pcbzwa-1bb","_links":{"self":[{"href":"https:\/\/mundobibliotecario.com.br\/index.php\/wp-json\/wp\/v2\/posts\/4537","targetHints":{"allow":["GET"]}}],"collection":[{"href":"https:\/\/mundobibliotecario.com.br\/index.php\/wp-json\/wp\/v2\/posts"}],"about":[{"href":"https:\/\/mundobibliotecario.com.br\/index.php\/wp-json\/wp\/v2\/types\/post"}],"author":[{"embeddable":true,"href":"https:\/\/mundobibliotecario.com.br\/index.php\/wp-json\/wp\/v2\/users\/1"}],"replies":[{"embeddable":true,"href":"https:\/\/mundobibliotecario.com.br\/index.php\/wp-json\/wp\/v2\/comments?post=4537"}],"version-history":[{"count":0,"href":"https:\/\/mundobibliotecario.com.br\/index.php\/wp-json\/wp\/v2\/posts\/4537\/revisions"}],"wp:attachment":[{"href":"https:\/\/mundobibliotecario.com.br\/index.php\/wp-json\/wp\/v2\/media?parent=4537"}],"wp:term":[{"taxonomy":"category","embeddable":true,"href":"https:\/\/mundobibliotecario.com.br\/index.php\/wp-json\/wp\/v2\/categories?post=4537"},{"taxonomy":"post_tag","embeddable":true,"href":"https:\/\/mundobibliotecario.com.br\/index.php\/wp-json\/wp\/v2\/tags?post=4537"}],"curies":[{"name":"wp","href":"https:\/\/api.w.org\/{rel}","templated":true}]}}