{"id":4554,"date":"2017-07-16T22:09:57","date_gmt":"2017-07-17T01:09:57","guid":{"rendered":"http:\/\/mundobibliotecario.com.br\/?p=4554"},"modified":"2020-07-21T23:54:19","modified_gmt":"2020-07-22T02:54:19","slug":"onu-lanca-biblioteca-digital-com-900-mil-documentos-a-disposicao-do-publico","status":"publish","type":"post","link":"https:\/\/mundobibliotecario.com.br\/index.php\/2017\/07\/16\/onu-lanca-biblioteca-digital-com-900-mil-documentos-a-disposicao-do-publico\/","title":{"rendered":"ONU lan\u00e7a biblioteca digital com 900 mil documentos \u00e0 disposi\u00e7\u00e3o do p\u00fablico"},"content":{"rendered":"<div class=\"post_excerpt\">\n<p>Plataforma ser\u00e1 o ponto de acesso global \u00e0 informa\u00e7\u00e3o das Na\u00e7\u00f5es Unidas, incluindo material hist\u00f3rico e registros contempor\u00e2neos. Biblioteca foi desenvolvida por meio de tecnologia de c\u00f3digo aberto pela Organiza\u00e7\u00e3o Europeia para a Pesquisa Nuclear (CERN).<\/p>\n<\/div>\n<div id=\"attachment_126152\" class=\"wp-caption aligncenter\"><img loading=\"lazy\" decoding=\"async\" class=\"size-full wp-image-126152\" style=\"box-sizing:border-box;margin:0;padding:0;border:0;font-size:14px;vertical-align:baseline;max-width:100%;height:auto;border-radius:0;box-shadow:rgba(0,0,0,0.2) 0 0 0;\" src=\"https:\/\/nacoesunidas.org\/wp-content\/uploads\/2017\/07\/featured-image-resources-sm.jpg\" alt=\"Uma das salas da Biblioteca Dag Hammarskj\u00f6ld, na sede da ONU em Nova Iorque. Foto: ONU\" width=\"1200\" height=\"500\" \/><\/p>\n<p class=\"wp-caption-text\">Uma das salas da Biblioteca Dag Hammarskj\u00f6ld, na sede da ONU em Nova Iorque. Foto: ONU<\/p>\n<\/div>\n<p>A ONU lan\u00e7ou no m\u00eas de maio um\u00a0<a href=\"https:\/\/digitallibrary.un.org\/\" target=\"_blank\" rel=\"noopener noreferrer\">reposit\u00f3rio que conta atualmente<\/a>\u00a0com cerca de 900 mil registros. Segundo a organiza\u00e7\u00e3o, a plataforma ser\u00e1 o ponto de acesso global \u00e0 informa\u00e7\u00e3o das Na\u00e7\u00f5es Unidas, incluindo material hist\u00f3rico e registros contempor\u00e2neos.<\/p>\n<p>A iniciativa \u00e9 uma parceria entre a\u00a0<a href=\"https:\/\/library.un.org\/\" target=\"_blank\" rel=\"noopener noreferrer\">Biblioteca Dag Hammarskj\u00f6ld<\/a>\u00a0das Na\u00e7\u00f5es Unidas e a\u00a0<a href=\"http:\/\/www.unog.ch\/library\" target=\"_blank\" rel=\"noopener noreferrer\">Biblioteca do Escrit\u00f3rio das Na\u00e7\u00f5es Unidas em Genebra<\/a>. A plataforma fornece acesso a materiais produzidos pela organiza\u00e7\u00e3o em formato digital e sem custo algum, e faz parte de um esfor\u00e7o de promover a transpar\u00eancia, o livre acesso \u00e0 informa\u00e7\u00e3o e a preserva\u00e7\u00e3o do acervo documental da ONU.<\/p>\n<p>A biblioteca foi desenvolvida por meio de tecnologia de c\u00f3digo aberto pela Organiza\u00e7\u00e3o Europeia para a Pesquisa Nuclear (<a href=\"https:\/\/home.cern\/\" target=\"_blank\" rel=\"noopener noreferrer\">CERN<\/a>) e engloba m\u00e9tricas de administra\u00e7\u00e3o e de c\u00f3digo aberto.<\/p>\n<p>O sistema incorpora conte\u00fado apresentado em diversos bancos de dados aut\u00f4nomos, como o Sistema de Informa\u00e7\u00e3o Bibliogr\u00e1fica da ONU (UNBISNET) e o\u00a0<a href=\"https:\/\/documents.un.org\/\" target=\"_blank\" rel=\"noopener noreferrer\">Sistema de Documentos Oficiais das Na\u00e7\u00f5es Unidas<\/a>. No total, s\u00e3o quase 900 mil registros, n\u00famero que aumenta diariamente.<\/p>\n<p>Entre os documentos dispon\u00edveis est\u00e3o documentos oficiais da ONU e publica\u00e7\u00f5es de acesso p\u00fablico, discursos e dados de vota\u00e7\u00f5es nos diferentes \u00f3rg\u00e3os da organiza\u00e7\u00e3o, mapas, resolu\u00e7\u00f5es, atas de reuni\u00f5es e uma diversa cole\u00e7\u00e3o de documentos institucionais.<\/p>\n<p>A plataforma est\u00e1 dispon\u00edvel nos seis idiomas oficiais da organiza\u00e7\u00e3o, al\u00e9m de alguns outros n\u00e3o oficiais, em certos casos.<\/p>\n<p>Para utilizar a Biblioteca Digital da ONU, os usu\u00e1rios devem acessar a p\u00e1gina e fazer a busca utilizando os diferentes filtros, como tipo de documento ou \u00f3rg\u00e3o, ag\u00eancia ou organismo do Sistema ONU. O conte\u00fado tamb\u00e9m est\u00e1 dispon\u00edvel para download.<\/p>\n<p><strong>Acesse o reposit\u00f3rio em\u00a0<a href=\"https:\/\/digitallibrary.un.org\/\" target=\"_blank\" rel=\"noopener noreferrer\">https:\/\/digitallibrary.un.org<\/a>.<\/strong><\/p>\n<p><iframe loading=\"lazy\" title=\"Welcome to the United Nations Digital Library\" width=\"1200\" height=\"675\" src=\"https:\/\/www.youtube.com\/embed\/HUuM44pkklU?feature=oembed\" frameborder=\"0\" allow=\"accelerometer; autoplay; clipboard-write; encrypted-media; gyroscope; picture-in-picture\" allowfullscreen><\/iframe><\/p>\n<p>Dispon\u00edvel em: &lt;<a href=\"https:\/\/nacoesunidas.org\/onu-lanca-biblioteca-digital-com-900-mil-documentos-a-disposicao-do-publico\/\">https:\/\/nacoesunidas.org\/onu-lanca-biblioteca-digital-com-900-mil-documentos-a-disposicao-do-publico\/<\/a>&gt;. Acesso em: 16 jul. 2017.<\/p>\n","protected":false},"excerpt":{"rendered":"<p>Plataforma ser\u00e1 o ponto de acesso global \u00e0 informa\u00e7\u00e3o das Na\u00e7\u00f5es Unidas, incluindo material hist\u00f3rico e registros contempor\u00e2neos. Biblioteca foi desenvolvida por meio de tecnologia de c\u00f3digo aberto pela Organiza\u00e7\u00e3o Europeia para a Pesquisa Nuclear (CERN). Uma das salas da Biblioteca Dag Hammarskj\u00f6ld, na sede da ONU em Nova Iorque. Foto: ONU A ONU lan\u00e7ou &#8230; <a title=\"ONU lan\u00e7a biblioteca digital com 900 mil documentos \u00e0 disposi\u00e7\u00e3o do p\u00fablico\" class=\"read-more\" href=\"https:\/\/mundobibliotecario.com.br\/index.php\/2017\/07\/16\/onu-lanca-biblioteca-digital-com-900-mil-documentos-a-disposicao-do-publico\/\" aria-label=\"Read more about ONU lan\u00e7a biblioteca digital com 900 mil documentos \u00e0 disposi\u00e7\u00e3o do p\u00fablico\">Ler mais<\/a><\/p>\n","protected":false},"author":1,"featured_media":0,"comment_status":"open","ping_status":"open","sticky":false,"template":"","format":"standard","meta":{"_mi_skip_tracking":false,"_exactmetrics_sitenote_active":false,"_exactmetrics_sitenote_note":"","_exactmetrics_sitenote_category":0,"_jetpack_newsletter_access":"","footnotes":""},"categories":[60],"tags":[365,1635,1244],"class_list":["post-4554","post","type-post","status-publish","format-standard","hentry","category-noticias","tag-biblioteca-digital","tag-nacoes-unidas","tag-onu"],"jetpack_featured_media_url":"","jetpack_sharing_enabled":true,"jetpack-related-posts":[{"id":3954,"url":"https:\/\/mundobibliotecario.com.br\/index.php\/2015\/09\/22\/o-impacto-do-acesso-a-informacao-e-as-bibliotecas-nos-objetivos-de-desenvolvimento-sustentavel-ods\/","url_meta":{"origin":4554,"position":0},"title":"O impacto do acesso \u00e0 informa\u00e7\u00e3o e \u00e0s bibliotecas nos Objetivos de Desenvolvimento Sustent\u00e1vel (ODS)","author":"mundobibliotecario","date":"22\/09\/2015","format":false,"excerpt":"Contribui\u00e7\u00e3o de Neide Alves Dias de Sordi - Innova Gest\u00e3o *** A Confedera\u00e7\u00e3o de Reposit\u00f3rios de Acesso Aberto (COAR), a Federa\u00e7\u00e3o Internacional de Associa\u00e7\u00f5es e Institui\u00e7\u00f5es Bibliotec\u00e1rias (IFLA) e a Organiza\u00e7\u00e3o para a Alimenta\u00e7\u00e3o e Agricultura das Na\u00e7\u00f5es Unidas (FAO) criaram a Comunidade de Pr\u00e1tica (CoP) \u2013 [sdgs-impact-access-information-societies]. Neste m\u00eas\u2026","rel":"","context":"Em &quot;Not\u00edcias&quot;","block_context":{"text":"Not\u00edcias","link":"https:\/\/mundobibliotecario.com.br\/index.php\/category\/noticias\/"},"img":{"alt_text":"","src":"","width":0,"height":0},"classes":[]},{"id":7955,"url":"https:\/\/mundobibliotecario.com.br\/index.php\/2020\/12\/04\/juntos-mais-fortes-bibliotecas-enfocam-os-objetivos-de-desenvolvimento-sustentavel-da-onu\/","url_meta":{"origin":4554,"position":1},"title":"Juntos mais fortes: Bibliotecas enfocam os Objetivos de Desenvolvimento Sustent\u00e1vel da ONU","author":"mundobibliotecario","date":"04\/12\/2020","format":false,"excerpt":"As bibliotecas s\u00e3o parceiras l\u00f3gicas para iniciativas locais de desenvolvimento econ\u00f4mico e sustent\u00e1vel, especialmente aquelas que enfocam as pessoas e a qualidade de vida.\u00a0A miss\u00e3o das bibliotecas se encaixa bem com os ODS - j\u00e1 que os ODS servem como uma chamada \u00e0 a\u00e7\u00e3o para todas as partes interessadas para\u2026","rel":"","context":"Em &quot;Not\u00edcias&quot;","block_context":{"text":"Not\u00edcias","link":"https:\/\/mundobibliotecario.com.br\/index.php\/category\/noticias\/"},"img":{"alt_text":"","src":"","width":0,"height":0},"classes":[]},{"id":4475,"url":"https:\/\/mundobibliotecario.com.br\/index.php\/2017\/02\/02\/relato-do-webinar-da-ifla-lac-las-bibliotecas-y-la-implementacion-de-la-agenda-2030-para-el-dessarollo-sostenible\/","url_meta":{"origin":4554,"position":2},"title":"Relato do webinar da IFLA LAC &#8220;Las bibliotecas y la implementaci\u00f3n de la Agenda 2030 para el dessarollo sostenible&#8221;","author":"mundobibliotecario","date":"02\/02\/2017","format":false,"excerpt":"A Se\u00e7\u00e3o de Am\u00e9rica Latina e Caribe da IFLA realizou no dia 2\/2\/17 o webinar Las bibliotecas y la implementaci\u00f3n de la Agenda 2030 para el dessarollo sostenible, que contou com a participa\u00e7\u00e3o das facilitadoras Sueli Ferreira (IFLA LAC Chair), Loida Garc\u00eda-Febo (IFLA ALP Chair), Ana Mar\u00eda Talavera (Col\u00e9gio de\u2026","rel":"","context":"Em &quot;Not\u00edcias&quot;","block_context":{"text":"Not\u00edcias","link":"https:\/\/mundobibliotecario.com.br\/index.php\/category\/noticias\/"},"img":{"alt_text":"","src":"","width":0,"height":0},"classes":[]},{"id":3814,"url":"https:\/\/mundobibliotecario.com.br\/index.php\/2015\/08\/17\/agenda-2030-da-onu-e-as-bibliotecas\/","url_meta":{"origin":4554,"position":3},"title":"Agenda 2030 da ONU e as bibliotecas","author":"mundobibliotecario","date":"17\/08\/2015","format":false,"excerpt":"Posted on 7 agosto, 2015 by FernandoP under Ger\u00eancia No in\u00edcio de agosto, a Organiza\u00e7\u00e3o das Na\u00e7\u00f5es Unidas chegou\u00a0a um consenso sobre a Agenda 2030\u00a0\u2014 documento que se prop\u00f5e a nortear os trabalhos da organiza\u00e7\u00e3o\u00a0em rela\u00e7\u00e3o \u00e0 economia, ao ambiente e ao desenvolvimento social para os pr\u00f3ximos 15 anos. Al\u00e9m\u2026","rel":"","context":"Em &quot;Reflex\u00f5es&quot;","block_context":{"text":"Reflex\u00f5es","link":"https:\/\/mundobibliotecario.com.br\/index.php\/category\/reflexoes\/"},"img":{"alt_text":"","src":"","width":0,"height":0},"classes":[]},{"id":9838,"url":"https:\/\/mundobibliotecario.com.br\/index.php\/2022\/03\/04\/live-panorama-das-bibliotecas-em-relacao-a-agenda-2030-10-03\/","url_meta":{"origin":4554,"position":4},"title":"Live: Panorama das bibliotecas em rela\u00e7\u00e3o \u00e0 Agenda 2030 \u2013 10\/03","author":"mundobibliotecario","date":"04\/03\/2022","format":false,"excerpt":"Para comemorar o\u00a0Dia do Bibliotec\u00e1rio\u00a0e dar continuidade \u00e0 s\u00e9rie de\u00a0lives\u00a0que abordam as necessidades atuais das bibliotecas universit\u00e1rias e da comunidade acad\u00eamica, o Sistema Integrado de Bibliotecas (SIBi-UFSCar) e o\u00a0Departamento de Ci\u00eancia da Informa\u00e7\u00e3o organizaram a\u00a0live\u00a0\u201cOito anos pela frente e o panorama das bibliotecas em rela\u00e7\u00e3o \u00e0 Agenda 2030\u201d.\u00a0\u00a0Restam apenas oito\u2026","rel":"","context":"Em &quot;Not\u00edcias&quot;","block_context":{"text":"Not\u00edcias","link":"https:\/\/mundobibliotecario.com.br\/index.php\/category\/noticias\/"},"img":{"alt_text":"dia do bibliotecario ufscar","src":"https:\/\/i0.wp.com\/mundobibliotecario.com.br\/wp-content\/uploads\/2022\/03\/image-1.jpeg?resize=350%2C200&ssl=1","width":350,"height":200},"classes":[]},{"id":4353,"url":"https:\/\/mundobibliotecario.com.br\/index.php\/2016\/09\/20\/xixseminario-nacional-de-bibliotecas-universitarias\/","url_meta":{"origin":4554,"position":5},"title":"XIX Semin\u00e1rio Nacional de Bibliotecas Universit\u00e1rias","author":"mundobibliotecario","date":"20\/09\/2016","format":false,"excerpt":"XIX Semin\u00e1rio Nacional de Bibliotecas Universit\u00e1rias BIBLIOTECA UNIVERSIT\u00c1RIA COMO AGENTE DE SUSTENTABILIDADE INSTITUCIONAL O Sistema de Bibliotecas da Universidade Federal do Amazonas (UFAM) realizar\u00e1, em parceria com a Universidade do Estado do Amazonas (UEA) e com o Instituto Federal do Amazonas (IFAM), no per\u00edodo de 15 a 21 de outubro\u2026","rel":"","context":"Em &quot;Not\u00edcias&quot;","block_context":{"text":"Not\u00edcias","link":"https:\/\/mundobibliotecario.com.br\/index.php\/category\/noticias\/"},"img":{"alt_text":"XIX SNBU","src":"https:\/\/mundobibliotecario.files.wordpress.com\/2016\/09\/14423787_10210650812896680_312651280_o.jpg?w=350&h=200&crop=1","width":350,"height":200},"classes":[]}],"jetpack_likes_enabled":true,"jetpack_shortlink":"https:\/\/wp.me\/pcbzwa-1bs","_links":{"self":[{"href":"https:\/\/mundobibliotecario.com.br\/index.php\/wp-json\/wp\/v2\/posts\/4554","targetHints":{"allow":["GET"]}}],"collection":[{"href":"https:\/\/mundobibliotecario.com.br\/index.php\/wp-json\/wp\/v2\/posts"}],"about":[{"href":"https:\/\/mundobibliotecario.com.br\/index.php\/wp-json\/wp\/v2\/types\/post"}],"author":[{"embeddable":true,"href":"https:\/\/mundobibliotecario.com.br\/index.php\/wp-json\/wp\/v2\/users\/1"}],"replies":[{"embeddable":true,"href":"https:\/\/mundobibliotecario.com.br\/index.php\/wp-json\/wp\/v2\/comments?post=4554"}],"version-history":[{"count":1,"href":"https:\/\/mundobibliotecario.com.br\/index.php\/wp-json\/wp\/v2\/posts\/4554\/revisions"}],"predecessor-version":[{"id":7221,"href":"https:\/\/mundobibliotecario.com.br\/index.php\/wp-json\/wp\/v2\/posts\/4554\/revisions\/7221"}],"wp:attachment":[{"href":"https:\/\/mundobibliotecario.com.br\/index.php\/wp-json\/wp\/v2\/media?parent=4554"}],"wp:term":[{"taxonomy":"category","embeddable":true,"href":"https:\/\/mundobibliotecario.com.br\/index.php\/wp-json\/wp\/v2\/categories?post=4554"},{"taxonomy":"post_tag","embeddable":true,"href":"https:\/\/mundobibliotecario.com.br\/index.php\/wp-json\/wp\/v2\/tags?post=4554"}],"curies":[{"name":"wp","href":"https:\/\/api.w.org\/{rel}","templated":true}]}}