{"id":4558,"date":"2017-07-27T06:26:56","date_gmt":"2017-07-27T09:26:56","guid":{"rendered":"http:\/\/mundobibliotecario.com.br\/?p=4558"},"modified":"2017-07-27T06:26:56","modified_gmt":"2017-07-27T09:26:56","slug":"biblioup-cursos-de-capacitacao-em-biblioteconomia","status":"publish","type":"post","link":"https:\/\/mundobibliotecario.com.br\/index.php\/2017\/07\/27\/biblioup-cursos-de-capacitacao-em-biblioteconomia\/","title":{"rendered":"BiblioUP: cursos de capacita\u00e7\u00e3o em Biblioteconomia!"},"content":{"rendered":"<div class=\"_4tdt _ua1\">\n<div class=\"_ua2\">\n<div class=\"_4tdv\">\n<div class=\"_5wd4 _1nc7\">\n<div class=\"_h8t\">\n<div class=\"_5wd9 direction_ltr\">\n<div class=\"_5wde _n4o\">\n<div class=\"_5w1r _3_om _5wdf\">\n<div class=\"_4gx_\">\n<div><em>Contribui\u00e7\u00e3o de Tiago Fernandes.<\/em><\/div>\n<\/div>\n<div><\/div>\n<div>***<\/div>\n<div class=\"_4gx_\">\n<div><\/div>\n<div class=\"_d97\"><span class=\"_5yl5\"><strong>Hist\u00f3ria da BiblioUP<\/strong><\/p>\n<p>Pode-se dizer que a BiblioUP surgiu no acaso de diversos pensamentos sobre neg\u00f3cios e empreendedorismo que um bibliotec\u00e1rio pode \u2018tocar\u2019. Atualmente fa\u00e7o um curso de p\u00f3s gradua\u00e7\u00e3o em Gest\u00e3o Empreendedora e querendo ou n\u00e3o, agu\u00e7amos o olhar para novas oportunidades e possibilidades. Em junho deste ano diante de observa\u00e7\u00f5es, an\u00e1lises sobre o mercado, identifiquei como uma oportunidade de neg\u00f3cio a promo\u00e7\u00e3o e organiza\u00e7\u00e3o de cursos no interior de S\u00e3o Paulo. \u00c9 certo que qualquer lugar fora da cidade de S\u00e3o Paulo \u00e9 carente de cursos de qualifica\u00e7\u00e3o profissional para profissionais da informa\u00e7\u00e3o. Ap\u00f3s pesquisas e an\u00e1lises onde est\u00e3o as maiores concentra\u00e7\u00f5es de profissionais da informa\u00e7\u00e3o no interior de S\u00e3o Paulo decidi, iniciar a promo\u00e7\u00e3o de cursos em Ribeir\u00e3o Preto. Com o amadurecimento da empresa esperamos \u2018migrar\u2019 para outros lugares do Estado promovendo cursos e fortalecendo a troca de experi\u00eancias entre os profissionais da informa\u00e7\u00e3o, troca sempre rica e que fortalece nossa categoria profissional e abre possibilidades de atua\u00e7\u00e3o. Realizaremos 1 curso por m\u00eas neste in\u00edcio de empresa,voltados tanto para \u00e1rea t\u00e9cnica como de gest\u00e3o e com a presen\u00e7a de professores de universidades p\u00fablicas\/particulares e tamb\u00e9m profissionais da informa\u00e7\u00e3o com bagagem profissional relevante.<\/p>\n<p>Deixo aqui os canais de comunica\u00e7\u00e3o da BiblioUP.<br \/>\n<a href=\"https:\/\/l.facebook.com\/l.php?u=https%3A%2F%2Ftiagobibliotecario.wixsite.com%2Fbiblioup&amp;h=ATPhuFQ56anhuORY_Scrz3Y9frqksf2ywEBOAPS91LnmRlvrVUJtw_OTsDedzDxsa8YVJlqsR2XRAn1dcNN05S8VUXb72HjRZGhl-b4GBv7epZqpSqoLC107IldgithZjAYLEqyUgDUE5uI\" target=\"_blank\" rel=\"nofollow noopener noreferrer\">https:\/\/tiagobibliotecario.wixsite.com\/biblioup<\/a><br \/>\n<a href=\"https:\/\/www.facebook.com\/biblioupcursos\/\" target=\"_blank\" rel=\"noopener noreferrer\">https:\/\/www.facebook.com\/biblioupcursos\/<\/a><\/span><\/div>\n<div><\/div>\n<\/div>\n<\/div>\n<\/div>\n<\/div>\n<\/div>\n<\/div>\n<\/div>\n<\/div>\n<\/div>\n<div class=\"_4tdt _ua1\">\n<div class=\"_ua2\">\n<div class=\"_4tdv\">\n<div class=\"_5wd4 _1nc7 _2cnu\">\n<div class=\"_h8t\">\n<div class=\"_5wd9 direction_ltr\">\n<div class=\"_5wde _n4o\">\n<div class=\"_5w1r _3_om _5wdf\">\n<div class=\"_4gx_\">\n<div class=\"_d97\"><span class=\"_5yl5\">E um release sobre o <\/span>curso<\/div>\n<\/div>\n<\/div>\n<\/div>\n<\/div>\n<\/div>\n<\/div>\n<\/div>\n<\/div>\n<\/div>\n<div class=\"_4tdt _ua1\">\n<div class=\"_ua2\">\n<div class=\"_4tdv\">\n<div class=\"_5wd4 _1nc7\">\n<div class=\"_h8t\">\n<div class=\"_5wd9 direction_ltr\">\n<div class=\"_5wde _n4o\">\n<div class=\"_5w1r _3_om _5wdf\">\n<div class=\"_4gx_\">\n<div><\/div>\n<div class=\"_d97\"><strong><span class=\"_5yl5\">Release do curso sobre RDA<\/span><\/strong><\/div>\n<\/div>\n<\/div>\n<\/div>\n<\/div>\n<\/div>\n<\/div>\n<\/div>\n<\/div>\n<\/div>\n<div class=\"_4tdt _ua1\">\n<div class=\"_ua2\">\n<div class=\"_4tdv\">\n<div class=\"_5wd4 _1nc7 _2_-t\">\n<div class=\"_h8t\">\n<div class=\"_5wd9 direction_ltr\">\n<div class=\"_5wde _n4o\">\n<div class=\"_5w1r _3_om _5wdf\">\n<div class=\"_4gx_\">\n<div class=\"_d97\"><span class=\"_5yl5\">A BiblioUP empresa de cursos de capacita\u00e7\u00e3o para profissionais da informa\u00e7\u00e3o promover\u00e1 o Curso de RDA (Resouce Description Access) novo c\u00f3digo de cataloga\u00e7\u00e3o que substitui o AACR2 e ser\u00e1 ministrado pela professora Dra. Zaira Regina Zafalon em Ribeir\u00e3o Preto.<\/p>\n<p>Segue conte\u00fado program\u00e1tico do curso<br \/>\n\u2022 Introdu\u00e7\u00e3o;<br \/>\n\u2022 Vis\u00e3o geral de cataloga\u00e7\u00e3o, metadados e uso de padr\u00f5es;<br \/>\n\u2022 Objetivos bibliogr\u00e1ficos;<br \/>\n\u2022 Vis\u00e3o geral e hist\u00f3rico para elabora\u00e7\u00e3o de um c\u00f3digo internacional de cataloga\u00e7\u00e3o;<br \/>\n\u2022 Conceitos fundamentais de padr\u00f5es de representa\u00e7\u00e3o: padr\u00e3o de conte\u00fado e de padr\u00e3o de estrutura de metadados descritivos;<br \/>\n\u2022 Modelos conceituais: FRBR, FRAD, FRSAD;<br \/>\n\u2022 Apresenta\u00e7\u00e3o do RDA e RDA Toolkit;<br \/>\n\u2022 Estrutura do RDA;<br \/>\n\u2022 Abordagem pr\u00e1tica do RDA;<br \/>\n\u2022 Formas de representa\u00e7\u00e3o MARC21 \/ RDA;<br \/>\n\u2022 Compara\u00e7\u00e3o de exemplos.<\/p>\n<p>Maiores informa\u00e7\u00f5es e inscri\u00e7\u00f5es no site: <a href=\"https:\/\/l.facebook.com\/l.php?u=https%3A%2F%2Ftiagobibliotecario.wixsite.com%2Fbiblioup%2Frda&amp;h=ATPhuFQ56anhuORY_Scrz3Y9frqksf2ywEBOAPS91LnmRlvrVUJtw_OTsDedzDxsa8YVJlqsR2XRAn1dcNN05S8VUXb72HjRZGhl-b4GBv7epZqpSqoLC107IldgithZjAYLEqyUgDUE5uI\" target=\"_blank\" rel=\"nofollow noopener noreferrer\">https:\/\/tiagobibliotecario.wixsite.com\/biblioup\/rda<\/a><\/p>\n<p>E para quem ficou curioso, segue uma resenha de autoria de Murilo Bastos da Cunha do Portal do Bibliotec\u00e1rio sobre o tema: <a href=\"https:\/\/l.facebook.com\/l.php?u=http%3A%2F%2Fportaldobibliotecario.com%2Facesso-a-informacao%2Frecursos-descricao-e-acesso-rda%2F&amp;h=ATPhuFQ56anhuORY_Scrz3Y9frqksf2ywEBOAPS91LnmRlvrVUJtw_OTsDedzDxsa8YVJlqsR2XRAn1dcNN05S8VUXb72HjRZGhl-b4GBv7epZqpSqoLC107IldgithZjAYLEqyUgDUE5uI\" target=\"_blank\" rel=\"nofollow noopener noreferrer\">http:\/\/portaldobibliotecario.com\/acesso-a-informacao\/recursos-descricao-e-acesso-rda\/<\/a><\/span><\/div>\n<\/div>\n<\/div>\n<\/div>\n<\/div>\n<\/div>\n<\/div>\n<\/div>\n<\/div>\n<\/div>\n","protected":false},"excerpt":{"rendered":"<p>Contribui\u00e7\u00e3o de Tiago Fernandes. *** Hist\u00f3ria da BiblioUP Pode-se dizer que a BiblioUP surgiu no acaso de diversos pensamentos sobre neg\u00f3cios e empreendedorismo que um bibliotec\u00e1rio pode \u2018tocar\u2019. Atualmente fa\u00e7o um curso de p\u00f3s gradua\u00e7\u00e3o em Gest\u00e3o Empreendedora e querendo ou n\u00e3o, agu\u00e7amos o olhar para novas oportunidades e possibilidades. Em junho deste ano diante &#8230; <a title=\"BiblioUP: cursos de capacita\u00e7\u00e3o em Biblioteconomia!\" class=\"read-more\" href=\"https:\/\/mundobibliotecario.com.br\/index.php\/2017\/07\/27\/biblioup-cursos-de-capacitacao-em-biblioteconomia\/\" aria-label=\"Read more about BiblioUP: cursos de capacita\u00e7\u00e3o em Biblioteconomia!\">Ler mais<\/a><\/p>\n","protected":false},"author":1,"featured_media":0,"comment_status":"open","ping_status":"open","sticky":false,"template":"","format":"standard","meta":{"_mi_skip_tracking":false,"_exactmetrics_sitenote_active":false,"_exactmetrics_sitenote_note":"","_exactmetrics_sitenote_category":0,"_jetpack_newsletter_access":"","footnotes":""},"categories":[252,60],"tags":[63,1396,735],"class_list":["post-4558","post","type-post","status-publish","format-standard","hentry","category-curso","category-noticias","tag-biblioteconomia","tag-biblioup","tag-capacitacao"],"jetpack_featured_media_url":"","jetpack_sharing_enabled":true,"jetpack-related-posts":[{"id":3727,"url":"https:\/\/mundobibliotecario.com.br\/index.php\/2015\/05\/30\/curso-empreendedorismo-para-profissionais-da-informacao-sp\/","url_meta":{"origin":4558,"position":0},"title":"Curso Empreendedorismo para Profissionais da Informa\u00e7\u00e3o \u2013 SP","author":"mundobibliotecario","date":"30\/05\/2015","format":false,"excerpt":"J\u00e1 fiz o curso e recomendo! *** Contribui\u00e7\u00e3o de Nelson Oliveira da Silva 19 de maio de 2015 Data: 04\/07\/2015 (s\u00e1bado) Hor\u00e1rio: das 09 \u00e0s 18 horas Local: ESPA\u00c7O PAULISTA DE EVENTOS Av. Paulista, 807 \u2013 17\u00ba andar, conjunto 1720 \u2013 Cerqueira C\u00e9sar \u2013 S\u00e3o Paulo \u2013 SP Vagas: 20\u2026","rel":"","context":"Em &quot;Curso&quot;","block_context":{"text":"Curso","link":"https:\/\/mundobibliotecario.com.br\/index.php\/category\/curso\/"},"img":{"alt_text":"","src":"","width":0,"height":0},"classes":[]},{"id":3539,"url":"https:\/\/mundobibliotecario.com.br\/index.php\/2014\/07\/16\/curso-indexacao-de-assuntos-de-documentos-juridicos-conceitos-teorias-metodologias-praticas-e-tendencias\/","url_meta":{"origin":4558,"position":1},"title":"Curso &#8220;Indexa\u00e7\u00e3o de assuntos de documentos jur\u00eddicos: conceitos, teorias, metodologias, pr\u00e1ticas e tend\u00eancias&#8221;","author":"mundobibliotecario","date":"16\/07\/2014","format":false,"excerpt":"Contribui\u00e7\u00e3o de Irene Butti. *** Vamos promover o curso abaixo e ser\u00e1 muito bom t\u00ea-los neste evento em S\u00e3o Paulo! Os cursos \u201cin company\u201d foram um sucesso ! Pe\u00e7o a gentileza de compartilhar com colegas! Inscri\u00e7\u00f5es e informa\u00e7\u00f5es sobre pagamento atrav\u00e9s do e-mail :\u00a0irene_btt@yahoo.com.br\u00a0at\u00e9 dia 28 de julho pr\u00f3ximo !\u2026","rel":"","context":"Em &quot;Curso&quot;","block_context":{"text":"Curso","link":"https:\/\/mundobibliotecario.com.br\/index.php\/category\/curso\/"},"img":{"alt_text":"","src":"","width":0,"height":0},"classes":[]},{"id":2124,"url":"https:\/\/mundobibliotecario.com.br\/index.php\/2011\/07\/13\/cursos-de-extensao-em-biblioteconomia-e-ciencia-da-informacao\/","url_meta":{"origin":4558,"position":2},"title":"Cursos de extens\u00e3o em Biblioteconomia e Ci\u00eancia da Informa\u00e7\u00e3o","author":"mundobibliotecario","date":"13\/07\/2011","format":false,"excerpt":"A Funda\u00e7\u00e3o Escola de Sociologia e Pol\u00edtica de S\u00e3o Paulo (FESPSP) est\u00e1 com inscri\u00e7\u00f5es abertas para cursos de extens\u00e3o em Biblioteconomia e Ci\u00eancia da Informa\u00e7\u00e3o. Confira a rela\u00e7\u00e3o completa aqui! Bons estudos!","rel":"","context":"Em &quot;Curso&quot;","block_context":{"text":"Curso","link":"https:\/\/mundobibliotecario.com.br\/index.php\/category\/curso\/"},"img":{"alt_text":"","src":"","width":0,"height":0},"classes":[]},{"id":862,"url":"https:\/\/mundobibliotecario.com.br\/index.php\/2009\/09\/15\/tecnologia-da-informacao-e-tema-de-dois-cursos-em-sao-paulo\/","url_meta":{"origin":4558,"position":3},"title":"Tecnologia da informa\u00e7\u00e3o \u00e9 tema de dois cursos em S\u00e3o Paulo","author":"mundobibliotecario","date":"15\/09\/2009","format":false,"excerpt":"Por Reda\u00e7\u00e3o da ComputerworldPublicada em 14 de setembro de 2009 \u00e0s 17h06Atualizada em 14 de setembro de 2009 \u00e0s 17h13 Com dura\u00e7\u00e3o de dois dias, treinamentos t\u00eam foco em mapeamento de processos de neg\u00f3cios e digitaliza\u00e7\u00e3o e classifica\u00e7\u00e3o de documentos. Est\u00e3o abertas as inscri\u00e7\u00f5es para dois cursos com foco em\u2026","rel":"","context":"Em &quot;Not\u00edcias&quot;","block_context":{"text":"Not\u00edcias","link":"https:\/\/mundobibliotecario.com.br\/index.php\/category\/noticias\/"},"img":{"alt_text":"","src":"","width":0,"height":0},"classes":[]},{"id":2293,"url":"https:\/\/mundobibliotecario.com.br\/index.php\/2011\/10\/22\/cursos-de-busca-de-patentes-com-foco-no-questel-orbit\/","url_meta":{"origin":4558,"position":4},"title":"Cursos de Busca de Patentes, com foco no Questel Orbit","author":"mundobibliotecario","date":"22\/10\/2011","format":false,"excerpt":"Divulgando os cursos de busca de patentes que s\u00e3o abertos e gratuitos. Informa\u00e7\u00f5es sobre os eventos podem ser acessadas no site: www.axonal.com.br\/capacitacao. Nele est\u00e3o dispon\u00edveis as programa\u00e7\u00f5es, apostilas, bem como materiais did\u00e1ticos para as oficinas pr\u00e1ticas. Os objetivos incluem a dissemina\u00e7\u00e3o de conhecimentos sobre o uso de informa\u00e7\u00f5es contidas em\u2026","rel":"","context":"Em &quot;Curso&quot;","block_context":{"text":"Curso","link":"https:\/\/mundobibliotecario.com.br\/index.php\/category\/curso\/"},"img":{"alt_text":"","src":"","width":0,"height":0},"classes":[]},{"id":2240,"url":"https:\/\/mundobibliotecario.com.br\/index.php\/2011\/10\/03\/seja-um-empreendedor-na-gestao-da-informacao\/","url_meta":{"origin":4558,"position":5},"title":"Seja um Empreendedor na Gest\u00e3o da Informa\u00e7\u00e3o!","author":"mundobibliotecario","date":"03\/10\/2011","format":false,"excerpt":"O mercado atual exige constante atualiza\u00e7\u00e3o t\u00e9cnica e de profissionais que saibam agir de forma pr\u00f3-ativa, abrindo mercados, sabendo como negociar e estabelecer seus honor\u00e1rios. V\u00e1rias categorias profissionais como Arquivistas,Bibliotec\u00e1rios, Muse\u00f3logos etc, apesar de serem definidos como profissionais liberais (aqueles legalmente habilitados a presta\u00e7\u00e3o de servi\u00e7os sem a necessidade de\u2026","rel":"","context":"Em &quot;Curso&quot;","block_context":{"text":"Curso","link":"https:\/\/mundobibliotecario.com.br\/index.php\/category\/curso\/"},"img":{"alt_text":"","src":"https:\/\/mundobibliotecario.files.wordpress.com\/2011\/10\/curso-nelson-oliveira.jpg?w=350&h=200&crop=1","width":350,"height":200},"classes":[]}],"jetpack_likes_enabled":true,"jetpack_shortlink":"https:\/\/wp.me\/pcbzwa-1bw","_links":{"self":[{"href":"https:\/\/mundobibliotecario.com.br\/index.php\/wp-json\/wp\/v2\/posts\/4558","targetHints":{"allow":["GET"]}}],"collection":[{"href":"https:\/\/mundobibliotecario.com.br\/index.php\/wp-json\/wp\/v2\/posts"}],"about":[{"href":"https:\/\/mundobibliotecario.com.br\/index.php\/wp-json\/wp\/v2\/types\/post"}],"author":[{"embeddable":true,"href":"https:\/\/mundobibliotecario.com.br\/index.php\/wp-json\/wp\/v2\/users\/1"}],"replies":[{"embeddable":true,"href":"https:\/\/mundobibliotecario.com.br\/index.php\/wp-json\/wp\/v2\/comments?post=4558"}],"version-history":[{"count":0,"href":"https:\/\/mundobibliotecario.com.br\/index.php\/wp-json\/wp\/v2\/posts\/4558\/revisions"}],"wp:attachment":[{"href":"https:\/\/mundobibliotecario.com.br\/index.php\/wp-json\/wp\/v2\/media?parent=4558"}],"wp:term":[{"taxonomy":"category","embeddable":true,"href":"https:\/\/mundobibliotecario.com.br\/index.php\/wp-json\/wp\/v2\/categories?post=4558"},{"taxonomy":"post_tag","embeddable":true,"href":"https:\/\/mundobibliotecario.com.br\/index.php\/wp-json\/wp\/v2\/tags?post=4558"}],"curies":[{"name":"wp","href":"https:\/\/api.w.org\/{rel}","templated":true}]}}