{"id":458,"date":"2009-03-11T11:32:59","date_gmt":"2009-03-11T14:32:59","guid":{"rendered":"http:\/\/mundobibliotecario.wordpress.com\/?p=458"},"modified":"2020-07-21T23:54:47","modified_gmt":"2020-07-22T02:54:47","slug":"arquivamento-a-longo-prazo","status":"publish","type":"post","link":"https:\/\/mundobibliotecario.com.br\/index.php\/2009\/03\/11\/arquivamento-a-longo-prazo\/","title":{"rendered":"Arquivamento a longo prazo"},"content":{"rendered":"<p>JB Online<br \/>\nTer\u00e7a-feira, 03 de Mar\u00e7o de 2009 &#8211; 00:00<br \/>\nSinuca digital<br \/>\nPaulo Pacini &#8211; Psic\u00f3logo e pesquisador<\/p>\n<p>Quando, em 1999, o neurobi\u00f3logo Joseph Miller pediu \u00e0 Nasa acesso aos dados das miss\u00f5es Viking, que aterrissaram em Marte em 1976, sua solicita\u00e7\u00e3o foi prontamente atendida. As fitas magn\u00e9ticas, corretamente armazenadas, foram localizadas e entregues. Infelizmente, delas n\u00e3o foi poss\u00edvel se extrair nada, pois o formato digital no qual a informa\u00e7\u00e3o foi codificada j\u00e1 tinha sido esquecido, e seus criadores haviam falecido ou se aposentado. Gra\u00e7as a algumas anota\u00e7\u00f5es em folhas de papel, anexadas \u00e0s<br \/>\n fitas, depois de muito esfor\u00e7o foi poss\u00edvel recuperar um ter\u00e7o da informa\u00e7\u00e3o. O epis\u00f3dio acendeu uma luz vermelha em todas institui\u00e7\u00f5es que trabalham com o armazenamento de informa\u00e7\u00f5es digitais, acerca dos riscos que a evolu\u00e7\u00e3o tecnol\u00f3gica pode ocasionar para o resgate futuro dos dados.<\/p>\n<p>Um dos grupos mais preocupados com a conserva\u00e7\u00e3o de seus arquivos \u00e9 a ind\u00fastria do cinema, e, para situar o problema, a Academy of Motion Picture Arts and Sciences (institui\u00e7\u00e3o que concede os Oscars) divulgou, em 2007, um estudo abrangente, no qual tamb\u00e9m s\u00e3o analisados casos de outros setores. Para os est\u00fadios, a preserva\u00e7\u00e3o dos filmes \u00e9 uma quest\u00e3o de vida ou morte, pois um ter\u00e7o de sua renda prov\u00e9m de reprises, comercializadas para a TV ou em DVDs. A maior parte de seu acervo s\u00e3o filmes de 35mm, uma tecnologia confi\u00e1vel, conhecida, cuja qualidade ainda n\u00e3o foi equiparada pelo meio digital, com uma vida prevista de pelo menos 100 anos, em condi\u00e7\u00f5es corretas de armazenamento, e um custo extremamente baixo. Por esta raz\u00e3o, quase tudo \u00e9 filmado em pel\u00edcula, apesar de todo processamento posterior ser digital. O custo do arquivamento digital \u00e9 pelo menos 11 vezes superior, pois necessita uma verdadeira parafern\u00e1lia para seus muitos terabytes de informa\u00e7\u00e3o, armazenados em discos r\u00edgidos ou fitas magn\u00e9ticas, pedindo uma estrutura pesada de servidores, com manuten\u00e7\u00e3o constante, incluindo hardware, software, substitui\u00e7\u00e3o de m\u00eddia, treinamento de pessoal, consumo de energia el\u00e9trica, s\u00f3 para citar alguns. Mesmo assim, a acessibilidade n\u00e3o est\u00e1 garantida, pois tudo muda na ind\u00fastria de inform\u00e1tica, os formatos de arquivo, sistemas operacionais, interfaces, software, etc.<\/p>\n<p>Em outros setores, a quest\u00e3o \u00e9 igualmente grave. A Biblioteca do Congresso dos EUA criou o programa NDIIPP, para a cria\u00e7\u00e3o e preserva\u00e7\u00e3o da informa\u00e7\u00e3o digital, que estipulou algumas linhas gerais de orienta\u00e7\u00e3o, procurando favorecer a cria\u00e7\u00e3o de uma rede de arquivamento, pois se considera que a tarefa \u00e9 grande demais para uma \u00fanica institui\u00e7\u00e3o. Os arquivo nacional americano, o Nara, que cont\u00e9m todos os registros da esfera governamental, tamb\u00e9m criou uma iniciativa nesse sentido, que inclui a padroniza\u00e7\u00e3o dos formatos de arquivo e da metainforma\u00e7\u00e3o, ou seja, informa\u00e7\u00e3o sobre as informa\u00e7\u00f5es, que facilitam sua localiza\u00e7\u00e3o.<\/p>\n<p>A imprensa tamb\u00e9m lida com dificuldades relativas ao arquivamento de informa\u00e7\u00f5es, especialmente de imagens, pois \u00e9 pr\u00e1tica corrente o descarte de material n\u00e3o utilizado, apagando-se a mem\u00f3ria das m\u00e1quinas. N\u00e3o existem mais negativos que possam ser utilizados no futuro, em novas publica\u00e7\u00f5es. Emissoras de TV frequentemente eliminam material gravado digitalmente, reutilizando as fitas, preservando para a posteridade s\u00f3 uma parte da informa\u00e7\u00e3o.<\/p>\n<p>Esses problemas, que pouca gente v\u00ea, s\u00e3o extremamente s\u00e9rios. O \u00fanico meio encontrado at\u00e9 o momento para se garantir o acesso futuro aos arquivos digitais \u00e9, antes de tudo, ter-se uma pol\u00edtica de preserva\u00e7\u00e3o da informa\u00e7\u00e3o, e tamb\u00e9m um esquema de migra\u00e7\u00e3o cont\u00ednua para novos formatos, a ser feita a cada poucos anos, a um custo elevado.<\/p>\n<p>A maioria dos pa\u00edses est\u00e1 se conscientizando das limita\u00e7\u00f5es da tecnologia atual com rela\u00e7\u00e3o ao arquivamento a longo prazo, ao mesmo tempo em que buscam solu\u00e7\u00f5es. Ser\u00e1 necess\u00e1rio um grande esfor\u00e7o das institui\u00e7\u00f5es governamentais e privadas brasileiras para que o costumeiro imediatismo e avers\u00e3o ao planejamento n\u00e3o fa\u00e7a com que no futuro exista uma enorme lacuna em todo tipo de dados relativos ao per\u00edodo hist\u00f3rico que ent\u00e3o ser\u00e1 o nosso presente.<\/p>\n<p>Fonte: <\/p>\n","protected":false},"excerpt":{"rendered":"<p>JB Online Ter\u00e7a-feira, 03 de Mar\u00e7o de 2009 &#8211; 00:00 Sinuca digital Paulo Pacini &#8211; Psic\u00f3logo e pesquisador Quando, em 1999, o neurobi\u00f3logo Joseph Miller pediu \u00e0 Nasa acesso aos dados das miss\u00f5es Viking, que aterrissaram em Marte em 1976, sua solicita\u00e7\u00e3o foi prontamente atendida. As fitas magn\u00e9ticas, corretamente armazenadas, foram localizadas e entregues. Infelizmente, &#8230; <a title=\"Arquivamento a longo prazo\" class=\"read-more\" href=\"https:\/\/mundobibliotecario.com.br\/index.php\/2009\/03\/11\/arquivamento-a-longo-prazo\/\" aria-label=\"Read more about Arquivamento a longo prazo\">Ler mais<\/a><\/p>\n","protected":false},"author":1,"featured_media":0,"comment_status":"open","ping_status":"open","sticky":false,"template":"","format":"standard","meta":{"_mi_skip_tracking":false,"_exactmetrics_sitenote_active":false,"_exactmetrics_sitenote_note":"","_exactmetrics_sitenote_category":0,"_jetpack_newsletter_access":"","footnotes":""},"categories":[60],"tags":[299,300,301],"class_list":["post-458","post","type-post","status-publish","format-standard","hentry","category-noticias","tag-arquivamento-a-longo-prazo","tag-migracao-de-midia","tag-preservacao-digital"],"jetpack_featured_media_url":"","jetpack_sharing_enabled":true,"jetpack-related-posts":[{"id":4659,"url":"https:\/\/mundobibliotecario.com.br\/index.php\/2018\/02\/05\/53-manuais-para-conservacao-de-livros\/","url_meta":{"origin":458,"position":0},"title":"53 manuais para conserva\u00e7\u00e3o de livros","author":"mundobibliotecario","date":"05\/02\/2018","format":false,"excerpt":"O projeto Conserva\u00e7\u00e3o Preventiva em Bibliotecas e Arquivos, em 1997, publicou 53 t\u00edtulos sobre a\u00a0conserva\u00e7\u00e3o preventiva de livros\u00a0e documentos, de\u00a0filmes,\u00a0fotografias\u00a0e meios magn\u00e9ticos na forma de 24 cadernos tem\u00e1ticos em formato A4. O material data de 1997 e estava dispon\u00edvel no site do projeto, www.cbpa.net, que n\u00e3o existe mais. Felizmente ainda\u2026","rel":"","context":"Em &quot;Not\u00edcias&quot;","block_context":{"text":"Not\u00edcias","link":"https:\/\/mundobibliotecario.com.br\/index.php\/category\/noticias\/"},"img":{"alt_text":"","src":"https:\/\/i0.wp.com\/mundobibliotecario.com.br\/wp-content\/uploads\/2018\/02\/download.png?resize=350%2C200","width":350,"height":200},"classes":[]},{"id":7753,"url":"https:\/\/mundobibliotecario.com.br\/index.php\/2020\/08\/09\/fundacao-biblioteca-nacional-adere-a-rede-cariniana-para-a-preservacao-digital-de-documentos\/","url_meta":{"origin":458,"position":1},"title":"Funda\u00e7\u00e3o Biblioteca Nacional adere \u00e0 Rede Cariniana para a preserva\u00e7\u00e3o digital de documentos","author":"mundobibliotecario","date":"09\/08\/2020","format":false,"excerpt":"Fachada da bibliotecaCr\u00e9dito da foto: Funda\u00e7\u00e3o Biblioteca Nacional A Funda\u00e7\u00e3o Biblioteca Nacional (FBN) e o Instituto Brasileiro de Informa\u00e7\u00e3o em Ci\u00eancia e Tecnologia (Ibict\/MCTI) anunciam a ades\u00e3o da FBN \u00e0 Rede Brasileira de Servi\u00e7os de Preserva\u00e7\u00e3o Digital (Rede Cariniana\/Ibict). O acordo entre as institui\u00e7\u00f5es busca promover o arquivamento digital na\u2026","rel":"","context":"Em &quot;Not\u00edcias&quot;","block_context":{"text":"Not\u00edcias","link":"https:\/\/mundobibliotecario.com.br\/index.php\/category\/noticias\/"},"img":{"alt_text":"","src":"","width":0,"height":0},"classes":[]},{"id":8223,"url":"https:\/\/mundobibliotecario.com.br\/index.php\/2020\/12\/29\/como-colocar-arquivos-no-seu-kindle-por-e-mail\/","url_meta":{"origin":458,"position":2},"title":"Como colocar arquivos no seu Kindle por e-mail","author":"mundobibliotecario","date":"29\/12\/2020","format":false,"excerpt":"O leitor digital da\u00a0Amazon, oferece a seus usu\u00e1rios diversos recursos interessantes para o envio e armazenamento de livros digitais em seu dispositivo. Como usu\u00e1rio do Kindle, voc\u00ea pode enviar arquivos diretamente para o e-mail de seu dispositivo. Esse recurso \u00e9 uma das op\u00e7\u00f5es oferecidas pela Amazon para realizar o envio\u2026","rel":"","context":"Em &quot;Not\u00edcias&quot;","block_context":{"text":"Not\u00edcias","link":"https:\/\/mundobibliotecario.com.br\/index.php\/category\/noticias\/"},"img":{"alt_text":"","src":"","width":0,"height":0},"classes":[]},{"id":1416,"url":"https:\/\/mundobibliotecario.com.br\/index.php\/2010\/08\/18\/apcbh-promove-o-8%c2%ba-seminario-de-gestao-de-documentos\/","url_meta":{"origin":458,"position":3},"title":"APCBH promove o 8\u00ba Semin\u00e1rio de Gest\u00e3o de Documentos","author":"mundobibliotecario","date":"18\/08\/2010","format":false,"excerpt":"A Prefeitura de Belo Horizonte, por meio da Funda\u00e7\u00e3o Municipal de Cultura e do Arquivo P\u00fablico da Cidade de Belo Horizonte, promove o 8\u00ba Semin\u00e1rio de Gest\u00e3o de Documentos: Gest\u00e3o e Preserva\u00e7\u00e3o de Fotografias Digitais. O objetivo \u00e9 debater, com especialistas e profissionais, a gest\u00e3o e preserva\u00e7\u00e3o dos acervos arquiv\u00edsticos,\u2026","rel":"","context":"Em &quot;Eventos&quot;","block_context":{"text":"Eventos","link":"https:\/\/mundobibliotecario.com.br\/index.php\/category\/eventos\/"},"img":{"alt_text":"","src":"","width":0,"height":0},"classes":[]},{"id":3183,"url":"https:\/\/mundobibliotecario.com.br\/index.php\/2013\/07\/26\/quatro-mitos-sobre-a-guarda-e-o-descarte-de-dados\/","url_meta":{"origin":458,"position":4},"title":"Quatro mitos sobre a guarda e o descarte de dados","author":"mundobibliotecario","date":"26\/07\/2013","format":false,"excerpt":"Mas ainda hoje a maioria das organiza\u00e7\u00f5es n\u00e3o possui uma pol\u00edtica estruturada para destrui\u00e7\u00e3o de dados Tom Lahiff * Publicada em 24 de julho de 2013 \u00e0s 11h58 \u00c0 medida em que os custos para armazenamento caem, as empresas guardam um volume maior de informa\u00e7\u00f5es. Apesar disso, em tempos de\u2026","rel":"","context":"Em &quot;Not\u00edcias&quot;","block_context":{"text":"Not\u00edcias","link":"https:\/\/mundobibliotecario.com.br\/index.php\/category\/noticias\/"},"img":{"alt_text":"","src":"","width":0,"height":0},"classes":[]},{"id":8268,"url":"https:\/\/mundobibliotecario.com.br\/index.php\/2021\/01\/04\/como-enviar-arquivos-para-seu-kindle-por-usb\/","url_meta":{"origin":458,"position":5},"title":"Como enviar arquivos para seu Kindle por USB","author":"mundobibliotecario","date":"04\/01\/2021","format":false,"excerpt":"Ler livros em um Kindle proporciona uma experi\u00eancia focada exclusivamente em leitura, sendo bem diferente de ler livros em celulares ou tablets. Comprou um Kindle, mas n\u00e3o sabe como colocar livros nele? Um dos processos mais f\u00e1ceis \u00e9 baixar seus livros pelo PC e transferir os arquivos para o armazenamento\u2026","rel":"","context":"Em &quot;Not\u00edcias&quot;","block_context":{"text":"Not\u00edcias","link":"https:\/\/mundobibliotecario.com.br\/index.php\/category\/noticias\/"},"img":{"alt_text":"","src":"","width":0,"height":0},"classes":[]}],"jetpack_likes_enabled":true,"jetpack_shortlink":"https:\/\/wp.me\/pcbzwa-7o","_links":{"self":[{"href":"https:\/\/mundobibliotecario.com.br\/index.php\/wp-json\/wp\/v2\/posts\/458","targetHints":{"allow":["GET"]}}],"collection":[{"href":"https:\/\/mundobibliotecario.com.br\/index.php\/wp-json\/wp\/v2\/posts"}],"about":[{"href":"https:\/\/mundobibliotecario.com.br\/index.php\/wp-json\/wp\/v2\/types\/post"}],"author":[{"embeddable":true,"href":"https:\/\/mundobibliotecario.com.br\/index.php\/wp-json\/wp\/v2\/users\/1"}],"replies":[{"embeddable":true,"href":"https:\/\/mundobibliotecario.com.br\/index.php\/wp-json\/wp\/v2\/comments?post=458"}],"version-history":[{"count":1,"href":"https:\/\/mundobibliotecario.com.br\/index.php\/wp-json\/wp\/v2\/posts\/458\/revisions"}],"predecessor-version":[{"id":7287,"href":"https:\/\/mundobibliotecario.com.br\/index.php\/wp-json\/wp\/v2\/posts\/458\/revisions\/7287"}],"wp:attachment":[{"href":"https:\/\/mundobibliotecario.com.br\/index.php\/wp-json\/wp\/v2\/media?parent=458"}],"wp:term":[{"taxonomy":"category","embeddable":true,"href":"https:\/\/mundobibliotecario.com.br\/index.php\/wp-json\/wp\/v2\/categories?post=458"},{"taxonomy":"post_tag","embeddable":true,"href":"https:\/\/mundobibliotecario.com.br\/index.php\/wp-json\/wp\/v2\/tags?post=458"}],"curies":[{"name":"wp","href":"https:\/\/api.w.org\/{rel}","templated":true}]}}