{"id":4587,"date":"2017-09-18T12:57:25","date_gmt":"2017-09-18T15:57:25","guid":{"rendered":"http:\/\/mundobibliotecario.com.br\/?p=4587"},"modified":"2017-09-18T12:57:25","modified_gmt":"2017-09-18T15:57:25","slug":"participe-da-visao-global-da-ifla","status":"publish","type":"post","link":"https:\/\/mundobibliotecario.com.br\/index.php\/2017\/09\/18\/participe-da-visao-global-da-ifla\/","title":{"rendered":"Participe da Vis\u00e3o Global da IFLA!"},"content":{"rendered":"<p style=\"text-align:center;\"><a href=\"http:\/\/mundobibliotecario.com.br\/wp-content\/uploads\/2017\/09\/ifla.jpg\"><img loading=\"lazy\" decoding=\"async\" class=\"alignnone size-full wp-image-4588\" src=\"http:\/\/mundobibliotecario.com.br\/wp-content\/uploads\/2017\/09\/ifla.jpg\" alt=\"\" width=\"500\" height=\"278\" srcset=\"https:\/\/mundobibliotecario.com.br\/wp-content\/uploads\/2017\/09\/ifla.jpg 2000w, https:\/\/mundobibliotecario.com.br\/wp-content\/uploads\/2017\/09\/ifla-300x167.jpg 300w, https:\/\/mundobibliotecario.com.br\/wp-content\/uploads\/2017\/09\/ifla-1024x569.jpg 1024w, https:\/\/mundobibliotecario.com.br\/wp-content\/uploads\/2017\/09\/ifla-768x427.jpg 768w, https:\/\/mundobibliotecario.com.br\/wp-content\/uploads\/2017\/09\/ifla-1536x853.jpg 1536w\" sizes=\"auto, (max-width: 500px) 100vw, 500px\" \/><\/a><\/p>\n<p>\u00a0 \u00a0 \u00a0 \u00a0 \u00a0 \u00a0 \u00a0 \u00a0 \u00a0 \u00a0 \u00a0 \u00a0 \u00a0 \u00a0 \u00a0 \u00a0 \u00a0 \u00a0 \u00a0 \u00a0 \u00a0 \u00a0 \u00a0 \u00a0 \u00a0 \u00a0 \u00a0 \u00a0 \u00a0 \u00a0 \u00a0 \u00a0 \u00a0 \u00a0 \u00a0 \u00a0 \u00a0 \u00a0 \u00a0 \u00a0 \u00a0 \u00a0 \u00a0 \u00a0 \u00a0 \u00a0 \u00a0 \u00a0 \u00a0 \u00a0 \u00a0 \u00a0 \u00a0 \u00a0 \u00a0 \u00a0 \u00a0 \u00a0 \u00a0 \u00a0 Fonte:\u00a0<a href=\"https:\/\/globalvision.ifla.org\/\">https:\/\/globalvision.ifla.org\/<\/a><\/p>\n<p>&nbsp;<\/p>\n<p>Caros colegas,<\/p>\n<p>Precisamos da colabora\u00e7\u00e3o de todos para responder ao question\u00e1rio da Vis\u00e3o Global da IFLA. Quanto maior a participa\u00e7\u00e3o, melhor!<\/p>\n<p>Infelizmente o Portugu\u00eas ainda n\u00e3o \u00e9 um dos 7 idiomas oficiais da IFLA em virtude de uma baixa ades\u00e3o de participantes deste idioma em seus projetos.<\/p>\n<p>Quando oportunidades assim surgem, precisamos aproveit\u00e1-las para demonstrar nossa representatividade. O question\u00e1rio est\u00e1 aqui: <a href=\"http:\/\/goo.gl\/NcTnDS\">goo.gl\/NcTnDS<\/a><\/p>\n<p>Obrigado pela sua participa\u00e7\u00e3o!<\/p>\n<p>&nbsp;<\/p>\n","protected":false},"excerpt":{"rendered":"<p>\u00a0 \u00a0 \u00a0 \u00a0 \u00a0 \u00a0 \u00a0 \u00a0 \u00a0 \u00a0 \u00a0 \u00a0 \u00a0 \u00a0 \u00a0 \u00a0 \u00a0 \u00a0 \u00a0 \u00a0 \u00a0 \u00a0 \u00a0 \u00a0 \u00a0 \u00a0 \u00a0 \u00a0 \u00a0 \u00a0 \u00a0 \u00a0 \u00a0 \u00a0 \u00a0 \u00a0 \u00a0 \u00a0 \u00a0 \u00a0 \u00a0 \u00a0 \u00a0 \u00a0 \u00a0 \u00a0 \u00a0 \u00a0 \u00a0 \u00a0 \u00a0 \u00a0 \u00a0 \u00a0 \u00a0 &#8230; <a title=\"Participe da Vis\u00e3o Global da IFLA!\" class=\"read-more\" href=\"https:\/\/mundobibliotecario.com.br\/index.php\/2017\/09\/18\/participe-da-visao-global-da-ifla\/\" aria-label=\"Read more about Participe da Vis\u00e3o Global da IFLA!\">Ler mais<\/a><\/p>\n","protected":false},"author":1,"featured_media":0,"comment_status":"open","ping_status":"open","sticky":false,"template":"","format":"standard","meta":{"_mi_skip_tracking":false,"_exactmetrics_sitenote_active":false,"_exactmetrics_sitenote_note":"","_exactmetrics_sitenote_category":0,"_jetpack_newsletter_access":"","footnotes":""},"categories":[60],"tags":[1810],"class_list":["post-4587","post","type-post","status-publish","format-standard","hentry","category-noticias","tag-visao-global-da-ifla"],"jetpack_featured_media_url":"","jetpack_sharing_enabled":true,"jetpack-related-posts":[{"id":3385,"url":"https:\/\/mundobibliotecario.com.br\/index.php\/2014\/01\/13\/webinar-ifla-conexao-global-entre-novos-bibliotecarios-melhores-praticas-modelos-e-recomendacoes\/","url_meta":{"origin":4587,"position":0},"title":"Webinar IFLA &#8220;Conex\u00e3o global entre novos bibliotec\u00e1rios: melhores pr\u00e1ticas, modelos e recomenda\u00e7\u00f5es&#8221;","author":"mundobibliotecario","date":"13\/01\/2014","format":false,"excerpt":"Caros leitores do Mundo Bibliotec\u00e1rio, amanh\u00e3 ser\u00e1 realizado o primeiro webinar virtual promovido pela IFLA, cujas informa\u00e7\u00f5es est\u00e3o dispon\u00edveis em http:\/\/www.ifla.org\/node\/6141. Ser\u00e1 realizado no Brasil as 5:00 p.m.\u00a0Os webinares s\u00e3o eventos trimestrais (janeiro, abril, julho e outubro) e este ano contar\u00e3o com os seguintes conferencistas: Donna Scheeder, conferencista magistral e\u2026","rel":"","context":"Em &quot;Eventos&quot;","block_context":{"text":"Eventos","link":"https:\/\/mundobibliotecario.com.br\/index.php\/category\/eventos\/"},"img":{"alt_text":"","src":"","width":0,"height":0},"classes":[]},{"id":3620,"url":"https:\/\/mundobibliotecario.com.br\/index.php\/2014\/10\/28\/ifla-programa-de-webinars-para-america-latina-e-caribe-2014\/","url_meta":{"origin":4587,"position":1},"title":"IFLA &#8211; Programa de Webinars para Am\u00e9rica Latina e Caribe 2014","author":"mundobibliotecario","date":"28\/10\/2014","format":false,"excerpt":"\u00a0\u00a0\u00a0\u00a0\u00a0\u00a0\u00a0\u00a0\u00a0\u00a0\u00a0\u00a0\u00a0\u00a0\u00a0\u00a0\u00a0\u00a0\u00a0\u00a0\u00a0\u00a0\u00a0\u00a0\u00a0\u00a0\u00a0\u00a0\u00a0\u00a0\u00a0\u00a0\u00a0\u00a0\u00a0\u00a0\u00a0\u00a0\u00a0\u00a0\u00a0\u00a0\u00a0\u00a0\u00a0\u00a0\u00a0\u00a0\u00a0\u00a0\u00a0\u00a0\u00a0\u00a0\u00a0\u00a0\u00a0\u00a0\u00a0\u00a0\u00a0\u00a0\u00a0 \u00a0\u00a0 Por mais de tr\u00eas anos a IFLA Continuing Professional Development and Workplace Learning e a IFLA New Professionals Special Interest Group tem oferecido, com muito sucesso, diversos webinars abordando temas de interesse para bibliotec\u00e1rios, associa\u00e7\u00f5es de bibliotecas, escolas de biblioteconomia, tomadores de decis\u00f5es e profissionais atuando em bibliotecas.\u2026","rel":"","context":"Em &quot;Eventos&quot;","block_context":{"text":"Eventos","link":"https:\/\/mundobibliotecario.com.br\/index.php\/category\/eventos\/"},"img":{"alt_text":"","src":"","width":0,"height":0},"classes":[]},{"id":8413,"url":"https:\/\/mundobibliotecario.com.br\/index.php\/2021\/03\/03\/a-comunidade-de-biblioteconomia-e-ciencia-da-informacao-bci-esta-convidada-a-fornecer-feedback-sobre-o-rascunho-das-diretrizes-da-ifla-para-programas-educacionais-em-bci\/","url_meta":{"origin":4587,"position":2},"title":"A comunidade de Biblioteconomia e Ci\u00eancia da Informa\u00e7\u00e3o (BCI) est\u00e1 convidada a fornecer feedback sobre o rascunho das &#8220;Diretrizes da IFLA para Programas Educacionais em BCI&#8221;","author":"mundobibliotecario","date":"03\/03\/2021","format":false,"excerpt":"O\u00a0IFLA\u00a0Building Strong LIS Education Working Group\u00a0convida a comunidade de Biblioteconomia e Ci\u00eancia da Informa\u00e7\u00e3o (BCI) a fornecer feedback sobre as\u00a0diretrizes\u00a0preliminares da\u00a0IFLA para Programas Educacionais em Biblioteconomia e Ci\u00eancia da Informa\u00e7\u00e3o (BCI)\u00a0\u00a0preenchendo um formul\u00e1rio de feedback e\/ou participando de um f\u00f3rum online.\u00a0As Diretrizes servem como estrutura para programas de educa\u00e7\u00e3o em\u2026","rel":"","context":"Em &quot;Not\u00edcias&quot;","block_context":{"text":"Not\u00edcias","link":"https:\/\/mundobibliotecario.com.br\/index.php\/category\/noticias\/"},"img":{"alt_text":"","src":"https:\/\/i0.wp.com\/mundobibliotecario.com.br\/wp-content\/uploads\/2021\/02\/2021-02-27_15-42-41-768x232-2.png?resize=350%2C200&ssl=1","width":350,"height":200},"classes":[]},{"id":4475,"url":"https:\/\/mundobibliotecario.com.br\/index.php\/2017\/02\/02\/relato-do-webinar-da-ifla-lac-las-bibliotecas-y-la-implementacion-de-la-agenda-2030-para-el-dessarollo-sostenible\/","url_meta":{"origin":4587,"position":3},"title":"Relato do webinar da IFLA LAC &#8220;Las bibliotecas y la implementaci\u00f3n de la Agenda 2030 para el dessarollo sostenible&#8221;","author":"mundobibliotecario","date":"02\/02\/2017","format":false,"excerpt":"A Se\u00e7\u00e3o de Am\u00e9rica Latina e Caribe da IFLA realizou no dia 2\/2\/17 o webinar Las bibliotecas y la implementaci\u00f3n de la Agenda 2030 para el dessarollo sostenible, que contou com a participa\u00e7\u00e3o das facilitadoras Sueli Ferreira (IFLA LAC Chair), Loida Garc\u00eda-Febo (IFLA ALP Chair), Ana Mar\u00eda Talavera (Col\u00e9gio de\u2026","rel":"","context":"Em &quot;Not\u00edcias&quot;","block_context":{"text":"Not\u00edcias","link":"https:\/\/mundobibliotecario.com.br\/index.php\/category\/noticias\/"},"img":{"alt_text":"","src":"","width":0,"height":0},"classes":[]},{"id":7853,"url":"https:\/\/mundobibliotecario.com.br\/index.php\/2020\/09\/30\/pela-primeira-vez-o-congresso-da-ifla-em-2021-sera-online\/","url_meta":{"origin":4587,"position":4},"title":"Pela primeira vez, o Congresso da IFLA em 2021 ser\u00e1 online","author":"mundobibliotecario","date":"30\/09\/2020","format":false,"excerpt":"Este ano o Congresso da IFLA foi suspendo devido \u00e0 pandemia. Por\u00e9m, ser\u00e1 retomado no ano que vem em formato online. Este ano alguns eventos de maior porte j\u00e1 aconteceram nesse formato, como o BiblioOnline e o ABEC Meeting Live 2020. A ABEC Brasil, inclusive, est\u00e1 propondo uma altera\u00e7\u00e3o no\u2026","rel":"","context":"Em &quot;Not\u00edcias&quot;","block_context":{"text":"Not\u00edcias","link":"https:\/\/mundobibliotecario.com.br\/index.php\/category\/noticias\/"},"img":{"alt_text":"","src":"","width":0,"height":0},"classes":[]},{"id":4639,"url":"https:\/\/mundobibliotecario.com.br\/index.php\/2018\/01\/18\/2018-ifla-world-library-and-information-congress-participation-grants\/","url_meta":{"origin":4587,"position":5},"title":"2018 IFLA World Library and Information Congress Participation Grants","author":"mundobibliotecario","date":"18\/01\/2018","format":false,"excerpt":"A IFLA est\u00e1 oferecendo subs\u00eddios para participar do congresso mundial de 2018 na Mal\u00e1sia! Inscri\u00e7\u00f5es at\u00e9 1\/3\/18! Veja como participar! \u00a0 IFLA\u00a0World Library and Information Congress Participation Grants\u00a0\u00a0\u00a0\u00a0\u00a0\u00a0\u00a0\u00a0\u00a0\u00a0\u00a0\u00a0\u00a0\u00a0\u00a0\u00a0\u00a0 It is our great pleasure to announce that the\u00a0IFLA\u00a0World Library and Information Congress 2018 has made available funds to provide support for\u00a020\u2026","rel":"","context":"Em &quot;Eventos&quot;","block_context":{"text":"Eventos","link":"https:\/\/mundobibliotecario.com.br\/index.php\/category\/eventos\/"},"img":{"alt_text":"","src":"","width":0,"height":0},"classes":[]}],"jetpack_likes_enabled":true,"jetpack_shortlink":"https:\/\/wp.me\/pcbzwa-1bZ","_links":{"self":[{"href":"https:\/\/mundobibliotecario.com.br\/index.php\/wp-json\/wp\/v2\/posts\/4587","targetHints":{"allow":["GET"]}}],"collection":[{"href":"https:\/\/mundobibliotecario.com.br\/index.php\/wp-json\/wp\/v2\/posts"}],"about":[{"href":"https:\/\/mundobibliotecario.com.br\/index.php\/wp-json\/wp\/v2\/types\/post"}],"author":[{"embeddable":true,"href":"https:\/\/mundobibliotecario.com.br\/index.php\/wp-json\/wp\/v2\/users\/1"}],"replies":[{"embeddable":true,"href":"https:\/\/mundobibliotecario.com.br\/index.php\/wp-json\/wp\/v2\/comments?post=4587"}],"version-history":[{"count":0,"href":"https:\/\/mundobibliotecario.com.br\/index.php\/wp-json\/wp\/v2\/posts\/4587\/revisions"}],"wp:attachment":[{"href":"https:\/\/mundobibliotecario.com.br\/index.php\/wp-json\/wp\/v2\/media?parent=4587"}],"wp:term":[{"taxonomy":"category","embeddable":true,"href":"https:\/\/mundobibliotecario.com.br\/index.php\/wp-json\/wp\/v2\/categories?post=4587"},{"taxonomy":"post_tag","embeddable":true,"href":"https:\/\/mundobibliotecario.com.br\/index.php\/wp-json\/wp\/v2\/tags?post=4587"}],"curies":[{"name":"wp","href":"https:\/\/api.w.org\/{rel}","templated":true}]}}