{"id":4596,"date":"2017-10-25T11:09:36","date_gmt":"2017-10-25T14:09:36","guid":{"rendered":"http:\/\/mundobibliotecario.com.br\/?p=4596"},"modified":"2017-10-25T11:09:36","modified_gmt":"2017-10-25T14:09:36","slug":"bibliotecaria-do-centro-educacional-catolica-e-premiada-nos-eua","status":"publish","type":"post","link":"https:\/\/mundobibliotecario.com.br\/index.php\/2017\/10\/25\/bibliotecaria-do-centro-educacional-catolica-e-premiada-nos-eua\/","title":{"rendered":"Bibliotec\u00e1ria do Centro Educacional Cat\u00f3lica \u00e9 premiada nos EUA"},"content":{"rendered":"<h2 class=\"news-subtit margin-bottom-20\">Yaciara Mendes Duarte ganhou honraria internacional por ter desenvolvido projetos inovadores na biblioteca da escola, localizada em Taguatinga<\/h2>\n<div class=\"details margin-bottom-10\">\n<p class=\"small clear-gray margin-bottom-0\">\u00a0postado em 22\/10\/2017 15:37<\/p>\n<p class=\"small autor margin-bottom-0\"><i class=\"spr __iat margin-right-10\"><\/i>\u00a0<a href=\"mailto:euestudante.df@dabr.com.br\"><span class=\"autor_casa\">Neyrilene Costa*<\/span><\/a><\/p>\n<\/div>\n<div id=\"HOTWordsTxt\" class=\"js-body-news body-news clearfix margin-bottom-25\">\n<div class=\"row\">\n<div class=\"col-lg-12\">\n<section class=\"image__bx margin-top-20 margin-bottom-20\">\n<div class=\"video-container\">[youtube https:\/\/www.youtube.com\/watch?v=v6hoyvXlyHo]<\/div>\n<\/section>\n<\/div>\n<\/div>\n<p>&nbsp;<\/p>\n<p>A brasiliense Yaciara Mendes Duarte, 29 anos, trabalha na Biblioteca Cora Coralina do Centro Educacional Cat\u00f3lica de Bras\u00edlia \u2014 que recebe alunos do ensino infantil ao m\u00e9dio \u2014 h\u00e1\u00a0 dois anos e trouxe para a capital federal um pr\u00eamio internacional. Trata-se do trof\u00e9u Da Vinci Huis, oferecido desde 2010 a jovens bibliotec\u00e1rios que desenvolvem trabalhos inovadores pelo pa\u00eds. Graduada em biblioteconomia e mestre em ci\u00eancias da informa\u00e7\u00e3o pela Universidade de Bras\u00edlia (UnB), ela foi reconhecida por introduzir projetos que despertem o h\u00e1bito da leitura no ambiente de trabalho. Promo\u00e7\u00e3o de semanas tem\u00e1ticas (com presen\u00e7a de especialistas para falarem de autores) e datas comemorativas (no Dia dos Namorados, por exemplo, as bibliotec\u00e1rias embrulham livros com papel de presente para que pegar uma obra emprestada se torne mais especial) est\u00e3o entre as atividades que a levaram ao p\u00f3dio.Outros projetos desenvolvidos por ela s\u00e3o o Sexta em jogo (nesses dias, games de tabuleiro s\u00e3o utilizados para que a biblioteca se torne um lugar de intera\u00e7\u00e3o) e Encontre a sua Pokebola (por meio do qual objetos contendo vale-livros e pr\u00eamios foram escondidos pelo col\u00e9gio para que os estudantes procurassem). Yaciara ganhou a honraria em Long Beach, na Calif\u00f3rnia, nos Estados Unidos, durante o 46\u00ba Congresso Anual da International Association of School Librarianship (IASL), no in\u00edcio de agosto. Esta foi a primeira vez que a brasiliense viajou para fora do pa\u00eds e teve os custos pagos pela organiza\u00e7\u00e3o do pr\u00eamio. Yaciara se encantou pela leitura e pelas bibliotecas ainda na inf\u00e2ncia, depois de ser alfabetizada, a partir de livros de receita, pela m\u00e3e, a aposentada Maria Jos\u00e9 Mendes. A paix\u00e3o pelo ramo s\u00f3 cresceu e a motivou a querer trabalhar para incentivar crian\u00e7as e adolescentes a gostarem de ler. Ao longo da carreria, cuidou do acervo bibliogr\u00e1fico da Faculdade Senac, do Centro Universit\u00e1rio Euroamericano (Unieuro), da Universidade Cat\u00f3lica de Bras\u00edlia (UCB), do Centro Universit\u00e1rio de Bras\u00edlia (UniCeub) e do Col\u00e9gio La Salle.<\/p>\n<div id=\"publicidadeinterna\"><\/div>\n<p><strong>Por que voc\u00ea decidiu ser bibliotec\u00e1ria?\u00a0<\/strong><br \/>\nO que fez toda a diferen\u00e7a em minha vida foi minha m\u00e3e ter me possibilitado o prazer de ler. Minha rela\u00e7\u00e3o com espa\u00e7os dedicados \u00e0 leitura come\u00e7ou quando eu era crian\u00e7a. Cresci em Samambaia e, atr\u00e1s da minha casa, tinha uma biblioteca, a do Centro de Ensino M\u00e9dio (CEM) 304. Foi nela que comecei a ler os cl\u00e1ssicos da literatura e acessei pela primeira vez a internet. Fiquei apaixonada. Minha disserta\u00e7\u00e3o de mestrado \u2014 As representa\u00e7\u00f5es sociais no ensino m\u00e9dio do Distrito Federal: a biblioteca escolar p\u00fablica sob o olhar do estudante \u2014 refletiu isso.<\/p>\n<div class=\"news__image center\">\n<figure><img decoding=\"async\" title=\"Lanna Silveira\/Esp.CB\/D.A Press\" src=\"http:\/\/imgsapp2.correiobraziliense.com.br\/app\/noticia_127983242361\/2017\/10\/22\/635456\/20171022153816313050u.JPG\" alt=\"Lanna Silveira\/Esp.CB\/D.A Press\" \/><figcaption class=\"content-desc-gallery\">O bibliotec\u00e1rio n\u00e3o deve s\u00f3 cuidar de livros e de atividades t\u00e9cnicas: temos que conquistar os leitores<\/figcaption><\/figure>\n<\/div>\n<p><strong>Como voc\u00ea se sentiu ao receber a condecora\u00e7\u00e3o Da Vinci Huis?<\/strong><br \/>\nO sentimento foi de que n\u00e3o fiz mais que minha obriga\u00e7\u00e3o. Por mais que eu tenha ficado muito feliz, ainda n\u00e3o estou satisfeita: acho que o que fazemos e vivemos aqui na Cora Coralina deve ser levado para outras bibliotecas. O bibliotec\u00e1rio n\u00e3o deve s\u00f3 cuidar de livros e de atividades t\u00e9cnicas: temos que conquistar os leitores, os alunos. E, para entender do que os estudantes gostam, deve-se fazer pesquisas, compreender se eles apreciam jogos e v\u00eddeos, por exemplo, e utilizar isso para fortalecer o interesse deles.<\/p>\n<p>&nbsp;<\/p>\n<p><strong>Como foi participar do congresso nos Estados Unidos?\u00a0<\/strong><br \/>\nFoi incr\u00edvel! Passei 10 dias l\u00e1. Ter contato com outras viv\u00eancias me fez ter certeza de que o caminho para melhores pr\u00e1ticas na \u00e1rea tem que ser o de democratizar e desmistificar a leitura e a informa\u00e7\u00e3o. Nosso papel nunca foi s\u00f3 o de emprestar livros. Pude perceber que, de fato, tem muitas pessoas fazendo a diferen\u00e7a na \u00e1rea, o que me deu g\u00e1s para querer fazer mais pelos alunos.<\/p>\n<div class=\"news__image center\">\n<figure><img decoding=\"async\" title=\"Lanna Silveira\/Esp.CB\/D.A Press\" src=\"http:\/\/imgsapp2.correiobraziliense.com.br\/app\/noticia_127983242361\/2017\/10\/22\/635456\/20171022153823689397a.JPG\" alt=\"Lanna Silveira\/Esp.CB\/D.A Press\" \/><figcaption class=\"content-desc-gallery\">As Funcion\u00e1rias da biblioteca Cora Coralina:Valma,Yaciara,Dulcilene e Dayanne<\/figcaption><\/figure>\n<\/div>\n<p><strong>Como \u00e9 o seu lugar de trabalho?<\/strong><br \/>\nA biblioteca do Centro Educacional Cat\u00f3lica tem quatro funcion\u00e1rias: eu, a pedagoga Dulcilene Moreira, a bi\u00f3loga Dayanne Oliveira e a auxiliar Valma Ferreira. Nosso acervo \u00e9 de 7.590 obras e o espa\u00e7o conta com 17 computadores. Em 2016, come\u00e7amos a desenvolver as atividades das semanas tem\u00e1ticas e de integra\u00e7\u00e3o. Com os projetos, houve grande aumento no n\u00famero de frequentadores e na quantidade de livros emprestados entre julho deste ano (12 mil exemplares) e do anterior (10 mil). Este crescimento ocorreu entre alunos de todas as faixas et\u00e1rias. Estamos conquistando os leitores identificando o interesse de cada frequentador.<\/p>\n<p><strong>Voc\u00ea acha que a sua profiss\u00e3o \u00e9 reconhecida no Brasil? Por qu\u00ea?<\/strong><br \/>\nEla n\u00e3o \u00e9: as pessoas n\u00e3o entendem o que fazemos. Existem poucos especialistas em biblioteconomia no pa\u00eds, o perfil da \u00e1rea \u00e9 muito tecnicista, voltado para a preserva\u00e7\u00e3o do acervo, o que acaba distanciando o profissional do p\u00fablico. A atitude diferenciada de desenvolver projetos atrativos deve ser refor\u00e7ada pelas universidades e trabalhada por outras pessoas.<\/p>\n<div class=\"news__image center\">\n<figure><img decoding=\"async\" title=\"Lanna Silveira\/Esp.CB\/D.A Press\" src=\"http:\/\/imgsapp2.correiobraziliense.com.br\/app\/noticia_127983242361\/2017\/10\/22\/635456\/20171022153831229102a.JPG\" alt=\"Lanna Silveira\/Esp.CB\/D.A Press\" \/><figcaption class=\"content-desc-gallery\">Yaciara (\u00e0 direita) recebeu o pr\u00eamio com Matome Makwela (\u00e0 esquerda), da \u00c1frica do Sul<\/figcaption><\/figure>\n<\/div>\n<p><strong>Quais as qualidades de um bom profissional da sua \u00e1rea?\u00a0<\/strong><br \/>\nGostar de gente, de leitura, de informa\u00e7\u00e3o e, principalmente, de ter contato com livros. O bibliotec\u00e1rio, dentro do espa\u00e7o de leitura, se torna refer\u00eancia. Sempre ocorre de me perguntarem: O que voc\u00ea me indica para ler? Ent\u00e3o, voc\u00ea tem que conhecer os perfis, as pessoas e as obras para fazer o trabalho de media\u00e7\u00e3o. Uma das cinco leis da biblioteconomia, do indiano Shiyali Ramamritam (1892-1972), inclusive, diz \u201cTodo leitor tem seu livro\u201d.<br \/>\n<strong><br \/>\nVoc\u00ea quer deixar um recado para os leitores?<\/strong><br \/>\nA biblioteca tem que estar a servi\u00e7o da popula\u00e7\u00e3o. Temos que tirar da cabe\u00e7a das pessoas a ideia de que \u00e9 um lugar chato ou somente para indiv\u00edduos cultos. Eu e minha equipe tentamos mostrar aos alunos a necessidade do conhecimento para trilhar um caminho na sociedade, pois o mundo est\u00e1 em constante mudan\u00e7a e temos que acompanhar essas evolu\u00e7\u00f5es. O que acho mais incr\u00edvel na biblioteca \u00e9 que pensamentos antag\u00f4nicos existem no mesmo lugar. E \u00e9 disso que precisamos ultimamente: respeitar a diversidade de ideias sem agredir o outro.<\/p>\n<p>&nbsp;<\/p>\n<p><strong>* Estagi\u00e1ria sob supervis\u00e3o de Ana Paula Lisboa<\/strong><\/p>\n<\/div>\n<p>Dispon\u00edvel em: &lt;<a href=\"http:\/\/www.correiobraziliense.com.br\/app\/noticia\/eu-estudante\/tf_carreira\/2017\/10\/22\/tf_carreira_interna,635456\/bibliotecaria-do-centro-educacional-catolica-e-premiada-nos-eua.shtml\">http:\/\/www.correiobraziliense.com.br\/app\/noticia\/eu-estudante\/tf_carreira\/2017\/10\/22\/tf_carreira_interna,635456\/bibliotecaria-do-centro-educacional-catolica-e-premiada-nos-eua.shtml&gt;<\/a>. Acesso em: 25 out. 2017.<\/p>\n","protected":false},"excerpt":{"rendered":"<p>Yaciara Mendes Duarte ganhou honraria internacional por ter desenvolvido projetos inovadores na biblioteca da escola, localizada em Taguatinga \u00a0postado em 22\/10\/2017 15:37 \u00a0Neyrilene Costa* [youtube https:\/\/www.youtube.com\/watch?v=v6hoyvXlyHo] &nbsp; A brasiliense Yaciara Mendes Duarte, 29 anos, trabalha na Biblioteca Cora Coralina do Centro Educacional Cat\u00f3lica de Bras\u00edlia \u2014 que recebe alunos do ensino infantil ao m\u00e9dio \u2014 &#8230; <a title=\"Bibliotec\u00e1ria do Centro Educacional Cat\u00f3lica \u00e9 premiada nos EUA\" class=\"read-more\" href=\"https:\/\/mundobibliotecario.com.br\/index.php\/2017\/10\/25\/bibliotecaria-do-centro-educacional-catolica-e-premiada-nos-eua\/\" aria-label=\"Read more about Bibliotec\u00e1ria do Centro Educacional Cat\u00f3lica \u00e9 premiada nos EUA\">Ler mais<\/a><\/p>\n","protected":false},"author":1,"featured_media":0,"comment_status":"open","ping_status":"open","sticky":false,"template":"","format":"standard","meta":{"_mi_skip_tracking":false,"_exactmetrics_sitenote_active":false,"_exactmetrics_sitenote_note":"","_exactmetrics_sitenote_category":0,"_jetpack_newsletter_access":"","footnotes":""},"categories":[60],"tags":[88,1466,1547,99,1686],"class_list":["post-4596","post","type-post","status-publish","format-standard","hentry","category-noticias","tag-bibiblioteca-escolar","tag-da-vinci-huis","tag-iasl","tag-international-association-of-school-librarianship","tag-premiacao"],"jetpack_featured_media_url":"","jetpack_sharing_enabled":true,"jetpack-related-posts":[{"id":2836,"url":"https:\/\/mundobibliotecario.com.br\/index.php\/2013\/01\/30\/premio-da-vinci-iasl\/","url_meta":{"origin":4596,"position":0},"title":"Pr\u00eamio Da Vinci &#8211; IASL","author":"mundobibliotecario","date":"30\/01\/2013","format":"image","excerpt":"","rel":"","context":"Em &quot;Concurso&quot;","block_context":{"text":"Concurso","link":"https:\/\/mundobibliotecario.com.br\/index.php\/category\/concurso\/"},"img":{"alt_text":"","src":"","width":0,"height":0},"classes":[]},{"id":2820,"url":"https:\/\/mundobibliotecario.com.br\/index.php\/2013\/01\/28\/marista-inova-com-programa-estrategico-de-bibliotecas\/","url_meta":{"origin":4596,"position":1},"title":"Marista inova com programa estrat\u00e9gico de bibliotecas","author":"mundobibliotecario","date":"28\/01\/2013","format":false,"excerpt":"O Programa Estrat\u00e9gico de Revitaliza\u00e7\u00e3o das Bibliotecas Escolares do Marista \u00e9 um trabalho modelo em bibliotecas escolares. Reconhecido internacionalmente com o pr\u00eamio Da Vinci Huis \u2013 IASL, em 2011, o objetivo da iniciativa \u00e9 criar espa\u00e7os tecnol\u00f3gicos contempor\u00e2neos para formar estudantes no h\u00e1bito da leitura, da busca e uso da\u2026","rel":"","context":"Em &quot;N\u00e3o classificado&quot;","block_context":{"text":"N\u00e3o classificado","link":"https:\/\/mundobibliotecario.com.br\/index.php\/category\/nao-classificado\/"},"img":{"alt_text":"","src":"","width":0,"height":0},"classes":[]},{"id":1149,"url":"https:\/\/mundobibliotecario.com.br\/index.php\/2010\/03\/05\/fundo-dvh-para-bibliotecario-escolar\/","url_meta":{"origin":4596,"position":2},"title":"Fundo DVH para bibliotec\u00e1rio escolar","author":"mundobibliotecario","date":"05\/03\/2010","format":false,"excerpt":"ORIGEM O Fundo foi criado em 2009 com a finalidade de aumentar as oportunidades para que jovens bibliotec\u00e1rios(as) brasileiros(as) possam participar ativamente de f\u00f3runs internacionais sobre biblioteca escolar, especialmente da International Association of School Librarianship (IASL). O Fundo consiste em um pr\u00eamio para possibilitar que jovens bibliotec\u00e1rios (as), que trabalhem\u2026","rel":"","context":"Em &quot;Not\u00edcias&quot;","block_context":{"text":"Not\u00edcias","link":"https:\/\/mundobibliotecario.com.br\/index.php\/category\/noticias\/"},"img":{"alt_text":"","src":"","width":0,"height":0},"classes":[]},{"id":4965,"url":"https:\/\/mundobibliotecario.com.br\/index.php\/2018\/08\/04\/programacao-do-crb-8-na-bienal-do-livro\/","url_meta":{"origin":4596,"position":3},"title":"Programa\u00e7\u00e3o do CRB-8 na Bienal do Livro","author":"mundobibliotecario","date":"04\/08\/2018","format":false,"excerpt":"Programa\u00e7\u00e3o do CRB-8 na Bienal do Livro Dia 03\/08 \u2013 Sexta-Feira 09h15 \u2013 Trava l\u00ednguas 09h55 \u2013 Pe\u00e7as pedag\u00f3gicas para montar 10h40 \u2013 Term\u00f4metro Liter\u00e1rio 11h20 \u2013 Domin\u00f3 Liter\u00e1rio 14h30 \u2013 Declama\u00e7\u00e3o de poesias e do Cordel \u201cBibliotec\u00e1rio\u201d, por Edgar Louzi e Cleusa Santo 16h00 \u2013 Oficina: Leitura sob diferentes\u2026","rel":"","context":"Em &quot;Not\u00edcias&quot;","block_context":{"text":"Not\u00edcias","link":"https:\/\/mundobibliotecario.com.br\/index.php\/category\/noticias\/"},"img":{"alt_text":"","src":"","width":0,"height":0},"classes":[]},{"id":91,"url":"https:\/\/mundobibliotecario.com.br\/index.php\/2008\/09\/14\/projeto-de-capaciracao-de-pesquisa-com-alunos-recebera-premio-paulista-de-biblioteconomia\/","url_meta":{"origin":4596,"position":4},"title":"Projeto de capacita\u00e7\u00e3o de pesquisa com alunos receber\u00e1 pr\u00eamio paulista de Biblioteconomia","author":"mundobibliotecario","date":"14\/09\/2008","format":false,"excerpt":"O Projeto de Extens\u00e3o da Biblioteca Comunit\u00e1ria da UFSCar intitulado \"Ca\u00e7a ao tesouro: a pr\u00e1tica din\u00e2mica da pesquisa escolar\" foi selecionado para receber, na categoria profissional, o VIII Pr\u00eamio de Biblioteconomia Paulista Laura Russo. A premia\u00e7\u00e3o \u00e9 outorgada anualmente a personalidades e institui\u00e7\u00f5es que, por meio de suas a\u00e7\u00f5es e\u2026","rel":"","context":"Em &quot;Not\u00edcias&quot;","block_context":{"text":"Not\u00edcias","link":"https:\/\/mundobibliotecario.com.br\/index.php\/category\/noticias\/"},"img":{"alt_text":"","src":"","width":0,"height":0},"classes":[]},{"id":4894,"url":"https:\/\/mundobibliotecario.com.br\/index.php\/2012\/02\/03\/lancamento-do-e-book-letramento-informacional-pesquisa-reflexao-e-aprendizagem-2\/","url_meta":{"origin":4596,"position":5},"title":"Lan\u00e7amento do e-book \u201cLetramento informacional: pesquisa, reflex\u00e3o e aprendizagem&quot;","author":"mundobibliotecario","date":"03\/02\/2012","format":false,"excerpt":"Contagem regressiva para lan\u00e7amento do e-book: \u201dLETRAMENTO INFORMACIONAL: PESQUISA, REFLEX\u00c3O E APRENDIZAGEM\u201d O E-book intitulado \u201dLETRAMENTO INFORMACIONAL: PESQUISA, REFLEX\u00c3O E APRENDIZAGEM\u201d encontra-se em fase de editora\u00e7\u00e3o, com previs\u00e3o de lan\u00e7amento para mar\u00e7o de 2012. Estudiosos, educadores, bibliotec\u00e1rios, estudantes e interessados pelo tema \u201cletramento informacional\u201d poder\u00e3o acessar e baixar o conte\u00fado\u2026","rel":"","context":"Em &quot;Not\u00edcias&quot;","block_context":{"text":"Not\u00edcias","link":"https:\/\/mundobibliotecario.com.br\/index.php\/category\/noticias\/"},"img":{"alt_text":"","src":"","width":0,"height":0},"classes":[]}],"jetpack_likes_enabled":true,"jetpack_shortlink":"https:\/\/wp.me\/pcbzwa-1c8","_links":{"self":[{"href":"https:\/\/mundobibliotecario.com.br\/index.php\/wp-json\/wp\/v2\/posts\/4596","targetHints":{"allow":["GET"]}}],"collection":[{"href":"https:\/\/mundobibliotecario.com.br\/index.php\/wp-json\/wp\/v2\/posts"}],"about":[{"href":"https:\/\/mundobibliotecario.com.br\/index.php\/wp-json\/wp\/v2\/types\/post"}],"author":[{"embeddable":true,"href":"https:\/\/mundobibliotecario.com.br\/index.php\/wp-json\/wp\/v2\/users\/1"}],"replies":[{"embeddable":true,"href":"https:\/\/mundobibliotecario.com.br\/index.php\/wp-json\/wp\/v2\/comments?post=4596"}],"version-history":[{"count":0,"href":"https:\/\/mundobibliotecario.com.br\/index.php\/wp-json\/wp\/v2\/posts\/4596\/revisions"}],"wp:attachment":[{"href":"https:\/\/mundobibliotecario.com.br\/index.php\/wp-json\/wp\/v2\/media?parent=4596"}],"wp:term":[{"taxonomy":"category","embeddable":true,"href":"https:\/\/mundobibliotecario.com.br\/index.php\/wp-json\/wp\/v2\/categories?post=4596"},{"taxonomy":"post_tag","embeddable":true,"href":"https:\/\/mundobibliotecario.com.br\/index.php\/wp-json\/wp\/v2\/tags?post=4596"}],"curies":[{"name":"wp","href":"https:\/\/api.w.org\/{rel}","templated":true}]}}