{"id":4639,"date":"2018-01-18T20:17:31","date_gmt":"2018-01-18T23:17:31","guid":{"rendered":"http:\/\/mundobibliotecario.com.br\/?p=4639"},"modified":"2018-01-18T20:17:31","modified_gmt":"2018-01-18T23:17:31","slug":"2018-ifla-world-library-and-information-congress-participation-grants","status":"publish","type":"post","link":"https:\/\/mundobibliotecario.com.br\/index.php\/2018\/01\/18\/2018-ifla-world-library-and-information-congress-participation-grants\/","title":{"rendered":"2018 IFLA World Library and Information Congress Participation Grants"},"content":{"rendered":"<p>A IFLA est\u00e1 oferecendo subs\u00eddios para participar do congresso mundial de 2018 na Mal\u00e1sia!<\/p>\n<p>Inscri\u00e7\u00f5es at\u00e9 1\/3\/18!<\/p>\n<p>Veja como participar!<!--more--><\/p>\n<p style=\"font-weight:400;\"><strong>\u00a0<img decoding=\"async\" src=\"https:\/\/mail.google.com\/mail\/u\/0\/?ui=2&amp;ik=e9a128ae39&amp;view=fimg&amp;th=160eb2bb143c1c92&amp;attid=0.2&amp;disp=emb&amp;realattid=d3c7daebc03d1dca_0.1&amp;attbid=ANGjdJ8AF45O_MqYybT_8NiTzqdEYIYnwqNw4QzpaXJoyZC-CAkDg5k9twRfEXM897-dMl8rox8Hgd2cpj47E68TMd27yCKH9l61hYHdk9vGVz1O0_--X_FDYyIU1zo&amp;sz=w2038-h358&amp;ats=1516317255147&amp;rm=160eb2bb143c1c92&amp;zw&amp;atsh=1\" \/><\/strong><\/p>\n<p style=\"font-weight:400;\"><strong>IFLA\u00a0World Library and Information Congress Participation Grants\u00a0\u00a0\u00a0\u00a0\u00a0\u00a0\u00a0\u00a0\u00a0\u00a0\u00a0\u00a0\u00a0\u00a0\u00a0\u00a0\u00a0<\/strong><\/p>\n<p style=\"font-weight:400;\">It is our great pleasure to announce that the\u00a0IFLA\u00a0World Library and Information Congress 2018 has made available funds to provide<\/p>\n<p style=\"font-weight:400;\">support for\u00a0<strong>20 delegates<\/strong>\u00a0to attend the\u00a0<a href=\"https:\/\/2018.ifla.org\/\">IFLA\u00a0World Library and Information Congress 2018<\/a>\u00a0in Kuala Lumpur, Malaysia by providing them with a free registration.<\/p>\n<p style=\"font-weight:400;\"><strong>\u00a0<\/strong><\/p>\n<p style=\"font-weight:400;\"><strong>Priority is given to those applicants:<\/strong><\/p>\n<ul style=\"font-weight:400;\">\n<li>who are a first time attendee to the World Library and Information Congress<\/li>\n<li>and who are a member of their National Library Association.<\/li>\n<\/ul>\n<p style=\"font-weight:400;\"><strong>\u00a0<\/strong><\/p>\n<p style=\"font-weight:400;\"><strong>Applications should enclose:<\/strong><\/p>\n<ul style=\"font-weight:400;\">\n<li>curriculum vitae<\/li>\n<li>your motivation concerning the professional benefit of attending the conference (max. 200 words)<\/li>\n<li>proof of membership of national library association (ie. copy of membership card, letter from the association etc.)<\/li>\n<\/ul>\n<p style=\"font-weight:400;\"><strong>\u00a0<\/strong><\/p>\n<p style=\"font-weight:400;\">(Winners of the grant will have to cover all other costs, ie. travel, accommodation and meals themselves).<\/p>\n<p style=\"font-weight:400;\"><strong>\u00a0<\/strong><\/p>\n<p style=\"font-weight:400;\"><strong>Applications should be submitted to:<\/strong><\/p>\n<p style=\"font-weight:400;\">Email:\u00a0<a href=\"mailto:conferences@ifla.org\">conferences@ifla.org<\/a><\/p>\n<p style=\"font-weight:400;\"><strong>\u00a0<\/strong><\/p>\n<p style=\"font-weight:400;\"><strong>Submission deadline:<\/strong><\/p>\n<p style=\"font-weight:400;\"><strong>1 March 2018<\/strong><\/p>\n<p style=\"font-weight:400;\">You can also find this information on the\u00a0<a href=\"https:\/\/2018.ifla.org\/congress-information\/conference-participation-grants\/ifla-world-library-and-information-congress-participation-grants\">IFLA\u00a0WLIC 2018 website<\/a>.<\/p>\n","protected":false},"excerpt":{"rendered":"<p>A IFLA est\u00e1 oferecendo subs\u00eddios para participar do congresso mundial de 2018 na Mal\u00e1sia! Inscri\u00e7\u00f5es at\u00e9 1\/3\/18! Veja como participar!<\/p>\n","protected":false},"author":1,"featured_media":0,"comment_status":"open","ping_status":"open","sticky":false,"template":"","format":"standard","meta":{"_mi_skip_tracking":false,"_exactmetrics_sitenote_active":false,"_exactmetrics_sitenote_note":"","_exactmetrics_sitenote_category":0,"_jetpack_newsletter_access":"","footnotes":""},"categories":[27],"tags":[1094,1818],"class_list":["post-4639","post","type-post","status-publish","format-standard","hentry","category-eventos","tag-ifla","tag-wlic-2018"],"jetpack_featured_media_url":"","jetpack_sharing_enabled":true,"jetpack-related-posts":[{"id":3218,"url":"https:\/\/mundobibliotecario.com.br\/index.php\/2013\/08\/23\/encerramento-do-congresso-da-ifla-2013\/","url_meta":{"origin":4639,"position":0},"title":"Encerramento do Congresso da IFLA 2013","author":"mundobibliotecario","date":"23\/08\/2013","format":false,"excerpt":"Infelizmente n\u00e3o pude cobrir o Congresso da IFLA 2013 como gostaria, mas fica registrado meu agradecimento pela divulga\u00e7\u00e3o do Mundo Bibliotec\u00e1rio no IFLA Express. \u00c9 uma oportunidade \u00fanica e muito gratificante para trazer ao conhecimento dos bibliotec\u00e1rios brasileiros um pouco do que est\u00e1 sendo discutindo no maior evento da \u00e1rea.\u2026","rel":"","context":"Em &quot;Eventos&quot;","block_context":{"text":"Eventos","link":"https:\/\/mundobibliotecario.com.br\/index.php\/category\/eventos\/"},"img":{"alt_text":"","src":"","width":0,"height":0},"classes":[]},{"id":7853,"url":"https:\/\/mundobibliotecario.com.br\/index.php\/2020\/09\/30\/pela-primeira-vez-o-congresso-da-ifla-em-2021-sera-online\/","url_meta":{"origin":4639,"position":1},"title":"Pela primeira vez, o Congresso da IFLA em 2021 ser\u00e1 online","author":"mundobibliotecario","date":"30\/09\/2020","format":false,"excerpt":"Este ano o Congresso da IFLA foi suspendo devido \u00e0 pandemia. Por\u00e9m, ser\u00e1 retomado no ano que vem em formato online. Este ano alguns eventos de maior porte j\u00e1 aconteceram nesse formato, como o BiblioOnline e o ABEC Meeting Live 2020. A ABEC Brasil, inclusive, est\u00e1 propondo uma altera\u00e7\u00e3o no\u2026","rel":"","context":"Em &quot;Not\u00edcias&quot;","block_context":{"text":"Not\u00edcias","link":"https:\/\/mundobibliotecario.com.br\/index.php\/category\/noticias\/"},"img":{"alt_text":"","src":"","width":0,"height":0},"classes":[]},{"id":1111,"url":"https:\/\/mundobibliotecario.com.br\/index.php\/2010\/02\/15\/valendo-bolsa-para-congressos-na-australia-e-na-suecia\/","url_meta":{"origin":4639,"position":2},"title":"Valendo bolsa para congressos na Austr\u00e1lia e na Su\u00e9cia","author":"mundobibliotecario","date":"15\/02\/2010","format":false,"excerpt":"PublishNews - 10\/02\/2010 - Por Reda\u00e7\u00e3o Bibliotec\u00e1rios e profissionais da \u00e1rea de biblioteca escolar podem concorrer a um pr\u00eamio para participar da 39\u00aa Confer\u00eancia da International Association of School Librarianship (IASL) 2010, que ser\u00e1 realizada na Austr\u00e1lia, entre 27 de setembro e 2 de outubro. Quem patrocina este pr\u00eamio \u00e9\u2026","rel":"","context":"Em &quot;Eventos&quot;","block_context":{"text":"Eventos","link":"https:\/\/mundobibliotecario.com.br\/index.php\/category\/eventos\/"},"img":{"alt_text":"","src":"","width":0,"height":0},"classes":[]},{"id":3203,"url":"https:\/\/mundobibliotecario.com.br\/index.php\/2013\/08\/10\/ifla-blogger\/","url_meta":{"origin":4639,"position":3},"title":"IFLA blogger!","author":"mundobibliotecario","date":"10\/08\/2013","format":false,"excerpt":"Bibliotec\u00e1rios, n\u00e3o percam a oportunidade de blogarem para o congresso da IFLA 2013! Oportunidade \u00fanica! Que sirva de inspira\u00e7\u00e3o para os pr\u00f3ximos congressos brasileiros. A publica\u00e7\u00e3o abaixo foi retirada do Facebook da FEBAB. *** Aten\u00e7\u00e3o BLOGUEIROS da Biblioteconomia. Voc\u00ea gostaria de estar blogando sobre o Congresso da IFLA deste ano,\u2026","rel":"","context":"Em &quot;Not\u00edcias&quot;","block_context":{"text":"Not\u00edcias","link":"https:\/\/mundobibliotecario.com.br\/index.php\/category\/noticias\/"},"img":{"alt_text":"","src":"","width":0,"height":0},"classes":[]},{"id":3821,"url":"https:\/\/mundobibliotecario.com.br\/index.php\/2015\/08\/18\/congresso-da-ifla-2015\/","url_meta":{"origin":4639,"position":4},"title":"Congresso da IFLA 2015","author":"mundobibliotecario","date":"18\/08\/2015","format":false,"excerpt":"Acompanhe atrav\u00e9s da hashtag #wlic2015 nas redes sociais o Congresso da IFLA 2015, que est\u00e1 ano ocorre de 15 a 21\/8\u00a0em Cape Town, \u00c1frica do Sul. Sempre com muitas novidades,\u00a0sendo uma delas a Declara\u00e7\u00e3o de Cape Town. Com certeza, vir\u00e3o outras por a\u00ed!","rel":"","context":"Em &quot;Eventos&quot;","block_context":{"text":"Eventos","link":"https:\/\/mundobibliotecario.com.br\/index.php\/category\/eventos\/"},"img":{"alt_text":"","src":"","width":0,"height":0},"classes":[]},{"id":8413,"url":"https:\/\/mundobibliotecario.com.br\/index.php\/2021\/03\/03\/a-comunidade-de-biblioteconomia-e-ciencia-da-informacao-bci-esta-convidada-a-fornecer-feedback-sobre-o-rascunho-das-diretrizes-da-ifla-para-programas-educacionais-em-bci\/","url_meta":{"origin":4639,"position":5},"title":"A comunidade de Biblioteconomia e Ci\u00eancia da Informa\u00e7\u00e3o (BCI) est\u00e1 convidada a fornecer feedback sobre o rascunho das &#8220;Diretrizes da IFLA para Programas Educacionais em BCI&#8221;","author":"mundobibliotecario","date":"03\/03\/2021","format":false,"excerpt":"O\u00a0IFLA\u00a0Building Strong LIS Education Working Group\u00a0convida a comunidade de Biblioteconomia e Ci\u00eancia da Informa\u00e7\u00e3o (BCI) a fornecer feedback sobre as\u00a0diretrizes\u00a0preliminares da\u00a0IFLA para Programas Educacionais em Biblioteconomia e Ci\u00eancia da Informa\u00e7\u00e3o (BCI)\u00a0\u00a0preenchendo um formul\u00e1rio de feedback e\/ou participando de um f\u00f3rum online.\u00a0As Diretrizes servem como estrutura para programas de educa\u00e7\u00e3o em\u2026","rel":"","context":"Em &quot;Not\u00edcias&quot;","block_context":{"text":"Not\u00edcias","link":"https:\/\/mundobibliotecario.com.br\/index.php\/category\/noticias\/"},"img":{"alt_text":"","src":"https:\/\/i0.wp.com\/mundobibliotecario.com.br\/wp-content\/uploads\/2021\/02\/2021-02-27_15-42-41-768x232-2.png?resize=350%2C200&ssl=1","width":350,"height":200},"classes":[]}],"jetpack_likes_enabled":true,"jetpack_shortlink":"https:\/\/wp.me\/pcbzwa-1cP","_links":{"self":[{"href":"https:\/\/mundobibliotecario.com.br\/index.php\/wp-json\/wp\/v2\/posts\/4639","targetHints":{"allow":["GET"]}}],"collection":[{"href":"https:\/\/mundobibliotecario.com.br\/index.php\/wp-json\/wp\/v2\/posts"}],"about":[{"href":"https:\/\/mundobibliotecario.com.br\/index.php\/wp-json\/wp\/v2\/types\/post"}],"author":[{"embeddable":true,"href":"https:\/\/mundobibliotecario.com.br\/index.php\/wp-json\/wp\/v2\/users\/1"}],"replies":[{"embeddable":true,"href":"https:\/\/mundobibliotecario.com.br\/index.php\/wp-json\/wp\/v2\/comments?post=4639"}],"version-history":[{"count":0,"href":"https:\/\/mundobibliotecario.com.br\/index.php\/wp-json\/wp\/v2\/posts\/4639\/revisions"}],"wp:attachment":[{"href":"https:\/\/mundobibliotecario.com.br\/index.php\/wp-json\/wp\/v2\/media?parent=4639"}],"wp:term":[{"taxonomy":"category","embeddable":true,"href":"https:\/\/mundobibliotecario.com.br\/index.php\/wp-json\/wp\/v2\/categories?post=4639"},{"taxonomy":"post_tag","embeddable":true,"href":"https:\/\/mundobibliotecario.com.br\/index.php\/wp-json\/wp\/v2\/tags?post=4639"}],"curies":[{"name":"wp","href":"https:\/\/api.w.org\/{rel}","templated":true}]}}