{"id":4651,"date":"2018-01-31T14:00:41","date_gmt":"2018-01-31T16:00:41","guid":{"rendered":"http:\/\/mundobibliotecario.com.br\/?p=4651"},"modified":"2020-07-21T23:25:40","modified_gmt":"2020-07-22T02:25:40","slug":"como-fazer-uma-pesquisa-academica-avancada","status":"publish","type":"post","link":"https:\/\/mundobibliotecario.com.br\/index.php\/2018\/01\/31\/como-fazer-uma-pesquisa-academica-avancada\/","title":{"rendered":"Como fazer uma pesquisa acad\u00eamica avan\u00e7ada"},"content":{"rendered":"<p><a href=\"http:\/\/mundobibliotecario.com.br\/wp-content\/uploads\/2018\/01\/magnifying-glass-97588_960_720.png\"><img loading=\"lazy\" decoding=\"async\" class=\"aligncenter wp-image-4657\" src=\"http:\/\/mundobibliotecario.com.br\/wp-content\/uploads\/2018\/01\/magnifying-glass-97588_960_720.png\" alt=\"Pesquisa acad\u00eamica\" width=\"146\" height=\"143\" srcset=\"https:\/\/mundobibliotecario.com.br\/wp-content\/uploads\/2018\/01\/magnifying-glass-97588_960_720.png 736w, https:\/\/mundobibliotecario.com.br\/wp-content\/uploads\/2018\/01\/magnifying-glass-97588_960_720-300x293.png 300w\" sizes=\"auto, (max-width: 146px) 100vw, 146px\" \/><\/a><\/p>\n<p>A pesquisa acad\u00eamica \u00e9 uma atividade existente em todas as institui\u00e7\u00f5es de ensino. Nas universidades, ela \u00e9 uma atividade fundamental no desenvolvimento de uma pesquisa. Tudo come\u00e7a com a escolha do tema, para ent\u00e3o procurar pelas fontes de informa\u00e7\u00e3o que podem dar a resposta para sua pesquisa, sejam livros, revistas cient\u00edficas, teses ou disserta\u00e7\u00f5es, dentre outras poss\u00edveis.<\/p>\n<p>Com tantas ferramentas dispon\u00edveis atualmente, cabe ao pesquisador manter-se atualizado sobre elas e, mais do que isso, conhecer mais a fundo como funcionam.<!--more--><\/p>\n<p>Para ajud\u00e1-lo nessa tarefa, a Content Mind oferece a partir de fevereiro de 2018 o curso\u00a0Pesquisas acad\u00eamicas na web: oficina n\u00edvel avan\u00e7ado, ministrado pela bibliotec\u00e1ria\u00a0Cristina Marchetti Maia.<\/p>\n<p>Nesse curso, voc\u00ea aprender\u00e1:<\/p>\n<ul>\n<li><strong>como fazer uma busca avan\u00e7ada<\/strong><\/li>\n<li><strong>recursos das bases de dados<\/strong><\/li>\n<li><strong>como pesquisar em bases de dados acad\u00eamicas<\/strong><\/li>\n<li><strong>onde e como armazenar e divulgar sua produ\u00e7\u00e3o cient\u00edfica<\/strong><\/li>\n<li><strong>onde e como acompanhar cita\u00e7\u00f5es<\/strong><\/li>\n<\/ul>\n<p>Conhe\u00e7a todos os outros cursos oferecidos pela <a href=\"http:\/\/www.contentmind.com.br\/\">Content Mind<\/a> na nossa p\u00e1gina de <a href=\"https:\/\/mundobibliotecario.com.br\/index.php\/cursos-a-distancia-em-biblioteconomia-e-ciencia-da-informacao\/\">Cursos EaD de Biblioteconomia e Ci\u00eancia da Informa\u00e7\u00e3o<\/a>!<\/p>\n","protected":false},"excerpt":{"rendered":"<p>A pesquisa acad\u00eamica \u00e9 uma atividade existente em todas as institui\u00e7\u00f5es de ensino. Nas universidades, ela \u00e9 uma atividade fundamental no desenvolvimento de uma pesquisa. Tudo come\u00e7a com a escolha do tema, para ent\u00e3o procurar pelas fontes de informa\u00e7\u00e3o que podem dar a resposta para sua pesquisa, sejam livros, revistas cient\u00edficas, teses ou disserta\u00e7\u00f5es, dentre &#8230; <a title=\"Como fazer uma pesquisa acad\u00eamica avan\u00e7ada\" class=\"read-more\" href=\"https:\/\/mundobibliotecario.com.br\/index.php\/2018\/01\/31\/como-fazer-uma-pesquisa-academica-avancada\/\" aria-label=\"Read more about Como fazer uma pesquisa acad\u00eamica avan\u00e7ada\">Ler mais<\/a><\/p>\n","protected":false},"author":1,"featured_media":0,"comment_status":"open","ping_status":"open","sticky":false,"template":"","format":"standard","meta":{"_mi_skip_tracking":false,"_exactmetrics_sitenote_active":false,"_exactmetrics_sitenote_note":"","_exactmetrics_sitenote_category":0,"_jetpack_newsletter_access":"","footnotes":""},"categories":[252],"tags":[575,1409,1286,1270,1664,448,364],"class_list":["post-4651","post","type-post","status-publish","format-standard","hentry","category-curso","tag-base-de-dados","tag-busca-avancada","tag-citacao","tag-pesquisa-academica","tag-pesquisa-avancada","tag-producao-cientifica","tag-universidade"],"jetpack_featured_media_url":"","jetpack_sharing_enabled":true,"jetpack-related-posts":[{"id":2573,"url":"https:\/\/mundobibliotecario.com.br\/index.php\/2012\/05\/04\/ii-jornada-sobre-trabalhos-academicos-e-cientificos\/","url_meta":{"origin":4651,"position":0},"title":"II Jornada sobre Trabalhos Acad\u00eamicos e Cient\u00edficos","author":"mundobibliotecario","date":"04\/05\/2012","format":false,"excerpt":"08, 09 e 10 de maio de 2012 Inscri\u00e7\u00f5es e informa\u00e7\u00f5es: www.ufscar.br\/jornadatac Programa\u00e7\u00e3o 08 de maio - Ter\u00e7a-feira 10h00-12h00 \u0096 Palestra: Aspectos \u00e9ticos para a pesquisa cient\u00edfica - Prof. Dr. Daniel Vendr\u00fascolo (DM\/UFSCar) 14h30-16h30 - Mini-curso: Desenvolvimento de projetos acad\u00eamicos e cient\u00edficos \u0096 Profa. Dra. Camila Carneiro Dias Rigolin (DCI\/UFSCar)\u2026","rel":"","context":"Em &quot;Eventos&quot;","block_context":{"text":"Eventos","link":"https:\/\/mundobibliotecario.com.br\/index.php\/category\/eventos\/"},"img":{"alt_text":"","src":"","width":0,"height":0},"classes":[]},{"id":4364,"url":"https:\/\/mundobibliotecario.com.br\/index.php\/2016\/10\/06\/ibict-lanca-manifesto-de-acesso-aberto-a-dados-da-pesquisa-brasileira-para-ciencia-cidada\/","url_meta":{"origin":4651,"position":1},"title":"Ibict lan\u00e7a Manifesto de Acesso Aberto a Dados da Pesquisa Brasileira para Ci\u00eancia Cidad\u00e3","author":"mundobibliotecario","date":"06\/10\/2016","format":false,"excerpt":"No \u00faltimo dia 28 de setembro foi celebrado o Dia Internacional do Acesso Universal \u00e0 Informa\u00e7\u00e3o, no Museu do Amanh\u00e3, no Rio de Janeiro. A cerim\u00f4nia foi uma parceria da Unesco no Brasil com o Instituto Brasileiro de Informa\u00e7\u00e3o em Ci\u00eancia e Tecnologia (Ibict). Na ocasi\u00e3o, foi lan\u00e7ado, pelo instituto,\u2026","rel":"","context":"Em &quot;Not\u00edcias&quot;","block_context":{"text":"Not\u00edcias","link":"https:\/\/mundobibliotecario.com.br\/index.php\/category\/noticias\/"},"img":{"alt_text":"","src":"","width":0,"height":0},"classes":[]},{"id":4820,"url":"https:\/\/mundobibliotecario.com.br\/index.php\/2018\/07\/09\/rotas-alternativas-para-artigos-academicos-e-resultados-de-pesquisa\/","url_meta":{"origin":4651,"position":2},"title":"Rotas alternativas para artigos acad\u00eamicos e resultados de pesquisa","author":"mundobibliotecario","date":"09\/07\/2018","format":false,"excerpt":"Muitos artigos acad\u00eamicos e revisados por pares podem ser lidos hoje em dia na web. V\u00e1rios servi\u00e7os e arquivos gratuitos desenvolveram ferramentas e servi\u00e7os que ajudam os usu\u00e1rios a descobrir resultados de pesquisa de maneira f\u00e1cil e simples: por meio da instala\u00e7\u00e3o de uma extens\u00e3o ou plug-in do navegador; usando\u2026","rel":"","context":"Em &quot;Not\u00edcias&quot;","block_context":{"text":"Not\u00edcias","link":"https:\/\/mundobibliotecario.com.br\/index.php\/category\/noticias\/"},"img":{"alt_text":"","src":"https:\/\/i0.wp.com\/mundobibliotecario.com.br\/wp-content\/uploads\/2018\/07\/800px-open_access_plos-svg.png?resize=350%2C200","width":350,"height":200},"classes":[]},{"id":4569,"url":"https:\/\/mundobibliotecario.com.br\/index.php\/2017\/08\/21\/cursos-on-line-eou-semipresenciais-in-company-para-autores-editores-cientificos-e-equipes-editoriais-bibliotecarios-e-demais-profissionais-da-informacao-concurseiros-eou-em-atividade-profissional\/","url_meta":{"origin":4651,"position":3},"title":"Cursos on-line e\/ou semipresenciais in-company para autores, editores cient\u00edficos e equipes editoriais, bibliotec\u00e1rios e demais profissionais da informa\u00e7\u00e3o, concurseiros e\/ou em atividade profissional","author":"mundobibliotecario","date":"21\/08\/2017","format":false,"excerpt":"01.\u00a0Herramientas de preservaci\u00f3n en DSpace: conversi\u00f3n a XML\u00a0-\u00a0\u00a0Joel Torres \u2013 30h\/30 dias -\u00a0C\u00f3mo facilitar los procesos de preservaci\u00f3n digital en DSpace a trav\u00e9s del uso de herramientas de conversi\u00f3n desde formatos tradicionales hacia el formato XML 02.\u00a0Convert2XML: herramienta de conversi\u00f3n a XML JATS integrada a OJS\u00a0- Araceli Olivo \u2013 30h\/30\u2026","rel":"","context":"Em &quot;Curso&quot;","block_context":{"text":"Curso","link":"https:\/\/mundobibliotecario.com.br\/index.php\/category\/curso\/"},"img":{"alt_text":"","src":"","width":0,"height":0},"classes":[]},{"id":4253,"url":"https:\/\/mundobibliotecario.com.br\/index.php\/2016\/04\/14\/versila-da-acesso-a-acervo-dos-melhores-centros-de-pesquisa\/","url_meta":{"origin":4651,"position":4},"title":"\u201cV\u00e9rsila\u201d d\u00e1 acesso a acervo dos melhores centros de pesquisa","author":"mundobibliotecario","date":"14\/04\/2016","format":false,"excerpt":"Assessoria de Comunica\u00e7\u00e3o 13-Abr-2016 Desenvolvida por pesquisadores da USP, a Biblioteca Digital V\u00e9rsila \u00e9 considerada a maior em acervo digital acad\u00eamico do hemisf\u00e9rio sul, e disponibiliza gratuitamente toda a produ\u00e7\u00e3o cient\u00edfica aberta dos melhores centros de pesquisa do mundo. Desde seu lan\u00e7amento, no final de 2015, a V\u00e9rsila j\u00e1 teve\u2026","rel":"","context":"Em &quot;Not\u00edcias&quot;","block_context":{"text":"Not\u00edcias","link":"https:\/\/mundobibliotecario.com.br\/index.php\/category\/noticias\/"},"img":{"alt_text":"","src":"","width":0,"height":0},"classes":[]},{"id":3451,"url":"https:\/\/mundobibliotecario.com.br\/index.php\/2014\/04\/11\/roda-de-conversa-sobre-a-fotografia-na-pesquisa-cientifica-aspectos-legais-normativos-e-artisticos\/","url_meta":{"origin":4651,"position":5},"title":"Roda de conversa sobre \u201cA fotografia na pesquisa cient\u00edfica: aspectos legais, normativos e art\u00edsticos\u201d","author":"mundobibliotecario","date":"11\/04\/2014","format":false,"excerpt":"Todas as informa\u00e7\u00f5es voc\u00ea encontra aqui:\u00a0http:\/\/www.contentmind.com.br\/cursos\/fotografia-na-pesquisa-cientifica\/ A fotografia tem sido utilizada na pesquisa cient\u00edfica para finalidades que v\u00e3o al\u00e9m do mero registro. Dentre suas aplica\u00e7\u00f5es, tem sido utilizada, por exemplo, como metodologia de pesquisa e suporte para a an\u00e1lise de dados. Por\u00e9m, enquanto\u00a0fonte de informa\u00e7\u00e3o, deve ser citada e referenciada\u2026","rel":"","context":"Em &quot;Eventos&quot;","block_context":{"text":"Eventos","link":"https:\/\/mundobibliotecario.com.br\/index.php\/category\/eventos\/"},"img":{"alt_text":"","src":"","width":0,"height":0},"classes":[]}],"jetpack_likes_enabled":true,"jetpack_shortlink":"https:\/\/wp.me\/pcbzwa-1d1","_links":{"self":[{"href":"https:\/\/mundobibliotecario.com.br\/index.php\/wp-json\/wp\/v2\/posts\/4651","targetHints":{"allow":["GET"]}}],"collection":[{"href":"https:\/\/mundobibliotecario.com.br\/index.php\/wp-json\/wp\/v2\/posts"}],"about":[{"href":"https:\/\/mundobibliotecario.com.br\/index.php\/wp-json\/wp\/v2\/types\/post"}],"author":[{"embeddable":true,"href":"https:\/\/mundobibliotecario.com.br\/index.php\/wp-json\/wp\/v2\/users\/1"}],"replies":[{"embeddable":true,"href":"https:\/\/mundobibliotecario.com.br\/index.php\/wp-json\/wp\/v2\/comments?post=4651"}],"version-history":[{"count":2,"href":"https:\/\/mundobibliotecario.com.br\/index.php\/wp-json\/wp\/v2\/posts\/4651\/revisions"}],"predecessor-version":[{"id":6732,"href":"https:\/\/mundobibliotecario.com.br\/index.php\/wp-json\/wp\/v2\/posts\/4651\/revisions\/6732"}],"wp:attachment":[{"href":"https:\/\/mundobibliotecario.com.br\/index.php\/wp-json\/wp\/v2\/media?parent=4651"}],"wp:term":[{"taxonomy":"category","embeddable":true,"href":"https:\/\/mundobibliotecario.com.br\/index.php\/wp-json\/wp\/v2\/categories?post=4651"},{"taxonomy":"post_tag","embeddable":true,"href":"https:\/\/mundobibliotecario.com.br\/index.php\/wp-json\/wp\/v2\/tags?post=4651"}],"curies":[{"name":"wp","href":"https:\/\/api.w.org\/{rel}","templated":true}]}}