{"id":4669,"date":"2018-02-14T14:00:09","date_gmt":"2018-02-14T16:00:09","guid":{"rendered":"http:\/\/mundobibliotecario.com.br\/?p=4669"},"modified":"2018-02-14T14:00:09","modified_gmt":"2018-02-14T16:00:09","slug":"insalubridade-em-bibliotecas-na-legislacao-brasileira","status":"publish","type":"post","link":"https:\/\/mundobibliotecario.com.br\/index.php\/2018\/02\/14\/insalubridade-em-bibliotecas-na-legislacao-brasileira\/","title":{"rendered":"Insalubridade em bibliotecas na legisla\u00e7\u00e3o brasileira"},"content":{"rendered":"<p>O tema de insalubridade em bibliotecas no Brasil \u00e9 discutido h\u00e1 v\u00e1rios anos. Pesquisando em sites e blogs de Biblioteconomia, localizei dois Projetos de Lei sobre o tema: PL 2361\/2011 e PL 1511\/2015.<!--more--><\/p>\n<p><a href=\"http:\/\/mundobibliotecario.com.br\/wp-content\/uploads\/2018\/02\/attention-303861_960_720.png\"><img loading=\"lazy\" decoding=\"async\" class=\"aligncenter  wp-image-4671\" src=\"http:\/\/mundobibliotecario.com.br\/wp-content\/uploads\/2018\/02\/attention-303861_960_720.png\" alt=\"\" width=\"283\" height=\"253\" srcset=\"https:\/\/mundobibliotecario.com.br\/wp-content\/uploads\/2018\/02\/attention-303861_960_720.png 805w, https:\/\/mundobibliotecario.com.br\/wp-content\/uploads\/2018\/02\/attention-303861_960_720-300x268.png 300w, https:\/\/mundobibliotecario.com.br\/wp-content\/uploads\/2018\/02\/attention-303861_960_720-768x687.png 768w\" sizes=\"auto, (max-width: 283px) 100vw, 283px\" \/><\/a>O PL 2361\/2011, segundo consta no <a href=\"http:\/\/www.camara.leg.br\/buscaProposicoesWeb\/resultadoPesquisa?tipoproposicao=PL+-+Projeto+de+Lei&amp;data=13%2F02%2F2018&amp;page=false&amp;emtramitacao=Todas&amp;numero=2361&amp;ano=2011\">site da C\u00e2mara dos Deputados<\/a>, foi arquivado, pois houve um entendimento de que o adicional de insalubridade n\u00e3o deve solicitado para toda a categoria, mas sim para a atividade espec\u00edfica que o profissional exercer, isto \u00e9, se a atividade o exp\u00f5e a riscos de sa\u00fade.<\/p>\n<p>A ementa desse projeto era a seguinte:<\/p>\n<blockquote><p>Acrescenta o inciso IX ao art. 200 do Decreto-lei n\u00ba 5.452, de 1\u00ba de maio de 1943, com o objetivo de garantir medida especial de prote\u00e7\u00e3o ao trabalho realizado em arquivos, bibliotecas, museus e centros de documenta\u00e7\u00e3o e mem\u00f3ria.<\/p><\/blockquote>\n<p>J\u00e1 o PL 1511\/2015 continua em tramita\u00e7\u00e3o na C\u00e2mara dos Deputados e a \u00faltima informa\u00e7\u00e3o que consta sobre seu andamento \u00e9 do dia 21\/11\/2017:<\/p>\n<p><strong>Comiss\u00e3o de Constitui\u00e7\u00e3o e Justi\u00e7a e de Cidadania ( CCJC )<\/strong><\/p>\n<p>Apresenta\u00e7\u00e3o do Parecer do Relator n. 1 CCJC, pelo Deputado Expedito Netto (PSD-RO). <a href=\"http:\/\/www.camara.gov.br\/proposicoesWeb\/prop_mostrarintegra;jsessionid=2803E731A24C8D32DAD53ADDD938C20A.proposicoesWebExterno2?codteor=1623820&amp;filename=Tramitacao-PL+1511\/2015\">Inteiro teor<\/a><br \/>\nParecer do Relator, Dep. Expedito Netto (PSD-RO). <a href=\"http:\/\/www.camara.gov.br\/proposicoesWeb\/prop_mostrarintegra;jsessionid=2803E731A24C8D32DAD53ADDD938C20A.proposicoesWebExterno2?codteor=1623820&amp;filename=Tramitacao-PL+1511\/2015\">Inteiro teor<\/a><\/p>\n<p>O voto do Deputado Expedito Netto conclui que o Projeto de Lei possui\u00a0constitucionalidade, juridicidade e boa t\u00e9cnica legislativa e reda\u00e7\u00e3o.<\/p>\n<p>Por enquanto, a \u00fanica <a href=\"https:\/\/www.guiamuriae.com.br\/noticias\/governo\/aprovado-projeto-que-garante-adicional-de-insalubridade-a-bibliotecarios-em-muriae\/\">not\u00edcia concreta sobre o adicional de insalubridade em bibliotecas \u00e9 no munic\u00edpio de Muria\u00e9 (MG)<\/a>, que conseguiu aprovar um projeto na C\u00e2mara Municipal que garante esse direito aos trabalhadores da Biblioteca P\u00fablica.<\/p>\n","protected":false},"excerpt":{"rendered":"<p>O tema de insalubridade em bibliotecas no Brasil \u00e9 discutido h\u00e1 v\u00e1rios anos. Pesquisando em sites e blogs de Biblioteconomia, localizei dois Projetos de Lei sobre o tema: PL 2361\/2011 e PL 1511\/2015.<\/p>\n","protected":false},"author":1,"featured_media":0,"comment_status":"open","ping_status":"open","sticky":false,"template":"","format":"standard","meta":{"_mi_skip_tracking":false,"_exactmetrics_sitenote_active":false,"_exactmetrics_sitenote_note":"","_exactmetrics_sitenote_category":0,"_jetpack_newsletter_access":"","footnotes":""},"categories":[60],"tags":[2,793,1671,1672,1027],"class_list":["post-4669","post","type-post","status-publish","format-standard","hentry","category-noticias","tag-biblioteca","tag-insalubridade","tag-pl-1511-2015","tag-pl-2361-2011","tag-projeto-de-lei"],"jetpack_featured_media_url":"","jetpack_sharing_enabled":true,"jetpack-related-posts":[{"id":2145,"url":"https:\/\/mundobibliotecario.com.br\/index.php\/2011\/08\/06\/insalubridade-em-bibliotecas-garante-aposentadoria-especial\/","url_meta":{"origin":4669,"position":0},"title":"Insalubridade em Bibliotecas Garante Aposentadoria Especial","author":"mundobibliotecario","date":"06\/08\/2011","format":false,"excerpt":"Not\u00edcia recebida por e-mail. ********* SERVI\u00c7OS\u00a0 Orienta\u00e7\u00e3o Jur\u00eddica\u00a0 A aposentadoria especial \u00e9 um benef\u00edcio destinado \u00e0s pessoas que trabalharam durante 15, 20 ou 25 anos em condi\u00e7\u00f5es prejudiciais \u00e0 sa\u00fade ou \u00e0 integridade f\u00edsica, dependendo do tipo de exposi\u00e7\u00e3o a agentes nocivos. Para requerer a aposentadoria especial, o interessado deve\u2026","rel":"","context":"Em &quot;N\u00e3o classificado&quot;","block_context":{"text":"N\u00e3o classificado","link":"https:\/\/mundobibliotecario.com.br\/index.php\/category\/nao-classificado\/"},"img":{"alt_text":"","src":"","width":0,"height":0},"classes":[]},{"id":3660,"url":"https:\/\/mundobibliotecario.com.br\/index.php\/2014\/11\/28\/pl-5591-2014-projeto-de-lei\/","url_meta":{"origin":4669,"position":1},"title":"PL 5591 2014 &#8211; PROJETO DE LEI","author":"mundobibliotecario","date":"28\/11\/2014","format":false,"excerpt":"Votem no projeto de lei que prev\u00ea a cria\u00e7\u00e3o do cargo de bibliotec\u00e1rio em Minas Gerais! http:\/\/www.almg.gov.br\/atividade_parlamentar\/tramitacao_projetos\/interna.html?a=2014&n=5591&t=PL&utm_source=Facebook&utm_medium=Btn-Compartilhar&utm_campaign=Compartilhar Autor: GOVERNADOR ALBERTO PINTO COELHO J\u00daNIOR Ementa: ALTERA A LEI 15293, DE 5 DE AGOSTO DE 2004, QUE INSTITUI AS CARREIRAS DOS PROFISSIONAIS DE EDUCA\u00c7\u00c3O B\u00c1SICA DO ESTADO, E A LEI 15301, DE\u2026","rel":"","context":"Em &quot;Not\u00edcias&quot;","block_context":{"text":"Not\u00edcias","link":"https:\/\/mundobibliotecario.com.br\/index.php\/category\/noticias\/"},"img":{"alt_text":"","src":"","width":0,"height":0},"classes":[]},{"id":982,"url":"https:\/\/mundobibliotecario.com.br\/index.php\/2009\/11\/13\/camara-aprova-biblioteca-em-cada-escola-e-numero-minimo-de-livros\/","url_meta":{"origin":4669,"position":2},"title":"C\u00e2mara aprova biblioteca em cada escola e n\u00famero m\u00ednimo de livros","author":"mundobibliotecario","date":"13\/11\/2009","format":false,"excerpt":"Aconteceu - 12\/11\/2009 \u00a017h19 C\u00e2mara aprova biblioteca em cada escola e n\u00famero m\u00ednimo de livros J.Batista Marcelo Guimar\u00e3es votou pela aprova\u00e7\u00e3o de duas propostas que tratam do tema. A Comiss\u00e3o de Constitui\u00e7\u00e3o e Justi\u00e7a e de Cidadania (CCJ) aprovou dia na quarta-feira (11) o Projeto de Lei 1831\/03, do deputado\u2026","rel":"","context":"Em &quot;Not\u00edcias&quot;","block_context":{"text":"Not\u00edcias","link":"https:\/\/mundobibliotecario.com.br\/index.php\/category\/noticias\/"},"img":{"alt_text":"","src":"","width":0,"height":0},"classes":[]},{"id":3731,"url":"https:\/\/mundobibliotecario.com.br\/index.php\/2015\/05\/31\/ccj-da-aval-a-projeto-de-classificacao-de-acervo-literario\/","url_meta":{"origin":4669,"position":3},"title":"CCJ d\u00e1 aval a projeto de classifica\u00e7\u00e3o de acervo liter\u00e1rio","author":"mundobibliotecario","date":"31\/05\/2015","format":false,"excerpt":"By ALAMO | Published: 27 DE MAIO DE 2015 Projeto de Lei 347\/15 determina que bibliotecas p\u00fablicas classifiquem obras conforme faixa et\u00e1ria. Na reuni\u00e3o da manh\u00e3 do dia\u00a019 de maio, a Comiss\u00e3o de Constitui\u00e7\u00e3o e Justi\u00e7a (CCJ) da Assembleia Legislativa de Minas Gerais (ALMG) aprovou parecer pela legalidade do Projeto\u2026","rel":"","context":"Em &quot;Not\u00edcias&quot;","block_context":{"text":"Not\u00edcias","link":"https:\/\/mundobibliotecario.com.br\/index.php\/category\/noticias\/"},"img":{"alt_text":"O Projeto de Lei 347\/15 segue agora para an\u00c3\u00a1lise da Comiss\u00c3\u00a3o de Cultura","src":"https:\/\/i0.wp.com\/blog.crb6.org.br\/wp-content\/uploads\/2015\/05\/Projeto-de-Lei-PL-347-15.jpg?resize=350%2C200","width":350,"height":200},"classes":[]},{"id":7791,"url":"https:\/\/mundobibliotecario.com.br\/index.php\/2020\/08\/17\/bicentenario-da-independencia-senado-assinara-acordo-com-biblioteca-oliveira-lima\/","url_meta":{"origin":4669,"position":4},"title":"Bicenten\u00e1rio da Independ\u00eancia: Senado assinar\u00e1 acordo com Biblioteca Oliveira Lima","author":"mundobibliotecario","date":"17\/08\/2020","format":false,"excerpt":"O senador Randolfe Rodrigues participar\u00e1 da cerim\u00f4nia, que est\u00e1 marcada para as 19h de segunda-feiraLeopoldo Silva\/Ag\u00eancia Senado O Senado assinar\u00e1 nesta segunda-feira (17) um protocolo de coopera\u00e7\u00e3o entre a Comiss\u00e3o Especial Curadora do Bicenten\u00e1rio, respons\u00e1vel por organizar as comemora\u00e7\u00f5es dos 200 anos da Independ\u00eancia do Brasil, e a Biblioteca Oliveira\u2026","rel":"","context":"Em &quot;Not\u00edcias&quot;","block_context":{"text":"Not\u00edcias","link":"https:\/\/mundobibliotecario.com.br\/index.php\/category\/noticias\/"},"img":{"alt_text":"","src":"","width":0,"height":0},"classes":[]},{"id":9981,"url":"https:\/\/mundobibliotecario.com.br\/index.php\/2022\/06\/02\/projeto-de-lei-determina-a-obrigatoriedade-de-livros-acessiveis-e-tecnologias-assistidas-nas-bibliotecas-publicas\/","url_meta":{"origin":4669,"position":5},"title":"Projeto de lei determina a obrigatoriedade de livros acess\u00edveis e tecnologias assistidas nas bibliotecas p\u00fablicas","author":"mundobibliotecario","date":"02\/06\/2022","format":false,"excerpt":"O\u00a0 Projeto de Lei 1454\/2022, apresentado pelo deputado Francisco Jr. (PSD\/GO) em 01\/06\/2022, prev\u00ea uma altera\u00e7\u00e3o no art. 7\u00ba da Lei n\u00ba 10.753 (Pol\u00edtica Nacional do Livro). O projeto prop\u00f5e\u00a0a obrigatoriedade da presen\u00e7a de livros acess\u00edveis e tecnologias assistidas nas bibliotecas p\u00fablicas para garantir o acesso \u00e0s obras do acervo\u2026","rel":"","context":"Em &quot;Not\u00edcias&quot;","block_context":{"text":"Not\u00edcias","link":"https:\/\/mundobibliotecario.com.br\/index.php\/category\/noticias\/"},"img":{"alt_text":"","src":"https:\/\/i0.wp.com\/mundobibliotecario.com.br\/wp-content\/uploads\/2022\/06\/braille-g8f7857196_640.jpg?resize=350%2C200&ssl=1","width":350,"height":200},"classes":[]}],"jetpack_likes_enabled":true,"jetpack_shortlink":"https:\/\/wp.me\/pcbzwa-1dj","_links":{"self":[{"href":"https:\/\/mundobibliotecario.com.br\/index.php\/wp-json\/wp\/v2\/posts\/4669","targetHints":{"allow":["GET"]}}],"collection":[{"href":"https:\/\/mundobibliotecario.com.br\/index.php\/wp-json\/wp\/v2\/posts"}],"about":[{"href":"https:\/\/mundobibliotecario.com.br\/index.php\/wp-json\/wp\/v2\/types\/post"}],"author":[{"embeddable":true,"href":"https:\/\/mundobibliotecario.com.br\/index.php\/wp-json\/wp\/v2\/users\/1"}],"replies":[{"embeddable":true,"href":"https:\/\/mundobibliotecario.com.br\/index.php\/wp-json\/wp\/v2\/comments?post=4669"}],"version-history":[{"count":0,"href":"https:\/\/mundobibliotecario.com.br\/index.php\/wp-json\/wp\/v2\/posts\/4669\/revisions"}],"wp:attachment":[{"href":"https:\/\/mundobibliotecario.com.br\/index.php\/wp-json\/wp\/v2\/media?parent=4669"}],"wp:term":[{"taxonomy":"category","embeddable":true,"href":"https:\/\/mundobibliotecario.com.br\/index.php\/wp-json\/wp\/v2\/categories?post=4669"},{"taxonomy":"post_tag","embeddable":true,"href":"https:\/\/mundobibliotecario.com.br\/index.php\/wp-json\/wp\/v2\/tags?post=4669"}],"curies":[{"name":"wp","href":"https:\/\/api.w.org\/{rel}","templated":true}]}}