{"id":4674,"date":"2018-02-16T14:00:49","date_gmt":"2018-02-16T16:00:49","guid":{"rendered":"http:\/\/mundobibliotecario.com.br\/?p=4674"},"modified":"2018-02-16T14:00:49","modified_gmt":"2018-02-16T16:00:49","slug":"curso-de-bacharelado-em-biblioteconomia-na-modalidade-a-distancia-bibead","status":"publish","type":"post","link":"https:\/\/mundobibliotecario.com.br\/index.php\/2018\/02\/16\/curso-de-bacharelado-em-biblioteconomia-na-modalidade-a-distancia-bibead\/","title":{"rendered":"Curso de Bacharelado em Biblioteconomia na modalidade a Dist\u00e2ncia (BibEaD)"},"content":{"rendered":"<p><span class=\"documentPublished\">Publicado: Quinta, 20 Fevereiro 2014 14:53\u00a0<\/span><span class=\"separator\">|<\/span>\u00a0<span class=\"documentModified\">\u00daltima Atualiza\u00e7\u00e3o: Quinta, 11 Janeiro 2018 10:21<\/span><\/p>\n<p><img decoding=\"async\" class=\"aligncenter\" src=\"https:\/\/capes.gov.br\/images\/images\/28-11-2017-logo-bibead-uab.png\" alt=\"28 11 2017 logo bibead uab\" \/><\/p>\n<p>O BibEAD \u00e9 um curso do Sistema Universidade Aberta do Brasil, com Projeto Pedag\u00f3gico de Curso nacional de Bacharelado em Biblioteconomia na modalidade a dist\u00e2ncia, resultado da parceria entre a Coordena\u00e7\u00e3o de Aperfei\u00e7oamento de Pessoal de N\u00edvel Superior e o Conselho Federal de Biblioteconomia. Atualmente, o curso encontra-se em fase de elabora\u00e7\u00e3o de materiais did\u00e1ticos (parceria com a Universidade Federal do Rio de Janeiro) e de an\u00e1lise do Projeto Pedag\u00f3gico de Curso pela IPES parceiras do Sistema UAB.<!--more--><\/p>\n<p><strong>Objetivos<\/strong><\/p>\n<p>\u2022\u00a0\u00a0 \u00a0fortalecer o desempenho do ensino p\u00fablico no Pa\u00eds e atender \u00e0s demandas dos polos de educa\u00e7\u00e3o a dist\u00e2ncia do Sistema UAB no que se refere a sua adequada fun\u00e7\u00e3o de espa\u00e7o educativo para o desenvolvimento descentralizado de atividades pedag\u00f3gicas e administrativas relativas aos cursos e programas ofertados na modalidade EaD pelas Institui\u00e7\u00f5es P\u00fablicas de Ensino Superior.<br \/>\n\u2022\u00a0\u00a0 \u00a0formar profissionais na \u00e1rea de biblioteconomia, sobretudo no interior do Pa\u00eds, onde h\u00e1 maior car\u00eancia deste profissional;<br \/>\n\u2022\u00a0\u00a0 \u00a0promover articula\u00e7\u00e3o com outras pol\u00edticas nacionais, dentre elas a pol\u00edtica de incentivo \u00e0 instala\u00e7\u00e3o de bibliotecas p\u00fablicas em todos os munic\u00edpios brasileiros e o fortalecimento da educa\u00e7\u00e3o b\u00e1sica.<\/p>\n<p><strong>Institui\u00e7\u00f5es participantes<\/strong><br \/>\nO curso BIBEAD ser\u00e1 ofertado pelas institui\u00e7\u00f5es p\u00fablicas de ensino superior (IPES) integrantes do Sistema Universidade Aberta do Brasil.<\/p>\n<p>A oferta do curso BIBEAD ser\u00e1 realizada pelas institui\u00e7\u00f5es p\u00fablicas de ensino superior (IPES) integrantes do Sistema Universidade Aberta do Brasil, por meio dos editais publicados pela Diretoria de Educa\u00e7\u00e3o a Dist\u00e2ncia.<\/p>\n<p><strong>Materiais did\u00e1ticos do BibEaD<\/strong><br \/>\nA elabora\u00e7\u00e3o dos materiais did\u00e1ticos do BibEaD est\u00e1 sendo realizada por meio da parceria com a Universidade Federal do Rio de Janeiro (UFRJ). Todos os materiais estar\u00e3o dispon\u00edveis em licen\u00e7as abertas na modalidade\u00a0<em>Creative Commons<\/em>\u00a0CC BY-NC-SA (Atribui\u00e7\u00e3o &#8211; N\u00e3o Comercial &#8211; Compartilha Igual). Esta licen\u00e7a permite que outros remixem, adaptem e criem a partir do trabalho inicial, para fins n\u00e3o comerciais, desde que atribuam ao autor o devido cr\u00e9dito e que licenciem as novas cria\u00e7\u00f5es sob termos id\u00eanticos.<\/p>\n<p><a href=\"https:\/\/capes.gov.br\/uab\/rea\">Clique aqui<\/a>\u00a0para saber mais sobre as Licen\u00e7as Abertas do Sistema UAB.<\/p>\n<p><strong>Contato:<\/strong>\u00a0<span id=\"cloak589576df860cfdcf23d0adf3299a2d06\"><\/span><a href=\"mailto:biblio.cpcf@capes.gov.br\">biblio.cpcf@capes.gov.br<\/a><\/p>\n<p><strong>Documentos relacionados (disponibilizados na web em 28\/11\/2017)<\/strong><\/p>\n<p>Projeto Pedag\u00f3gico do Curso de Bacharelado em Biblioteconomia na modalidade a dist\u00e2ncia &#8211; <a href=\"https:\/\/capes.gov.br\/images\/stories\/download\/28-11-2017-PPEDAGOGICO-C-revisao-CPCF-07-11-2017.doc\">DOC<\/a> e <a href=\"https:\/\/capes.gov.br\/images\/stories\/download\/11-01-2018-Projeto-Pedagogico-do-Curso-de-Biblioteconomia-EaD.pdf\">PDF<\/a><\/p>\n<p>Bibliografia do Projeto Pedag\u00f3gico do Curso (vers\u00e3o preliminar) &#8211; <a href=\"https:\/\/capes.gov.br\/images\/stories\/download\/28-11-2017-Bibead-Bibliografia-Lista-unica-com-basica-e-complementar-Oficio-Circular-50-2017.pdf\">PDF<\/a><\/p>\n<p>Folheto Informativo &#8211; <a href=\"https:\/\/capes.gov.br\/images\/stories\/download\/28-11-2017-Folheto-Final-CT.pdf\">PDF<\/a><\/p>\n<p>Dispon\u00edvel em: &lt;<a href=\"https:\/\/capes.gov.br\/uab\/cursos-nacionais\/bibead\">https:\/\/capes.gov.br\/uab\/cursos-nacionais\/bibead<\/a>&gt;. Acesso em: 13 fev. 2018.<\/p>\n","protected":false},"excerpt":{"rendered":"<p>Publicado: Quinta, 20 Fevereiro 2014 14:53\u00a0|\u00a0\u00daltima Atualiza\u00e7\u00e3o: Quinta, 11 Janeiro 2018 10:21 O BibEAD \u00e9 um curso do Sistema Universidade Aberta do Brasil, com Projeto Pedag\u00f3gico de Curso nacional de Bacharelado em Biblioteconomia na modalidade a dist\u00e2ncia, resultado da parceria entre a Coordena\u00e7\u00e3o de Aperfei\u00e7oamento de Pessoal de N\u00edvel Superior e o Conselho Federal de &#8230; <a title=\"Curso de Bacharelado em Biblioteconomia na modalidade a Dist\u00e2ncia (BibEaD)\" class=\"read-more\" href=\"https:\/\/mundobibliotecario.com.br\/index.php\/2018\/02\/16\/curso-de-bacharelado-em-biblioteconomia-na-modalidade-a-distancia-bibead\/\" aria-label=\"Read more about Curso de Bacharelado em Biblioteconomia na modalidade a Dist\u00e2ncia (BibEaD)\">Ler mais<\/a><\/p>\n","protected":false},"author":1,"featured_media":0,"comment_status":"open","ping_status":"open","sticky":false,"template":"","format":"standard","meta":{"_mi_skip_tracking":false,"_exactmetrics_sitenote_active":false,"_exactmetrics_sitenote_note":"","_exactmetrics_sitenote_category":0,"_jetpack_newsletter_access":"","footnotes":""},"categories":[252],"tags":[833,63,834,704,705],"class_list":["post-4674","post","type-post","status-publish","format-standard","hentry","category-curso","tag-bacharelado","tag-biblioteconomia","tag-biblioteconomia-a-distancia","tag-ead","tag-educacao-a-distancia"],"jetpack_featured_media_url":"","jetpack_sharing_enabled":true,"jetpack-related-posts":[{"id":4733,"url":"https:\/\/mundobibliotecario.com.br\/index.php\/2018\/03\/27\/novo-curso-de-biblioteconomia-a-distancia-homenageia-prof-a-mariza-russo\/","url_meta":{"origin":4674,"position":0},"title":"Novo curso de biblioteconomia a dist\u00e2ncia homenageia prof.\u00aa Mariza Russo","author":"mundobibliotecario","date":"27\/03\/2018","format":false,"excerpt":"Hoje, 23, foi lan\u00e7ado o curso nacional de bacharelado em Biblioteconomia na modalidade a dist\u00e2ncia (BibEAD). Realizada no edif\u00edcio-sede da Coordena\u00e7\u00e3o de Aperfei\u00e7oamento de Pessoal de N\u00edvel Superior (CAPES), em Bras\u00edlia, a cerim\u00f4nia contou com a presen\u00e7a do presidente substituto da CAPES, prof. Geraldo Nunes, do presidente do Conselho Federal\u2026","rel":"","context":"Em &quot;Not\u00edcias&quot;","block_context":{"text":"Not\u00edcias","link":"https:\/\/mundobibliotecario.com.br\/index.php\/category\/noticias\/"},"img":{"alt_text":"","src":"https:\/\/i0.wp.com\/capes.gov.br\/images\/multithumb_thumbs\/b_600_250_16777215_00_images_stories_download_fotos_23032018-curso-biblioteconomia-0044.jpg?resize=350%2C200","width":350,"height":200},"classes":[]},{"id":2257,"url":"https:\/\/mundobibliotecario.com.br\/index.php\/2011\/10\/06\/uab-tera-comissao-tecnica-de-biblioteconomia\/","url_meta":{"origin":4674,"position":1},"title":"UAB ter\u00e1 comiss\u00e3o t\u00e9cnica de biblioteconomia","author":"mundobibliotecario","date":"06\/10\/2011","format":false,"excerpt":"Publicada por Assessoria de Imprensa da Capes Sexta, 11 de Junho de 2010 16:06 O Sistema Universidade Aberta do Brasil (UAB) ter\u00e1 uma Comiss\u00e3o T\u00e9cnica de Biblioteconomia para o acompanhamento e avalia\u00e7\u00e3o das a\u00e7\u00f5es de implanta\u00e7\u00e3o do curso de bacharelado a dist\u00e2ncia na \u00e1rea. O grupo foi institu\u00eddo pela Portaria\u2026","rel":"","context":"Em &quot;Not\u00edcias&quot;","block_context":{"text":"Not\u00edcias","link":"https:\/\/mundobibliotecario.com.br\/index.php\/category\/noticias\/"},"img":{"alt_text":"","src":"","width":0,"height":0},"classes":[]},{"id":2748,"url":"https:\/\/mundobibliotecario.com.br\/index.php\/2012\/11\/11\/ufrj-ira-desenvolver-material-didatico-para-curso-de-biblioteconomia-da-uab\/","url_meta":{"origin":4674,"position":2},"title":"UFRJ ir\u00e1 desenvolver material did\u00e1tico para curso de biblioteconomia da UAB","author":"mundobibliotecario","date":"11\/11\/2012","format":false,"excerpt":"Qua, 06 de Junho de 2012 17:21 A Coordena\u00e7\u00e3o de Aperfei\u00e7oamento de Pessoal de N\u00edvel Superior (Capes) divulga nesta quarta-feira, 6, o resultado do Edital n\u00b0 012\/2012. A Universidade Federal do Rio de Janeiro (UFRJ) foi a institui\u00e7\u00e3o escolhida para o desenvolvimento de material did\u00e1tico e de apoio ao curso\u2026","rel":"","context":"Em &quot;N\u00e3o classificado&quot;","block_context":{"text":"N\u00e3o classificado","link":"https:\/\/mundobibliotecario.com.br\/index.php\/category\/nao-classificado\/"},"img":{"alt_text":"","src":"","width":0,"height":0},"classes":[]},{"id":2530,"url":"https:\/\/mundobibliotecario.com.br\/index.php\/2012\/03\/27\/edital-apoia-projetos-para-desenvolvimento-de-cursos-de-biblioteconomia-na-modalidade-a-distancia\/","url_meta":{"origin":4674,"position":3},"title":"Edital apoia projetos para desenvolvimento de cursos de biblioteconomia na modalidade a dist\u00e2ncia","author":"mundobibliotecario","date":"27\/03\/2012","format":false,"excerpt":"Aos leitores do Mundo Bibliotec\u00e1rio, uma \u00f3tima not\u00edcia: foi dado mais um passo para a cria\u00e7\u00e3o do curso de Biblioteconomia a dist\u00e2ncia! Confiram! *** Publicada por Assessoria de Comunica\u00e7\u00e3o Social da Capes Segunda, 26 de Mar\u00e7o de 2012 12:17 A Coordena\u00e7\u00e3o de Aperfei\u00e7oamento de Pessoal de N\u00edvel Superior (Capes) divulga\u2026","rel":"","context":"Em &quot;Not\u00edcias&quot;","block_context":{"text":"Not\u00edcias","link":"https:\/\/mundobibliotecario.com.br\/index.php\/category\/noticias\/"},"img":{"alt_text":"","src":"","width":0,"height":0},"classes":[]},{"id":4731,"url":"https:\/\/mundobibliotecario.com.br\/index.php\/2018\/03\/22\/lancamento-oficial-do-bacharelado-em-biblioteconomia-a-distancia\/","url_meta":{"origin":4674,"position":4},"title":"Lan\u00e7amento oficial do Bacharelado em Biblioteconomia a dist\u00e2ncia","author":"mundobibliotecario","date":"22\/03\/2018","format":false,"excerpt":"Acontecer\u00e1 amanh\u00e3, 23 de mar\u00e7o, o lan\u00e7amento oficial do Bacharelado em Biblioteconomia, modalidade \u00e0 dist\u00e2ncia, da Capes com a Universidade Aberta do Brasil. O evento ser\u00e1 no Audit\u00f3rio Anisio Teixeira, sede da Capes, das 16h \u00e0s 19h, podendo ser acompanhado ao vivo pelo YouTube. O edital 05\/2018 torna p\u00fablico a\u2026","rel":"","context":"Em &quot;Not\u00edcias&quot;","block_context":{"text":"Not\u00edcias","link":"https:\/\/mundobibliotecario.com.br\/index.php\/category\/noticias\/"},"img":{"alt_text":"","src":"","width":0,"height":0},"classes":[]},{"id":3017,"url":"https:\/\/mundobibliotecario.com.br\/index.php\/2013\/03\/16\/bacharelado-em-biblioteconomia-a-distancia\/","url_meta":{"origin":4674,"position":5},"title":"Bacharelado em Biblioteconomia a Dist\u00e2ncia","author":"mundobibliotecario","date":"16\/03\/2013","format":false,"excerpt":"Segundo a\u00a0Coordenadoria de Aperfei\u00e7oamento de Pessoal de N\u00edvel Superior (CAPEs), o curso de Bacharelado em Biblioteconomia a Dist\u00e2ncia esta sendo desenvolvido pela\u00a0Universidade Federal do Rio de Janeiro (UFRJ)\u00a0em parceria com\u00a0Conselho Federal de Biblioteconomia (CFB)\u00a0e est\u00e1 previsto para ser ofertado, a partir do segundo semestrede 2014. Esta \u00e9 uma oportunidade para\u2026","rel":"","context":"Em &quot;Not\u00edcias&quot;","block_context":{"text":"Not\u00edcias","link":"https:\/\/mundobibliotecario.com.br\/index.php\/category\/noticias\/"},"img":{"alt_text":"","src":"","width":0,"height":0},"classes":[]}],"jetpack_likes_enabled":true,"jetpack_shortlink":"https:\/\/wp.me\/pcbzwa-1do","_links":{"self":[{"href":"https:\/\/mundobibliotecario.com.br\/index.php\/wp-json\/wp\/v2\/posts\/4674","targetHints":{"allow":["GET"]}}],"collection":[{"href":"https:\/\/mundobibliotecario.com.br\/index.php\/wp-json\/wp\/v2\/posts"}],"about":[{"href":"https:\/\/mundobibliotecario.com.br\/index.php\/wp-json\/wp\/v2\/types\/post"}],"author":[{"embeddable":true,"href":"https:\/\/mundobibliotecario.com.br\/index.php\/wp-json\/wp\/v2\/users\/1"}],"replies":[{"embeddable":true,"href":"https:\/\/mundobibliotecario.com.br\/index.php\/wp-json\/wp\/v2\/comments?post=4674"}],"version-history":[{"count":0,"href":"https:\/\/mundobibliotecario.com.br\/index.php\/wp-json\/wp\/v2\/posts\/4674\/revisions"}],"wp:attachment":[{"href":"https:\/\/mundobibliotecario.com.br\/index.php\/wp-json\/wp\/v2\/media?parent=4674"}],"wp:term":[{"taxonomy":"category","embeddable":true,"href":"https:\/\/mundobibliotecario.com.br\/index.php\/wp-json\/wp\/v2\/categories?post=4674"},{"taxonomy":"post_tag","embeddable":true,"href":"https:\/\/mundobibliotecario.com.br\/index.php\/wp-json\/wp\/v2\/tags?post=4674"}],"curies":[{"name":"wp","href":"https:\/\/api.w.org\/{rel}","templated":true}]}}