{"id":4719,"date":"2018-03-15T15:00:18","date_gmt":"2018-03-15T18:00:18","guid":{"rendered":"http:\/\/mundobibliotecario.com.br\/?p=4719"},"modified":"2020-07-21T23:25:40","modified_gmt":"2020-07-22T02:25:40","slug":"radiografia-da-autopublicacao-na-america-latina","status":"publish","type":"post","link":"https:\/\/mundobibliotecario.com.br\/index.php\/2018\/03\/15\/radiografia-da-autopublicacao-na-america-latina\/","title":{"rendered":"Radiografia da autopublica\u00e7\u00e3o na Am\u00e9rica Latina"},"content":{"rendered":"<div id=\"gt-src-c\" class=\"g-unit\">\n<div id=\"gt-src-p\">\n<div id=\"gt-src-wrap\" class=\"\"><\/div>\n<div id=\"src-translit\" class=\"translit\" dir=\"ltr\"><\/div>\n<\/div>\n<\/div>\n<div id=\"gt-res-c\" class=\"g-unit\">\n<div id=\"gt-res-p\">\n<div id=\"gt-res-data\">\n<div id=\"gt-res-wrap\">\n<div id=\"gt-res-content\">\n<div id=\"gt-res-dir-ctr\" class=\"trans-verified-button-small\" dir=\"ltr\"><span id=\"result_box\" class=\"\" lang=\"pt\"><span title=\"El surgimiento de Internet y de las nuevas tecnolog\u00edas de la informaci\u00f3n y de la comunicaci\u00f3n ha generado un fen\u00f3meno in\u00e9dito en la historia de la humanidad: cualquier persona tiene hoy la posibilidad de publicar contenido y distribuirlo instant\u00e1neamente a donde desee, sin que esto suponga un costo\"><span title=\"Surge, as\u00ed, el contenido generado por los usuarios (user generated content o ugc, por sus siglas en ingl\u00e9s) de significativa importancia en los tiempos actuales. \"><a href=\"http:\/\/mundobibliotecario.com.br\/wp-content\/uploads\/2018\/03\/38585629990_1c28ac2ef4_o_d.png\"><img loading=\"lazy\" decoding=\"async\" class=\"aligncenter size-full wp-image-4720\" src=\"http:\/\/mundobibliotecario.com.br\/wp-content\/uploads\/2018\/03\/38585629990_1c28ac2ef4_o_d.png\" alt=\"\" width=\"226\" height=\"300\" \/><\/a><\/span><\/span><\/span><\/div>\n<div dir=\"ltr\"><\/div>\n<div dir=\"ltr\" style=\"text-align:center;\"><strong style=\"text-align:center;\">Radiograf\u00eda de la autopublicaci\u00f3n en Am\u00e9rica Latina<\/strong><span style=\"text-align:center;\">. [e-Book]\u00a0 Bogot\u00e1, Cerlalc, 2018<\/span><\/div>\n<div dir=\"ltr\">\n<p style=\"text-align:center;\">Texto completo<\/p>\n<\/div>\n<div class=\"trans-verified-button-small\" dir=\"ltr\" style=\"text-align:left;\">\n<p><span id=\"result_box\" class=\"\" lang=\"pt\"><span title=\"El surgimiento de Internet y de las nuevas tecnolog\u00edas de la informaci\u00f3n y de la comunicaci\u00f3n ha generado un fen\u00f3meno in\u00e9dito en la historia de la humanidad: cualquier persona tiene hoy la posibilidad de publicar contenido y distribuirlo instant\u00e1neamente a donde desee, sin que esto suponga un costo\">O surgimento da Internet e as novas tecnologias da informa\u00e7\u00e3o e da comunica\u00e7\u00e3o geraram um fen\u00f4meno sem precedentes na hist\u00f3ria da humanidade: qualquer pessoa hoje tem a possibilidade de publicar conte\u00fado e distribu\u00ed-lo instantaneamente onde quer que ela deseje, sem que isso implique um custo\u00a0<\/span><span title=\"de alg\u00fan tipo (aparte de los recursos y conocimientos necesarios).\">de algum tipo (al\u00e9m dos recursos e conhecimentos necess\u00e1rios).\u00a0<\/span><span title=\"Con la palabra contenido se hace referencia no solo al texto escrito: desde un dispositivo m\u00f3vil es posible transmitir video en vivo, sin importar el lugar f\u00edsico del emisor, siempre que se disponga de una conexi\u00f3n a Internet.\">Com a palavra conte\u00fado se faz refer\u00eancia n\u00e3o s\u00f3 para o texto escrito: de um dispositivo m\u00f3vel \u00e9 poss\u00edvel transmitir v\u00eddeo ao vivo, independentemente da localiza\u00e7\u00e3o f\u00edsica do emissor, desde que esteja dispon\u00edvel uma conex\u00e3o \u00e0 Internet.\u00a0<\/span><span title=\"As\u00ed, hoy cualquier individuo con un tel\u00e9fono inteligente en su bolsillo, que est\u00e9 conectado a Internet, tiene posibilidades que son incluso superiores a las que ten\u00eda un estudio de televisi\u00f3n hace poco m\u00e1s de diez a\u00f1os, y con una caracter\u00edstica diferencial: pr\u00e1cticamente con un costo\">Assim, hoje, qualquer pessoa com um telefone inteligente no bolso, que est\u00e1 conectado \u00e0 Internet, tem possibilidades ainda maiores do que as de um est\u00fadio de televis\u00e3o h\u00e1 pouco mais de dez anos, e com uma caracter\u00edstica diferencial: praticamente a um custo\u00a0<\/span><span title=\"cercano a cero.\">perto de zero.\u00a0<\/span><span title=\"Surge, as\u00ed, el contenido generado por los usuarios (user generated content o ugc, por sus siglas en ingl\u00e9s) de significativa importancia en los tiempos actuales. \">Assim, surge o conte\u00fado gerado pelos usu\u00e1rios (conte\u00fado gerado pelo usu\u00e1rio ou ugc, por sua sigla em ingl\u00eas) de grande import\u00e2ncia nos tempos atuais.<\/span><\/span><\/p>\n<p><span title=\"Desde los primeros a\u00f1os en que el uso de Internet empez\u00f3 a popularizarse, algunos de sus usuarios comenzaron a crear alternativas a los medios de comunicaci\u00f3n tradicionales (diarios, revistas, radio y televisi\u00f3n) en la generaci\u00f3n de contenidos, primordialmente apoy\u00e1ndose en las herramientas que les\">Desde os primeiros anos em que o uso da Internet come\u00e7ou a se tornar popular, alguns de seus usu\u00e1rios come\u00e7aram a criar alternativas \u00e0 m\u00eddia tradicional (jornais, revistas, r\u00e1dio e televis\u00e3o) na gera\u00e7\u00e3o de conte\u00fado, baseando-se principalmente nas ferramentas que\u00a0<\/span><span title=\"brindaban los blogs.\">lhes forneceram os blogs.\u00a0<\/span><span title=\"Estas acciones se han extendido y han evolucionado hasta producir las plataformas digitales m\u00e1s exitosas de la actualidad, como Facebook, Youtube, Twitter e Instagram.\">Essas a\u00e7\u00f5es foram ampliadas e evolu\u00edram para produzir as plataformas digitais mais bem sucedidas de hoje, como Facebook, YouTube, Twitter e Instagram.\u00a0<\/span><span title=\"La estandarizaci\u00f3n del uso de dichas plataformas ha provocado una sobreabundancia de contenidos, una de las primeras consecuencias en el ecosistema digital actual, y tema al cual haremos referencia en este documento en diversas ocasiones.\">A padroniza\u00e7\u00e3o do uso dessas plataformas provocou uma superabund\u00e2ncia de conte\u00fado, uma das primeiras conseq\u00fc\u00eancias no atual ecossistema digital, e um t\u00f3pico a que nos referiremos neste documento em v\u00e1rias ocasi\u00f5es.\u00a0<\/span><span title=\"Para la muestra un dato contundente: entre los a\u00f1os 2011 y 2016 se publicaron en los Estados Unidos m\u00e1s de 800.000 libros bajo la modalidad de autopublicaci\u00f3n, lo que significa un crecimiento de un 218% solo en ese periodo.\">Para a amostra, um dado contundente: entre os anos de 2011 e 2016, mais de 800 mil livros foram publicados nos Estados Unidos sob a modalidade de auto-publica\u00e7\u00e3o, o que significa um crescimento de 218% apenas nesse per\u00edodo.\u00a0<\/span><span title=\"Los productos son libros que, en su mayor\u00eda, por su formato y forma de distribuci\u00f3n, digital o bajo impresi\u00f3n por demanda, no se agotan.\">Os produtos s\u00e3o livros que, na sua maioria, pelo formato e forma de distribui\u00e7\u00e3o, digitais ou sob impress\u00e3o sob demanda, n\u00e3o est\u00e3o esgotados.<\/span><\/p>\n<\/div>\n<\/div>\n<\/div>\n<\/div>\n<\/div>\n<\/div>\n<div dir=\"ltr\" style=\"text-align:left;\"><\/div>\n<div dir=\"ltr\">Texto original dispon\u00edvel no site <a href=\"https:\/\/universoabierto.org\/2018\/02\/21\/radiografia-de-la-autopublicacion-en-america-latina\/\">https:\/\/universoabierto.org\/2018\/02\/21\/radiografia-de-la-autopublicacion-en-america-latina\/<\/a> e traduzido em 15 mar. 2018.<\/div>\n","protected":false},"excerpt":{"rendered":"<p>Radiograf\u00eda de la autopublicaci\u00f3n en Am\u00e9rica Latina. [e-Book]\u00a0 Bogot\u00e1, Cerlalc, 2018 Texto completo O surgimento da Internet e as novas tecnologias da informa\u00e7\u00e3o e da comunica\u00e7\u00e3o geraram um fen\u00f4meno sem precedentes na hist\u00f3ria da humanidade: qualquer pessoa hoje tem a possibilidade de publicar conte\u00fado e distribu\u00ed-lo instantaneamente onde quer que ela deseje, sem que isso &#8230; <a title=\"Radiografia da autopublica\u00e7\u00e3o na Am\u00e9rica Latina\" class=\"read-more\" href=\"https:\/\/mundobibliotecario.com.br\/index.php\/2018\/03\/15\/radiografia-da-autopublicacao-na-america-latina\/\" aria-label=\"Read more about Radiografia da autopublica\u00e7\u00e3o na Am\u00e9rica Latina\">Ler mais<\/a><\/p>\n","protected":false},"author":1,"featured_media":0,"comment_status":"open","ping_status":"open","sticky":false,"template":"","format":"standard","meta":{"_mi_skip_tracking":false,"_exactmetrics_sitenote_active":false,"_exactmetrics_sitenote_note":"","_exactmetrics_sitenote_category":0,"_jetpack_newsletter_access":"","footnotes":""},"categories":[60],"tags":[1340,1363,1429],"class_list":["post-4719","post","type-post","status-publish","format-standard","hentry","category-noticias","tag-america-latina","tag-autopublicacao","tag-cerlalc"],"jetpack_featured_media_url":"","jetpack_sharing_enabled":true,"jetpack-related-posts":[{"id":9557,"url":"https:\/\/mundobibliotecario.com.br\/index.php\/2021\/10\/27\/radiografia-do-setor-editorial-na-america-latina-o-cenario-deixado-pela-pandemia\/","url_meta":{"origin":4719,"position":0},"title":"Radiografia do setor editorial na Am\u00e9rica Latina: o cen\u00e1rio deixado pela pandemia","author":"mundobibliotecario","date":"27\/10\/2021","format":false,"excerpt":"Buenos Aires, a cidade com mais livrarias por habitante (Franco Fafasuli) Reportagem dirigida pela pesquisadora Gabriela Adamo analisa a situa\u00e7\u00e3o atual do mercado editorial na regi\u00e3o.\u00a0O papel do setor independente, precariedade, desigualdade competitiva com a Espanha e a import\u00e2ncia das feiras, entre outros temasPara conhecer as caracter\u00edsticas gerais do sistema\u2026","rel":"","context":"Em &quot;Not\u00edcias&quot;","block_context":{"text":"Not\u00edcias","link":"https:\/\/mundobibliotecario.com.br\/index.php\/category\/noticias\/"},"img":{"alt_text":"","src":"https:\/\/i0.wp.com\/mundobibliotecario.com.br\/wp-content\/uploads\/2021\/10\/livraria.jpg?resize=350%2C200&ssl=1","width":350,"height":200},"classes":[]},{"id":478,"url":"https:\/\/mundobibliotecario.com.br\/index.php\/2009\/03\/15\/cerlalc-promove-3%c2%ba-congreso-iberoamericano-de-libreros\/","url_meta":{"origin":4719,"position":1},"title":"CERLALC promove 3\u00ba Congreso Iberoamericano de Libreros","author":"mundobibliotecario","date":"15\/03\/2009","format":false,"excerpt":"O Centro Regional para El Fomento Del Libro En America Latina e el Caribe (CERLALC) ir\u00e1 promover, dos dias 18 a 20 de abril, o terceiro Congreso Iberoamericano de Libreros, em Buenos Aires, Argentina. Com o tema El Futuro de Un Oficio, o congresso ter\u00e1 como foco as mudan\u00e7as que\u2026","rel":"","context":"Em &quot;Eventos&quot;","block_context":{"text":"Eventos","link":"https:\/\/mundobibliotecario.com.br\/index.php\/category\/eventos\/"},"img":{"alt_text":"","src":"","width":0,"height":0},"classes":[]},{"id":1202,"url":"https:\/\/mundobibliotecario.com.br\/index.php\/2010\/04\/09\/inauguracao-do-acervo-historico-nhonho-magalhaes-acontece-na-proxima-semana-no-cech\/","url_meta":{"origin":4719,"position":2},"title":"Inaugura\u00e7\u00e3o do acervo hist\u00f3rico &#8220;Nhonh\u00f4&#8221; Magalh\u00e3es acontece na pr\u00f3xima semana no CECH","author":"mundobibliotecario","date":"09\/04\/2010","format":false,"excerpt":"Na pr\u00f3xima ter\u00e7a-feira, dia 13 de abri (sic), a Unidade Especial de Informa\u00e7\u00e3o e Mem\u00f3ria (UEIM) da UFSCar apresenta a cole\u00e7\u00e3o do Fundo \"Nhonh\u00f4\" Magalh\u00e3es. O acervo concentra diversos documentos do empres\u00e1rio, fazendeiro e l\u00edder agr\u00edcola e empresarial Carlos Le\u00f4ncio Magalh\u00e3es, tamb\u00e9m conhecido como \"Nhonh\u00f4\" Magalh\u00e3es. O projeto de restaura\u00e7\u00e3o\u2026","rel":"","context":"Em &quot;Not\u00edcias&quot;","block_context":{"text":"Not\u00edcias","link":"https:\/\/mundobibliotecario.com.br\/index.php\/category\/noticias\/"},"img":{"alt_text":"","src":"","width":0,"height":0},"classes":[]},{"id":1149,"url":"https:\/\/mundobibliotecario.com.br\/index.php\/2010\/03\/05\/fundo-dvh-para-bibliotecario-escolar\/","url_meta":{"origin":4719,"position":3},"title":"Fundo DVH para bibliotec\u00e1rio escolar","author":"mundobibliotecario","date":"05\/03\/2010","format":false,"excerpt":"ORIGEM O Fundo foi criado em 2009 com a finalidade de aumentar as oportunidades para que jovens bibliotec\u00e1rios(as) brasileiros(as) possam participar ativamente de f\u00f3runs internacionais sobre biblioteca escolar, especialmente da International Association of School Librarianship (IASL). O Fundo consiste em um pr\u00eamio para possibilitar que jovens bibliotec\u00e1rios (as), que trabalhem\u2026","rel":"","context":"Em &quot;Not\u00edcias&quot;","block_context":{"text":"Not\u00edcias","link":"https:\/\/mundobibliotecario.com.br\/index.php\/category\/noticias\/"},"img":{"alt_text":"","src":"","width":0,"height":0},"classes":[]},{"id":4849,"url":"https:\/\/mundobibliotecario.com.br\/index.php\/2010\/04\/09\/inauguracao-do-acervo-historico-nhonho-magalhaes-acontece-na-proxima-semana-no-cech-2\/","url_meta":{"origin":4719,"position":4},"title":"Inaugura\u00e7\u00e3o do acervo hist\u00f3rico &quot;Nhonh\u00f4&quot; Magalh\u00e3es acontece na pr\u00f3xima semana no CECH","author":"mundobibliotecario","date":"09\/04\/2010","format":false,"excerpt":"Na pr\u00f3xima ter\u00e7a-feira, dia 13 de abri (sic), a Unidade Especial de Informa\u00e7\u00e3o e Mem\u00f3ria (UEIM) da UFSCar apresenta a cole\u00e7\u00e3o do Fundo \"Nhonh\u00f4\" Magalh\u00e3es. O acervo concentra diversos documentos do empres\u00e1rio, fazendeiro e l\u00edder agr\u00edcola e empresarial Carlos Le\u00f4ncio Magalh\u00e3es, tamb\u00e9m conhecido como \"Nhonh\u00f4\" Magalh\u00e3es. O projeto de restaura\u00e7\u00e3o\u2026","rel":"","context":"Em &quot;Not\u00edcias&quot;","block_context":{"text":"Not\u00edcias","link":"https:\/\/mundobibliotecario.com.br\/index.php\/category\/noticias\/"},"img":{"alt_text":"","src":"","width":0,"height":0},"classes":[]},{"id":4850,"url":"https:\/\/mundobibliotecario.com.br\/index.php\/2010\/04\/09\/inauguracao-do-acervo-historico-nhonho-magalhaes-acontece-na-proxima-semana-no-cech-2-2\/","url_meta":{"origin":4719,"position":5},"title":"Inaugura\u00e7\u00e3o do acervo hist\u00f3rico &#034;Nhonh\u00f4&#034; Magalh\u00e3es acontece na pr\u00f3xima semana no CECH","author":"mundobibliotecario","date":"09\/04\/2010","format":false,"excerpt":"Na pr\u00f3xima ter\u00e7a-feira, dia 13 de abri (sic), a Unidade Especial de Informa\u00e7\u00e3o e Mem\u00f3ria (UEIM) da UFSCar apresenta a cole\u00e7\u00e3o do Fundo \"Nhonh\u00f4\" Magalh\u00e3es. O acervo concentra diversos documentos do empres\u00e1rio, fazendeiro e l\u00edder agr\u00edcola e empresarial Carlos Le\u00f4ncio Magalh\u00e3es, tamb\u00e9m conhecido como \"Nhonh\u00f4\" Magalh\u00e3es. O projeto de restaura\u00e7\u00e3o\u2026","rel":"","context":"Em &quot;Not\u00edcias&quot;","block_context":{"text":"Not\u00edcias","link":"https:\/\/mundobibliotecario.com.br\/index.php\/category\/noticias\/"},"img":{"alt_text":"","src":"","width":0,"height":0},"classes":[]}],"jetpack_likes_enabled":true,"jetpack_shortlink":"https:\/\/wp.me\/pcbzwa-1e7","_links":{"self":[{"href":"https:\/\/mundobibliotecario.com.br\/index.php\/wp-json\/wp\/v2\/posts\/4719","targetHints":{"allow":["GET"]}}],"collection":[{"href":"https:\/\/mundobibliotecario.com.br\/index.php\/wp-json\/wp\/v2\/posts"}],"about":[{"href":"https:\/\/mundobibliotecario.com.br\/index.php\/wp-json\/wp\/v2\/types\/post"}],"author":[{"embeddable":true,"href":"https:\/\/mundobibliotecario.com.br\/index.php\/wp-json\/wp\/v2\/users\/1"}],"replies":[{"embeddable":true,"href":"https:\/\/mundobibliotecario.com.br\/index.php\/wp-json\/wp\/v2\/comments?post=4719"}],"version-history":[{"count":1,"href":"https:\/\/mundobibliotecario.com.br\/index.php\/wp-json\/wp\/v2\/posts\/4719\/revisions"}],"predecessor-version":[{"id":6737,"href":"https:\/\/mundobibliotecario.com.br\/index.php\/wp-json\/wp\/v2\/posts\/4719\/revisions\/6737"}],"wp:attachment":[{"href":"https:\/\/mundobibliotecario.com.br\/index.php\/wp-json\/wp\/v2\/media?parent=4719"}],"wp:term":[{"taxonomy":"category","embeddable":true,"href":"https:\/\/mundobibliotecario.com.br\/index.php\/wp-json\/wp\/v2\/categories?post=4719"},{"taxonomy":"post_tag","embeddable":true,"href":"https:\/\/mundobibliotecario.com.br\/index.php\/wp-json\/wp\/v2\/tags?post=4719"}],"curies":[{"name":"wp","href":"https:\/\/api.w.org\/{rel}","templated":true}]}}