{"id":4723,"date":"2018-03-19T15:00:25","date_gmt":"2018-03-19T18:00:25","guid":{"rendered":"http:\/\/mundobibliotecario.com.br\/?p=4723"},"modified":"2020-07-21T23:54:20","modified_gmt":"2020-07-22T02:54:20","slug":"3-passos-simples-para-trabalhar-com-biblioterapia","status":"publish","type":"post","link":"https:\/\/mundobibliotecario.com.br\/index.php\/2018\/03\/19\/3-passos-simples-para-trabalhar-com-biblioterapia\/","title":{"rendered":"3 passos simples para trabalhar com biblioterapia"},"content":{"rendered":"<p>A biblioterapia \u00e9, basicamente, um tratamento terap\u00eautico por meio de livros. Pode ser oferecida em hospitais, asilos, penitenci\u00e1rias e outros ambientes, al\u00e9m de atender diferentes p\u00fablicos, tais como pessoas com defici\u00eancia f\u00edsica, doentes cr\u00f4nicos e dependentes, segundo informa\u00e7\u00f5es do <a href=\"https:\/\/www.nexojornal.com.br\/expresso\/2017\/03\/28\/Como-funciona-a-biblioterapia-uma-tentativa-de-cura-pela-leitura\" target=\"_blank\" rel=\"noopener noreferrer\">Nexo Jornal<\/a>.<\/p>\n<p>Se voc\u00ea quer saber como pode se especializar em biblioterapia, veja 3 dicas para atuar nessa \u00e1rea!<!--more--><br \/>\n<a href=\"http:\/\/mundobibliotecario.com.br\/wp-content\/uploads\/2018\/03\/20161122-bibliother.jpg\"><img loading=\"lazy\" decoding=\"async\" class=\"aligncenter size-full wp-image-4724\" src=\"http:\/\/mundobibliotecario.com.br\/wp-content\/uploads\/2018\/03\/20161122-bibliother.jpg\" alt=\"\" width=\"500\" height=\"333\" srcset=\"https:\/\/mundobibliotecario.com.br\/wp-content\/uploads\/2018\/03\/20161122-bibliother.jpg 618w, https:\/\/mundobibliotecario.com.br\/wp-content\/uploads\/2018\/03\/20161122-bibliother-300x200.jpg 300w\" sizes=\"auto, (max-width: 500px) 100vw, 500px\" \/><\/a>Fonte:\u00a0<a href=\"http:\/\/blog.lubans.org\/index.php?itemid=2929\" target=\"_blank\" rel=\"noopener noreferrer\">http:\/\/blog.lubans.org\/index.php?itemid=2929<\/a><\/p>\n<h3><\/h3>\n<h3>Dica 1: Leia livros sobre biblioterapia<\/h3>\n<p>O bibliotec\u00e1rio que deseja atuar como biblioterapeuta pode iniciar seus estudos com a leitura de livros, tais como:<\/p>\n<ul>\n<li>Biblioterapia, de Marc-Alain Ouaknin<\/li>\n<li>Biblioterapia, de Ana L\u00eddia Sobrinho Rudakoff<\/li>\n<li>Biblioterapia: um cuidado com o ser, de Clarice Fortkamp Caldin<\/li>\n<li>Farm\u00e1cia liter\u00e1ria: mais de 400 livros para curar males diversos, de depress\u00e3o e dor de cabela a cora\u00e7\u00e3o partido, de Ella Berthoud e Susan Elderkin<\/li>\n<li>A literatura como rem\u00e9dio, de Dante Gallian<\/li>\n<li>Biblioterapia, de Marilia M. Guedes Pereira<\/li>\n<\/ul>\n<h3>Dica 2: Visite sites de biblioterapeutas<\/h3>\n<p>Biblioterapeutas possuem sites que anunciam os servi\u00e7os que oferecem e alguns publicam tamb\u00e9m os valores das sess\u00f5es. Alguns deles s\u00e3o:<\/p>\n<ul>\n<li><a href=\"https:\/\/abiblioterapeuta.com\/\" target=\"_blank\" rel=\"noopener noreferrer\">A Biblioterapeuta<\/a>, de Sandra Bar\u00e3o Nobre<\/li>\n<li>C\u00e9sar Ferreira, Reading Coach e Biblioterapeuta<\/li>\n<li>Clara Haddad, Escritora, Consultoria e Storytelling Coaching<\/li>\n<\/ul>\n<h3>Dica 3: Fa\u00e7a cursos sobre biblioterapia<\/h3>\n<p>A internet facilitou muito a capacita\u00e7\u00e3o, pois a partir dela \u00e9 poss\u00edvel fazer cursos de praticamente qualquer assunto. Com a biblioterapia n\u00e3o \u00e9 diferente: atualmente j\u00e1 existem cursos online sobre biblioterapia!<\/p>\n<p>Um deles \u00e9 o Programa Livroterapia, que ensina <strong>5 passos para viver de biblioterapia<\/strong>. O curso \u00e9 oferecido pelo Observat\u00f3rio do Livro e da Leitura e possui aulas online, e-books e outros conte\u00fados, al\u00e9m de tr\u00eas b\u00f4nus incr\u00edveis!<\/p>\n<p>As informa\u00e7\u00f5es completas sobre podem ser acessadas no site do curso Programa Livroterapia.<\/p>\n","protected":false},"excerpt":{"rendered":"<p>A biblioterapia \u00e9, basicamente, um tratamento terap\u00eautico por meio de livros. Pode ser oferecida em hospitais, asilos, penitenci\u00e1rias e outros ambientes, al\u00e9m de atender diferentes p\u00fablicos, tais como pessoas com defici\u00eancia f\u00edsica, doentes cr\u00f4nicos e dependentes, segundo informa\u00e7\u00f5es do Nexo Jornal. Se voc\u00ea quer saber como pode se especializar em biblioterapia, veja 3 dicas para &#8230; <a title=\"3 passos simples para trabalhar com biblioterapia\" class=\"read-more\" href=\"https:\/\/mundobibliotecario.com.br\/index.php\/2018\/03\/19\/3-passos-simples-para-trabalhar-com-biblioterapia\/\" aria-label=\"Read more about 3 passos simples para trabalhar com biblioterapia\">Ler mais<\/a><\/p>\n","protected":false},"author":1,"featured_media":0,"comment_status":"open","ping_status":"open","sticky":false,"template":"","format":"standard","meta":{"_mi_skip_tracking":false,"_exactmetrics_sitenote_active":false,"_exactmetrics_sitenote_note":"","_exactmetrics_sitenote_category":0,"_jetpack_newsletter_access":"","footnotes":""},"categories":[252],"tags":[609,556,1645,1696],"class_list":["post-4723","post","type-post","status-publish","format-standard","hentry","category-curso","tag-biblioterapia","tag-curso-2","tag-observatorio-do-livro-e-da-leitura","tag-programa-livroterapia"],"jetpack_featured_media_url":"","jetpack_sharing_enabled":true,"jetpack-related-posts":[{"id":5280,"url":"https:\/\/mundobibliotecario.com.br\/index.php\/2019\/09\/09\/entrevista-com-carla-sousa-criadora-do-curso-online-desvendando-a-biblioterapia\/","url_meta":{"origin":4723,"position":0},"title":"Entrevista com Carla Sousa, criadora do curso Desvendando a Biblioterapia","author":"mundobibliotecario","date":"09\/09\/2019","format":false,"excerpt":"O Mundo Bibliotec\u00e1rio entrevistou Carla Sousa, criadora do curso Desvendando a Biblioterapia. Confira! *** Quando e como foi o seu primeiro contato com a Biblioterapia? Eu descobri a Biblioterapia durante o curso de Biblioteconomia na Universidade Federal de Sergipe. Certa vez, uma professora comentou por alto sobre esse termo e\u2026","rel":"","context":"Em &quot;Curso&quot;","block_context":{"text":"Curso","link":"https:\/\/mundobibliotecario.com.br\/index.php\/category\/curso\/"},"img":{"alt_text":"","src":"https:\/\/i0.wp.com\/mundobibliotecario.com.br\/wp-content\/uploads\/2019\/09\/img_5781.jpg?resize=350%2C200","width":350,"height":200},"classes":[]},{"id":4795,"url":"https:\/\/mundobibliotecario.com.br\/index.php\/2018\/06\/18\/conheca-a-biblioterapia-e-como-a-leitura-pode-combater-a-ansiedade\/","url_meta":{"origin":4723,"position":1},"title":"Conhe\u00e7a a biblioterapia e como a leitura pode combater a ansiedade","author":"mundobibliotecario","date":"18\/06\/2018","format":false,"excerpt":"Muitos recorrem \u00e0 leitura para desligar-se do mundo real e conhecer outros universos, mas o que a maioria dos \u201cdevoradores de livros\u201d n\u00e3o sabe, \u00e9 que a fun\u00e7\u00e3o da leitura vai muito al\u00e9m do deleite pessoal. Isso porque, hoje em dia, a pr\u00e1tica liter\u00e1ria j\u00e1 \u00e9 utilizada no tratamento de\u2026","rel":"","context":"Em &quot;Not\u00edcias&quot;","block_context":{"text":"Not\u00edcias","link":"https:\/\/mundobibliotecario.com.br\/index.php\/category\/noticias\/"},"img":{"alt_text":"A coordenadora de eventos Regiane Rossini conta que superou problemas pessoais com a pr\u00c3\u00a1tica da leitura (Foto: Rui Carlos)","src":"https:\/\/i0.wp.com\/www.jj.com.br\/arquivos\/2018\/06\/T_RC1813285.jpg?resize=350%2C200","width":350,"height":200},"classes":[]},{"id":2825,"url":"https:\/\/mundobibliotecario.com.br\/index.php\/2013\/01\/29\/biblioterapia-em-hospitais-do-sus\/","url_meta":{"origin":4723,"position":2},"title":"Biblioterapia em hospitais do SUS","author":"mundobibliotecario","date":"29\/01\/2013","format":false,"excerpt":"A C\u00e2mara dos Deputados analisa proposta que estabelece o uso da biblioterapia, ou seja, a terapia por meio da leitura, nos hospitais p\u00fablicos e naqueles contratados ou conveniados pelo Sistema \u00danico de Sa\u00fade (SUS). A medida est\u00e1 prevista no Projeto de Lei 4186\/12, do deputado Giovani Cherini (PDT-RS). Acompanhe a\u2026","rel":"","context":"Em &quot;Not\u00edcias&quot;","block_context":{"text":"Not\u00edcias","link":"https:\/\/mundobibliotecario.com.br\/index.php\/category\/noticias\/"},"img":{"alt_text":"","src":"","width":0,"height":0},"classes":[]},{"id":2896,"url":"https:\/\/mundobibliotecario.com.br\/index.php\/2013\/02\/18\/o-poder-medicinal-da-literatura-a-prescricao-de-livros-comeca-a-ser-introduzida\/","url_meta":{"origin":4723,"position":3},"title":"O poder medicinal da literatura: a prescri\u00e7\u00e3o de livros come\u00e7a a ser introduzida","author":"mundobibliotecario","date":"18\/02\/2013","format":false,"excerpt":"As pessoas que consultam o GP local sobre quest\u00f5es de sa\u00fade mental podem achar uma receita escrita surpreendente, resgatadas na biblioteca local, em vez de uma farm\u00e1cia. O texto completo\u00a0dessa curiosa not\u00edcia sobre biblioterapia, cujo primeiro par\u00e1grafo foi traduzido , pode ser acessada na \u00a0\u00edntegra em The medicinal power of\u2026","rel":"","context":"Em &quot;Not\u00edcias&quot;","block_context":{"text":"Not\u00edcias","link":"https:\/\/mundobibliotecario.com.br\/index.php\/category\/noticias\/"},"img":{"alt_text":"","src":"","width":0,"height":0},"classes":[]},{"id":4989,"url":"https:\/\/mundobibliotecario.com.br\/index.php\/2018\/08\/21\/o-que-ler-sobre-biblioterapia\/","url_meta":{"origin":4723,"position":4},"title":"O que ler sobre biblioterapia?","author":"mundobibliotecario","date":"21\/08\/2018","format":false,"excerpt":"A literatura como rem\u00e9dio - Dante Gallian N\u00e3o h\u00e1 d\u00favida de que a leitura dos grandes cl\u00e1ssicos da literatura universal seja um meio privilegiado para o nosso desenvolvimento intelectual e cultural. Mas e se nos dissessem que, al\u00e9m disso, esta leitura pode nos curar de muitas doen\u00e7as da alma? Baseado\u2026","rel":"","context":"Em &quot;Not\u00edcias&quot;","block_context":{"text":"Not\u00edcias","link":"https:\/\/mundobibliotecario.com.br\/index.php\/category\/noticias\/"},"img":{"alt_text":"","src":"","width":0,"height":0},"classes":[]},{"id":1386,"url":"https:\/\/mundobibliotecario.com.br\/index.php\/2010\/07\/26\/anjos-do-livro\/","url_meta":{"origin":4723,"position":5},"title":"Anjos do livro","author":"mundobibliotecario","date":"26\/07\/2010","format":false,"excerpt":"por Leandro Sarmatz Confesso: houve um tempo turbulento em que a leitura dos contos de Tchekov fazia parte das noites insones. Abria-se uma janela, e aquilo que parecia horr\u00edvel acabava ficando apenas ruinzinho na manh\u00e3 seguinte. Foi por acreditar nesse princ\u00edpio ler \u00e9 um rem\u00e9dio que as brit\u00e2nicas Susan Elderkin\u2026","rel":"","context":"Em &quot;Not\u00edcias&quot;","block_context":{"text":"Not\u00edcias","link":"https:\/\/mundobibliotecario.com.br\/index.php\/category\/noticias\/"},"img":{"alt_text":"","src":"","width":0,"height":0},"classes":[]}],"jetpack_likes_enabled":true,"jetpack_shortlink":"https:\/\/wp.me\/pcbzwa-1eb","_links":{"self":[{"href":"https:\/\/mundobibliotecario.com.br\/index.php\/wp-json\/wp\/v2\/posts\/4723","targetHints":{"allow":["GET"]}}],"collection":[{"href":"https:\/\/mundobibliotecario.com.br\/index.php\/wp-json\/wp\/v2\/posts"}],"about":[{"href":"https:\/\/mundobibliotecario.com.br\/index.php\/wp-json\/wp\/v2\/types\/post"}],"author":[{"embeddable":true,"href":"https:\/\/mundobibliotecario.com.br\/index.php\/wp-json\/wp\/v2\/users\/1"}],"replies":[{"embeddable":true,"href":"https:\/\/mundobibliotecario.com.br\/index.php\/wp-json\/wp\/v2\/comments?post=4723"}],"version-history":[{"count":3,"href":"https:\/\/mundobibliotecario.com.br\/index.php\/wp-json\/wp\/v2\/posts\/4723\/revisions"}],"predecessor-version":[{"id":7230,"href":"https:\/\/mundobibliotecario.com.br\/index.php\/wp-json\/wp\/v2\/posts\/4723\/revisions\/7230"}],"wp:attachment":[{"href":"https:\/\/mundobibliotecario.com.br\/index.php\/wp-json\/wp\/v2\/media?parent=4723"}],"wp:term":[{"taxonomy":"category","embeddable":true,"href":"https:\/\/mundobibliotecario.com.br\/index.php\/wp-json\/wp\/v2\/categories?post=4723"},{"taxonomy":"post_tag","embeddable":true,"href":"https:\/\/mundobibliotecario.com.br\/index.php\/wp-json\/wp\/v2\/tags?post=4723"}],"curies":[{"name":"wp","href":"https:\/\/api.w.org\/{rel}","templated":true}]}}