{"id":4735,"date":"2018-04-02T15:00:43","date_gmt":"2018-04-02T18:00:43","guid":{"rendered":"http:\/\/mundobibliotecario.com.br\/?p=4735"},"modified":"2018-04-02T15:00:43","modified_gmt":"2018-04-02T18:00:43","slug":"lancamento-do-curso-nacional-de-biblioteconomia-na-modalidade-a-distancia-bibead","status":"publish","type":"post","link":"https:\/\/mundobibliotecario.com.br\/index.php\/2018\/04\/02\/lancamento-do-curso-nacional-de-biblioteconomia-na-modalidade-a-distancia-bibead\/","title":{"rendered":"Lan\u00e7amento do curso Nacional de Biblioteconomia na modalidade \u00e0 dist\u00e2ncia (BibEaD)"},"content":{"rendered":"<p>http:\/\/www.youtube.com\/watch?v=K8XZevNDadw<\/p>\n","protected":false},"excerpt":{"rendered":"<p>http:\/\/www.youtube.com\/watch?v=K8XZevNDadw<\/p>\n","protected":false},"author":1,"featured_media":0,"comment_status":"open","ping_status":"open","sticky":false,"template":"","format":"standard","meta":{"_mi_skip_tracking":false,"_exactmetrics_sitenote_active":false,"_exactmetrics_sitenote_note":"","_exactmetrics_sitenote_category":0,"_jetpack_newsletter_access":"","footnotes":""},"categories":[60],"tags":[834,1394,1006,836,1797],"class_list":["post-4735","post","type-post","status-publish","format-standard","hentry","category-noticias","tag-biblioteconomia-a-distancia","tag-biblioteconomia-ead","tag-curso-de-biblioteconomia-a-distancia","tag-uab","tag-universidade-aberta-do-brasil"],"jetpack_featured_media_url":"","jetpack_sharing_enabled":true,"jetpack-related-posts":[{"id":4935,"url":"https:\/\/mundobibliotecario.com.br\/index.php\/2015\/12\/21\/unochapeco-sugestao-de-novos-polos-para-o-curso-de-biblioteconomia-a-distancia\/","url_meta":{"origin":4735,"position":0},"title":"Unochapec\u00f3 &#8211; sugest\u00e3o de novos p\u00f3los para o curso de Biblioteconomia \u00e0 dist\u00e2ncia","author":"mundobibliotecario","date":"21\/12\/2015","format":false,"excerpt":"Contribui\u00e7\u00e3o de Fernanda *** Devido a grande procura do curso de Biblioteconomia na modalidade a distancia , deixo aqui o formul\u00e1rio que a Unochapec\u00f3 em Santa Catarina esta disponibilizando, com a sugest\u00e3o de outros P\u00f3los. Vale a pena dar uma sugest\u00e3o. https:\/\/docs.google.com\/forms\/d\/19FMktYRyhLGLQ1ih-6kEt0vkSEu7CN7uD6kSzKR0dsY\/viewform","rel":"","context":"Em &quot;Curso&quot;","block_context":{"text":"Curso","link":"https:\/\/mundobibliotecario.com.br\/index.php\/category\/curso\/"},"img":{"alt_text":"","src":"","width":0,"height":0},"classes":[]},{"id":8735,"url":"https:\/\/mundobibliotecario.com.br\/index.php\/2021\/04\/19\/unirio-e-uff-se-unem-para-oferecer-o-curso-de-biblioteconomia-a-distancia\/","url_meta":{"origin":4735,"position":1},"title":"UNIRIO e UFF se unem para oferecer o curso de Biblioteconomia a dist\u00e2ncia","author":"mundobibliotecario","date":"19\/04\/2021","format":false,"excerpt":"Na \u00faltima semana o Santa Biblioteconomia publicou no seu Instagram uma not\u00edcia muito boa sobre o novo curso EAD de Biblioteconomia. Confira o texto reproduzido do Instagram do Santa Biblioteconomia! Nada ser\u00e1 como antes...E o informativo da Unirio de mar\u00e7o\/abril trouxe como destaque o novo curso na modalidade EAD para\u2026","rel":"","context":"Em &quot;Curso&quot;","block_context":{"text":"Curso","link":"https:\/\/mundobibliotecario.com.br\/index.php\/category\/curso\/"},"img":{"alt_text":"biblioteconomia ead","src":"https:\/\/i0.wp.com\/mundobibliotecario.com.br\/wp-content\/uploads\/2021\/04\/biblioteconomia-ead.png?resize=350%2C200&ssl=1","width":350,"height":200},"classes":[]},{"id":5500,"url":"https:\/\/mundobibliotecario.com.br\/index.php\/2020\/03\/11\/se-voce-quer-cursar-biblioteconomia-a-distancia-leia-este-artigo-ate-o-final\/","url_meta":{"origin":4735,"position":2},"title":"Se voc\u00ea quer cursar Biblioteconomia a dist\u00e2ncia, leia este artigo at\u00e9 o final","author":"mundobibliotecario","date":"11\/03\/2020","format":false,"excerpt":"Voc\u00ea \u00e9 auxiliar de biblioteca? T\u00e9cnico de biblioteca? Se voc\u00ea \u00e9 (ou n\u00e3o!) auxiliar ou t\u00e9cnico de biblioteca, mas deseja ser bibliotec\u00e1rio, voc\u00ea pode se tornar um dentro da sua casa. Explico. Com o crescimento da educa\u00e7\u00e3o a dist\u00e2ncia no Brasil, muitos cursos passaram a ser oferecidos nessa modalidade, inclusive\u2026","rel":"","context":"Em &quot;Not\u00edcias&quot;","block_context":{"text":"Not\u00edcias","link":"https:\/\/mundobibliotecario.com.br\/index.php\/category\/noticias\/"},"img":{"alt_text":"","src":"","width":0,"height":0},"classes":[]},{"id":3017,"url":"https:\/\/mundobibliotecario.com.br\/index.php\/2013\/03\/16\/bacharelado-em-biblioteconomia-a-distancia\/","url_meta":{"origin":4735,"position":3},"title":"Bacharelado em Biblioteconomia a Dist\u00e2ncia","author":"mundobibliotecario","date":"16\/03\/2013","format":false,"excerpt":"Segundo a\u00a0Coordenadoria de Aperfei\u00e7oamento de Pessoal de N\u00edvel Superior (CAPEs), o curso de Bacharelado em Biblioteconomia a Dist\u00e2ncia esta sendo desenvolvido pela\u00a0Universidade Federal do Rio de Janeiro (UFRJ)\u00a0em parceria com\u00a0Conselho Federal de Biblioteconomia (CFB)\u00a0e est\u00e1 previsto para ser ofertado, a partir do segundo semestrede 2014. Esta \u00e9 uma oportunidade para\u2026","rel":"","context":"Em &quot;Not\u00edcias&quot;","block_context":{"text":"Not\u00edcias","link":"https:\/\/mundobibliotecario.com.br\/index.php\/category\/noticias\/"},"img":{"alt_text":"","src":"","width":0,"height":0},"classes":[]},{"id":1759,"url":"https:\/\/mundobibliotecario.com.br\/index.php\/2011\/02\/17\/cursos-de-biblioteconomia-a-distancia-estao-proximos-de-serem-uma-realidade\/","url_meta":{"origin":4735,"position":4},"title":"Cursos de biblioteconomia a dist\u00e2ncia est\u00e3o pr\u00f3ximos de serem uma realidade","author":"mundobibliotecario","date":"17\/02\/2011","format":false,"excerpt":"O t\u00edtulo deste post na realidade \u00e9 um tweet do Alexandre Berbe, do blog Web Librarian. Vale a pena conferir o link que ele postou, \u00e9 um boletim eletr\u00f4nico do CFB\u00a0sobre o assunto!","rel":"","context":"Em &quot;Not\u00edcias&quot;","block_context":{"text":"Not\u00edcias","link":"https:\/\/mundobibliotecario.com.br\/index.php\/category\/noticias\/"},"img":{"alt_text":"","src":"","width":0,"height":0},"classes":[]},{"id":3568,"url":"https:\/\/mundobibliotecario.com.br\/index.php\/2014\/08\/30\/projeto-pedagogico-do-curso-de-biblioteconomia-ead\/","url_meta":{"origin":4735,"position":5},"title":"Projeto pedag\u00f3gico do curso de Biblioteconomia EaD","author":"mundobibliotecario","date":"30\/08\/2014","format":false,"excerpt":"Segue mensagem divulgada pela Prof\u00aa Daniela Spudeit no Facebook sobre o projeto pedag\u00f3gico do curso de Biblioteconomia a dist\u00e2ncia. *** Ol\u00e1, agora que est\u00e1 dispon\u00edvel ao p\u00fablico, divulgo com muito prazer o projeto pedag\u00f3gico do curso de gradua\u00e7\u00e3o em Biblioteconomia na modalidade a dist\u00e2ncia que est\u00e1 sendo organizado pela CAPES\/CFB\/UFRJ\u2026","rel":"","context":"Em &quot;Not\u00edcias&quot;","block_context":{"text":"Not\u00edcias","link":"https:\/\/mundobibliotecario.com.br\/index.php\/category\/noticias\/"},"img":{"alt_text":"","src":"","width":0,"height":0},"classes":[]}],"jetpack_likes_enabled":true,"jetpack_shortlink":"https:\/\/wp.me\/pcbzwa-1en","_links":{"self":[{"href":"https:\/\/mundobibliotecario.com.br\/index.php\/wp-json\/wp\/v2\/posts\/4735","targetHints":{"allow":["GET"]}}],"collection":[{"href":"https:\/\/mundobibliotecario.com.br\/index.php\/wp-json\/wp\/v2\/posts"}],"about":[{"href":"https:\/\/mundobibliotecario.com.br\/index.php\/wp-json\/wp\/v2\/types\/post"}],"author":[{"embeddable":true,"href":"https:\/\/mundobibliotecario.com.br\/index.php\/wp-json\/wp\/v2\/users\/1"}],"replies":[{"embeddable":true,"href":"https:\/\/mundobibliotecario.com.br\/index.php\/wp-json\/wp\/v2\/comments?post=4735"}],"version-history":[{"count":0,"href":"https:\/\/mundobibliotecario.com.br\/index.php\/wp-json\/wp\/v2\/posts\/4735\/revisions"}],"wp:attachment":[{"href":"https:\/\/mundobibliotecario.com.br\/index.php\/wp-json\/wp\/v2\/media?parent=4735"}],"wp:term":[{"taxonomy":"category","embeddable":true,"href":"https:\/\/mundobibliotecario.com.br\/index.php\/wp-json\/wp\/v2\/categories?post=4735"},{"taxonomy":"post_tag","embeddable":true,"href":"https:\/\/mundobibliotecario.com.br\/index.php\/wp-json\/wp\/v2\/tags?post=4735"}],"curies":[{"name":"wp","href":"https:\/\/api.w.org\/{rel}","templated":true}]}}