{"id":4775,"date":"2018-05-08T10:00:29","date_gmt":"2018-05-08T13:00:29","guid":{"rendered":"http:\/\/mundobibliotecario.com.br\/?p=4775"},"modified":"2018-05-08T10:00:29","modified_gmt":"2018-05-08T13:00:29","slug":"curso-era-uma-vez-de-contacao-de-historias","status":"publish","type":"post","link":"https:\/\/mundobibliotecario.com.br\/index.php\/2018\/05\/08\/curso-era-uma-vez-de-contacao-de-historias\/","title":{"rendered":"Curso &#8216;Era uma vez&#8217; de conta\u00e7\u00e3o de hist\u00f3rias"},"content":{"rendered":"<p>Conhe\u00e7a o curso da bibliotec\u00e1ria e contadora de hist\u00f3ria <a href=\"https:\/\/www.facebook.com\/linerossetto\">Aline R. Botelho<\/a>.<\/p>\n<p>Confira e inscreva-se!<a href=\"http:\/\/mundobibliotecario.com.br\/wp-content\/uploads\/2018\/05\/25580160830_317f48d5e7_z.jpg\"><img loading=\"lazy\" decoding=\"async\" class=\"aligncenter size-full wp-image-4776\" src=\"http:\/\/mundobibliotecario.com.br\/wp-content\/uploads\/2018\/05\/25580160830_317f48d5e7_z.jpg\" alt=\"\" width=\"500\" height=\"333\" srcset=\"https:\/\/mundobibliotecario.com.br\/wp-content\/uploads\/2018\/05\/25580160830_317f48d5e7_z.jpg 640w, https:\/\/mundobibliotecario.com.br\/wp-content\/uploads\/2018\/05\/25580160830_317f48d5e7_z-300x200.jpg 300w\" sizes=\"auto, (max-width: 500px) 100vw, 500px\" \/><\/a><\/p>\n<p style=\"text-align:center;\">Fonte:\u00a0<a href=\"https:\/\/www.flickr.com\/photos\/agenciabrasilia\/25580160830\">https:\/\/www.flickr.com\/photos\/agenciabrasilia\/25580160830<\/a><\/p>\n<p style=\"text-align:center;\">***<\/p>\n<p><img decoding=\"async\" class=\"_1ift _2560 img\" src=\"https:\/\/static.xx.fbcdn.net\/images\/emoji.php\/v9\/zdc\/1\/16\/26a0.png\" alt=\"&#x26a0;\" \/>Venho lembrar a voc\u00ea que nosso curso <img decoding=\"async\" class=\"_1ift _2560 img\" src=\"https:\/\/static.xx.fbcdn.net\/images\/emoji.php\/v9\/zd7\/1\/16\/1f47b.png\" alt=\"&#x1f47b;\" \/><img decoding=\"async\" class=\"_1ift _2560 img\" src=\"https:\/\/static.xx.fbcdn.net\/images\/emoji.php\/v9\/ze9\/1\/16\/1f478_1f3fc.png\" alt=\"&#x1f478;&#x1f3fc;\" \/>&#x1f9dd;&#x1f3fc;&#x200d;&#x2640;&#x1f9db;&#x1f3fc;&#x200d;&#x2640;&#8217; Era uma vez&#8217; &#x1f9da;&#x1f3fc;&#x200d;&#x2640;<img decoding=\"async\" class=\"_1ift _2560 img\" src=\"https:\/\/static.xx.fbcdn.net\/images\/emoji.php\/v9\/ze8\/1\/16\/1f451.png\" alt=\"&#x1f451;\" \/>&#x1f9df;&#x200d;&#x2640;&#x1f9dc;&#x1f3fc;&#x200d;&#x2640;&#x1f9de;&#x200d;&#x2640;&#x1f9de;&#x200d;&#x2640;de conta\u00e7\u00e3o de hist\u00f3rias ser\u00e1 esse s\u00e1bado (12\/05) no hotel Canad\u00e1, em Ribeir\u00e3o Preto, em dois hor\u00e1rios dispon\u00edveis: das 08:00 as 12:00 e das 14:00 as 18:00<br \/>\nValor do investimento : 60,00<\/p>\n<p>Abordarei temas como:<br \/>\n<img decoding=\"async\" class=\"_1ift _2560 img\" src=\"https:\/\/static.xx.fbcdn.net\/images\/emoji.php\/v9\/z33\/1\/16\/2705.png\" alt=\"&#x2705;\" \/>Memoriza\u00e7\u00e3o<br \/>\n<img decoding=\"async\" class=\"_1ift _2560 img\" src=\"https:\/\/static.xx.fbcdn.net\/images\/emoji.php\/v9\/z33\/1\/16\/2705.png\" alt=\"&#x2705;\" \/>Uso de recursos para contar hist\u00f3rias<br \/>\n<img decoding=\"async\" class=\"_1ift _2560 img\" src=\"https:\/\/static.xx.fbcdn.net\/images\/emoji.php\/v9\/z33\/1\/16\/2705.png\" alt=\"&#x2705;\" \/>Qual hist\u00f3ria contar para cada faixa et\u00e1ria<br \/>\n<img decoding=\"async\" class=\"_1ift _2560 img\" src=\"https:\/\/static.xx.fbcdn.net\/images\/emoji.php\/v9\/z33\/1\/16\/2705.png\" alt=\"&#x2705;\" \/>Dicas de hist\u00f3rias e<br \/>\n<img decoding=\"async\" class=\"_1ift _2560 img\" src=\"https:\/\/static.xx.fbcdn.net\/images\/emoji.php\/v9\/z33\/1\/16\/2705.png\" alt=\"&#x2705;\" \/>Atividades pr\u00e1ticas<\/p>\n<p>Voc\u00ea ter\u00e1 direito \u00e0 :<br \/>\n<img decoding=\"async\" class=\"_1ift _2560 img\" src=\"https:\/\/static.xx.fbcdn.net\/images\/emoji.php\/v9\/z60\/1\/16\/1f51d.png\" alt=\"&#x1f51d;\" \/><img decoding=\"async\" class=\"_1ift _2560 img\" src=\"https:\/\/static.xx.fbcdn.net\/images\/emoji.php\/v9\/z60\/1\/16\/1f51d.png\" alt=\"&#x1f51d;\" \/><img decoding=\"async\" class=\"_1ift _2560 img\" src=\"https:\/\/static.xx.fbcdn.net\/images\/emoji.php\/v9\/z60\/1\/16\/1f51d.png\" alt=\"&#x1f51d;\" \/><br \/>\nCertificado de 15h <img decoding=\"async\" class=\"_1ift _2560 img\" src=\"https:\/\/static.xx.fbcdn.net\/images\/emoji.php\/v9\/z4b\/1\/16\/1f4dc.png\" alt=\"&#x1f4dc;\" \/><br \/>\nCoffee <img decoding=\"async\" class=\"_1ift _2560 img\" src=\"https:\/\/static.xx.fbcdn.net\/images\/emoji.php\/v9\/z76\/1\/16\/1f36a.png\" alt=\"&#x1f36a;\" \/><img decoding=\"async\" class=\"_1ift _2560 img\" src=\"https:\/\/static.xx.fbcdn.net\/images\/emoji.php\/v9\/zdb\/1\/16\/1f35e.png\" alt=\"&#x1f35e;\" \/>&#x1f950;<img decoding=\"async\" class=\"_1ift _2560 img\" src=\"https:\/\/static.xx.fbcdn.net\/images\/emoji.php\/v9\/z91\/1\/16\/2615.png\" alt=\"&#x2615;\" \/><br \/>\nMaterial impresso <img decoding=\"async\" class=\"_1ift _2560 img\" src=\"https:\/\/static.xx.fbcdn.net\/images\/emoji.php\/v9\/z9e\/1\/16\/1f4d6.png\" alt=\"&#x1f4d6;\" \/><\/p>\n<p>J\u00e1 fez a sua inscri\u00e7\u00e3o?<br \/>\n<img decoding=\"async\" class=\"_1ift _2560 img\" src=\"https:\/\/static.xx.fbcdn.net\/images\/emoji.php\/v9\/zdc\/1\/16\/26a0.png\" alt=\"&#x26a0;\" \/>Confirme o hor\u00e1rio que escolheu fazer o curso&#8230;<br \/>\n<img decoding=\"async\" class=\"_1ift _2560 img\" src=\"https:\/\/static.xx.fbcdn.net\/images\/emoji.php\/v9\/zdc\/1\/16\/26a0.png\" alt=\"&#x26a0;\" \/>N\u00e3o fez?<br \/>\n-Ainda da tempo de fazer&#8230; <img decoding=\"async\" class=\"_1ift _2560 img\" src=\"https:\/\/static.xx.fbcdn.net\/images\/emoji.php\/v9\/z60\/1\/16\/1f51d.png\" alt=\"&#x1f51d;\" \/><img decoding=\"async\" class=\"_1ift _2560 img\" src=\"https:\/\/static.xx.fbcdn.net\/images\/emoji.php\/v9\/z60\/1\/16\/1f51d.png\" alt=\"&#x1f51d;\" \/><\/p>\n<p>Contato: <img decoding=\"async\" class=\"_1ift _2560 img\" src=\"https:\/\/static.xx.fbcdn.net\/images\/emoji.php\/v9\/z22\/1\/16\/260e.png\" alt=\"&#x260e;\" \/>16 99425-8023<\/p>\n<p>Estou com uma super novidade: <img decoding=\"async\" class=\"_1ift _2560 img\" src=\"https:\/\/static.xx.fbcdn.net\/images\/emoji.php\/v9\/zdd\/1\/16\/1f4b3.png\" alt=\"&#x1f4b3;\" \/><img decoding=\"async\" class=\"_1ift _2560 img\" src=\"https:\/\/static.xx.fbcdn.net\/images\/emoji.php\/v9\/z5a\/1\/16\/1f4b0.png\" alt=\"&#x1f4b0;\" \/> posso dividir para voc\u00ea no cr\u00e9dito!!<br \/>\nBandeiras master, visa, elo e alguns vales tb!!!<\/p>\n<p>N\u00e3o tem desculpa para perder esse curso!<\/p>\n<p><img decoding=\"async\" class=\"_1ift _2560 img\" src=\"https:\/\/static.xx.fbcdn.net\/images\/emoji.php\/v9\/z98\/1\/16\/1f49e.png\" alt=\"&#x1f49e;\" \/><img decoding=\"async\" class=\"_1ift _2560 img\" src=\"https:\/\/static.xx.fbcdn.net\/images\/emoji.php\/v9\/z98\/1\/16\/1f49e.png\" alt=\"&#x1f49e;\" \/><img decoding=\"async\" class=\"_1ift _2560 img\" src=\"https:\/\/static.xx.fbcdn.net\/images\/emoji.php\/v9\/z98\/1\/16\/1f49e.png\" alt=\"&#x1f49e;\" \/><strong>Promo\u00e7\u00e3o dia Das m\u00e3es: se for a M\u00e3e e Filha fazer o curso, o valor da m\u00e3e sai 45,00<\/strong><img decoding=\"async\" class=\"_1ift _2560 img\" src=\"https:\/\/static.xx.fbcdn.net\/images\/emoji.php\/v9\/z98\/1\/16\/1f49e.png\" alt=\"&#x1f49e;\" \/><img decoding=\"async\" class=\"_1ift _2560 img\" src=\"https:\/\/static.xx.fbcdn.net\/images\/emoji.php\/v9\/z98\/1\/16\/1f49e.png\" alt=\"&#x1f49e;\" \/><img decoding=\"async\" class=\"_1ift _2560 img\" src=\"https:\/\/static.xx.fbcdn.net\/images\/emoji.php\/v9\/z98\/1\/16\/1f49e.png\" alt=\"&#x1f49e;\" \/><\/p>\n","protected":false},"excerpt":{"rendered":"<p>Conhe\u00e7a o curso da bibliotec\u00e1ria e contadora de hist\u00f3ria Aline R. Botelho. Confira e inscreva-se! Fonte:\u00a0https:\/\/www.flickr.com\/photos\/agenciabrasilia\/25580160830 *** Venho lembrar a voc\u00ea que nosso curso &#x1f9dd;&#x1f3fc;&#x200d;&#x2640;&#x1f9db;&#x1f3fc;&#x200d;&#x2640;&#8217; Era uma vez&#8217; &#x1f9da;&#x1f3fc;&#x200d;&#x2640;&#x1f9df;&#x200d;&#x2640;&#x1f9dc;&#x1f3fc;&#x200d;&#x2640;&#x1f9de;&#x200d;&#x2640;&#x1f9de;&#x200d;&#x2640;de conta\u00e7\u00e3o de hist\u00f3rias ser\u00e1 esse s\u00e1bado (12\/05) no hotel Canad\u00e1, em Ribeir\u00e3o Preto, em dois hor\u00e1rios dispon\u00edveis: das 08:00 as 12:00 e das 14:00 as 18:00 &#8230; <a title=\"Curso &#8216;Era uma vez&#8217; de conta\u00e7\u00e3o de hist\u00f3rias\" class=\"read-more\" href=\"https:\/\/mundobibliotecario.com.br\/index.php\/2018\/05\/08\/curso-era-uma-vez-de-contacao-de-historias\/\" aria-label=\"Read more about Curso &#8216;Era uma vez&#8217; de conta\u00e7\u00e3o de hist\u00f3rias\">Ler mais<\/a><\/p>\n","protected":false},"author":1,"featured_media":0,"comment_status":"open","ping_status":"open","sticky":false,"template":"","format":"standard","meta":{"_mi_skip_tracking":false,"_exactmetrics_sitenote_active":false,"_exactmetrics_sitenote_note":"","_exactmetrics_sitenote_category":0,"_jetpack_newsletter_access":"","footnotes":""},"categories":[252],"tags":[1359,1449,556,1478,1211,1620],"class_list":["post-4775","post","type-post","status-publish","format-standard","hentry","category-curso","tag-atividades","tag-contacao-de-historias","tag-curso-2","tag-dicas","tag-faixa-etaria","tag-memorizacao"],"jetpack_featured_media_url":"","jetpack_sharing_enabled":true,"jetpack-related-posts":[{"id":4376,"url":"https:\/\/mundobibliotecario.com.br\/index.php\/2016\/10\/24\/bibliotecaria-e-contadora-de-historias\/","url_meta":{"origin":4775,"position":0},"title":"Bibliotec\u00e1ria E contadora de hist\u00f3rias!","author":"mundobibliotecario","date":"24\/10\/2016","format":false,"excerpt":"O Mundo Bibliotec\u00e1rio lan\u00e7ou uma s\u00e9rie de posts com bibliotec\u00e1rios envolvidos em experi\u00eancias profissionais\u00a0diferentes em ambientes que n\u00e3o somente bibliotecas (confira o primeiro post da s\u00e9rie:\u00a0Bibliotec\u00e1rio ol\u00edmpico!). Desta vez,\u00a0Aline Botelho, bibliotec\u00e1ria e contadora de hist\u00f3rias, enviou seu depoimento\u00a0no qual fala de sua rica experi\u00eancia com o trabalho de conta\u00e7\u00e3o. Confira!\u2026","rel":"","context":"Em &quot;Not\u00edcias&quot;","block_context":{"text":"Not\u00edcias","link":"https:\/\/mundobibliotecario.com.br\/index.php\/category\/noticias\/"},"img":{"alt_text":"","src":"","width":0,"height":0},"classes":[]},{"id":2651,"url":"https:\/\/mundobibliotecario.com.br\/index.php\/2012\/07\/15\/inscricoes-curso-basico-de-formacao-para-contadores-de-historia\/","url_meta":{"origin":4775,"position":1},"title":"Inscri\u00e7\u00f5es Curso B\u00e1sico de Forma\u00e7\u00e3o para Contadores de Hist\u00f3ria","author":"mundobibliotecario","date":"15\/07\/2012","format":false,"excerpt":"Curso b\u00e1sico de forma\u00e7\u00e3o para contadores de hist\u00f3rias na Biblioteca Tem\u00e1tica em Contos de Fadas Hans Christian Andersen. Carga Hor\u00e1ria: 60h. 35 vagas.\u00a0Inscri\u00e7\u00f5es de 16 a 21 de julho, pessoalmente na Biblioteca. No ato da inscri\u00e7\u00e3o, o interessado dever\u00e1 preencher uma carta de inten\u00e7\u00e3o que ser\u00e1 decisiva na sele\u00e7\u00e3o dos\u2026","rel":"","context":"Em &quot;Curso&quot;","block_context":{"text":"Curso","link":"https:\/\/mundobibliotecario.com.br\/index.php\/category\/curso\/"},"img":{"alt_text":"","src":"","width":0,"height":0},"classes":[]},{"id":2442,"url":"https:\/\/mundobibliotecario.com.br\/index.php\/2012\/02\/10\/cursos-online-e-presenciais-para-bibliotecarios\/","url_meta":{"origin":4775,"position":2},"title":"Cursos online e presenciais para bibliotec\u00e1rios","author":"mundobibliotecario","date":"10\/02\/2012","format":false,"excerpt":"Segue a agenda de cursos online e presenciais da Anima Ensino oferecidos em 2012. Bons estudos! Cursos via Webconfer\u00eancia Mar\u00e7o Curso: Normas T\u00e9cnicas aplicadas \u00e0 Gest\u00e3o Documental Minicurso: Normas e Procedimentos para a Seguran\u00e7a de Documentos Abril Minicurso:\u00a0\u00a0Norma T\u00e9cnica: Mobili\u00e1rio e Equipamentos para Guarda Documental Maio Minicurso:\u00a0\u00a0Normas e Procedimentos de\u2026","rel":"","context":"Em &quot;Curso&quot;","block_context":{"text":"Curso","link":"https:\/\/mundobibliotecario.com.br\/index.php\/category\/curso\/"},"img":{"alt_text":"","src":"","width":0,"height":0},"classes":[]},{"id":4558,"url":"https:\/\/mundobibliotecario.com.br\/index.php\/2017\/07\/27\/biblioup-cursos-de-capacitacao-em-biblioteconomia\/","url_meta":{"origin":4775,"position":3},"title":"BiblioUP: cursos de capacita\u00e7\u00e3o em Biblioteconomia!","author":"mundobibliotecario","date":"27\/07\/2017","format":false,"excerpt":"Contribui\u00e7\u00e3o de Tiago Fernandes. *** Hist\u00f3ria da BiblioUP Pode-se dizer que a BiblioUP surgiu no acaso de diversos pensamentos sobre neg\u00f3cios e empreendedorismo que um bibliotec\u00e1rio pode \u2018tocar\u2019. Atualmente fa\u00e7o um curso de p\u00f3s gradua\u00e7\u00e3o em Gest\u00e3o Empreendedora e querendo ou n\u00e3o, agu\u00e7amos o olhar para novas oportunidades e possibilidades.\u2026","rel":"","context":"Em &quot;Curso&quot;","block_context":{"text":"Curso","link":"https:\/\/mundobibliotecario.com.br\/index.php\/category\/curso\/"},"img":{"alt_text":"","src":"","width":0,"height":0},"classes":[]},{"id":4893,"url":"https:\/\/mundobibliotecario.com.br\/index.php\/2012\/01\/21\/curso-de-especializacao-em-discurso-e-leitura-de-imagem-ufscar-2\/","url_meta":{"origin":4775,"position":4},"title":"Curso de Especializa\u00e7\u00e3o em: &quot;Discurso e Leitura de Imagem&quot; (UFSCar)","author":"mundobibliotecario","date":"21\/01\/2012","format":false,"excerpt":"Site do Curso: http:\/\/www.discursoeimagem.ufscar.br\/ Estar\u00e3o abertas, do dia 23.01.12 at\u00e9 28.02.12, as inscri\u00e7\u00f5es para o Curso de Especializa\u00e7\u00e3o em \u201cDiscurso e Leitura de Imagem\u201d. O objetivo do curso \u00e9 oferecer estudos advindos do campo das Linguagens aplicados em an\u00e1lises dos discursos imag\u00e9ticos, considerando-se, para tanto, tr\u00eas grandes modalidades de produ\u00e7\u00e3o:\u2026","rel":"","context":"Em &quot;Curso&quot;","block_context":{"text":"Curso","link":"https:\/\/mundobibliotecario.com.br\/index.php\/category\/curso\/"},"img":{"alt_text":"","src":"","width":0,"height":0},"classes":[]},{"id":4896,"url":"https:\/\/mundobibliotecario.com.br\/index.php\/2012\/01\/21\/curso-de-especializacao-em-discurso-e-leitura-de-imagem-ufscar-2-2\/","url_meta":{"origin":4775,"position":5},"title":"Curso de Especializa\u00e7\u00e3o em: &#034;Discurso e Leitura de Imagem&#034; (UFSCar)","author":"mundobibliotecario","date":"21\/01\/2012","format":false,"excerpt":"Site do Curso: http:\/\/www.discursoeimagem.ufscar.br\/ Estar\u00e3o abertas, do dia 23.01.12 at\u00e9 28.02.12, as inscri\u00e7\u00f5es para o Curso de Especializa\u00e7\u00e3o em \u201cDiscurso e Leitura de Imagem\u201d. O objetivo do curso \u00e9 oferecer estudos advindos do campo das Linguagens aplicados em an\u00e1lises dos discursos imag\u00e9ticos, considerando-se, para tanto, tr\u00eas grandes modalidades de produ\u00e7\u00e3o:\u2026","rel":"","context":"Em &quot;Curso&quot;","block_context":{"text":"Curso","link":"https:\/\/mundobibliotecario.com.br\/index.php\/category\/curso\/"},"img":{"alt_text":"","src":"","width":0,"height":0},"classes":[]}],"jetpack_likes_enabled":true,"jetpack_shortlink":"https:\/\/wp.me\/pcbzwa-1f1","_links":{"self":[{"href":"https:\/\/mundobibliotecario.com.br\/index.php\/wp-json\/wp\/v2\/posts\/4775","targetHints":{"allow":["GET"]}}],"collection":[{"href":"https:\/\/mundobibliotecario.com.br\/index.php\/wp-json\/wp\/v2\/posts"}],"about":[{"href":"https:\/\/mundobibliotecario.com.br\/index.php\/wp-json\/wp\/v2\/types\/post"}],"author":[{"embeddable":true,"href":"https:\/\/mundobibliotecario.com.br\/index.php\/wp-json\/wp\/v2\/users\/1"}],"replies":[{"embeddable":true,"href":"https:\/\/mundobibliotecario.com.br\/index.php\/wp-json\/wp\/v2\/comments?post=4775"}],"version-history":[{"count":0,"href":"https:\/\/mundobibliotecario.com.br\/index.php\/wp-json\/wp\/v2\/posts\/4775\/revisions"}],"wp:attachment":[{"href":"https:\/\/mundobibliotecario.com.br\/index.php\/wp-json\/wp\/v2\/media?parent=4775"}],"wp:term":[{"taxonomy":"category","embeddable":true,"href":"https:\/\/mundobibliotecario.com.br\/index.php\/wp-json\/wp\/v2\/categories?post=4775"},{"taxonomy":"post_tag","embeddable":true,"href":"https:\/\/mundobibliotecario.com.br\/index.php\/wp-json\/wp\/v2\/tags?post=4775"}],"curies":[{"name":"wp","href":"https:\/\/api.w.org\/{rel}","templated":true}]}}