{"id":4782,"date":"2018-05-28T15:00:58","date_gmt":"2018-05-28T18:00:58","guid":{"rendered":"http:\/\/mundobibliotecario.com.br\/?p=4782"},"modified":"2018-05-28T15:00:58","modified_gmt":"2018-05-28T18:00:58","slug":"resource-description-and-access-rda-bibliografia-brasileira","status":"publish","type":"post","link":"https:\/\/mundobibliotecario.com.br\/index.php\/2018\/05\/28\/resource-description-and-access-rda-bibliografia-brasileira\/","title":{"rendered":"Resource Description and Access (RDA): Bibliografia Brasileira"},"content":{"rendered":"<p>Voc\u00ea conhece a <a href=\"http:\/\/fabricioassumpcao.com\/bibliografia-rda\">Bibliografia Brasileira do Resource Description and Access (RDA)<\/a>?<\/p>\n<p><a href=\"http:\/\/mundobibliotecario.files.wordpress.com\/2018\/05\/resource_description__access_logo1.jpg\"><img loading=\"lazy\" decoding=\"async\" class=\"aligncenter size-full wp-image-4783\" src=\"http:\/\/mundobibliotecario.files.wordpress.com\/2018\/05\/resource_description__access_logo1.jpg\" alt=\"\" width=\"500\" height=\"165\" \/><\/a><!--more--><\/p>\n<p>Se ainda n\u00e3o conhece, n\u00e3o deixe de visitar o blog do bibliotec\u00e1rio <a href=\"http:\/\/fabricioassumpcao.com\/\">Fabr\u00edcio Assump\u00e7\u00e3o<\/a> para ficar a par do novo c\u00f3digo de cataloga\u00e7\u00e3o e das novidades sobre o assunto!<\/p>\n<p>Boa leitura!<\/p>\n","protected":false},"excerpt":{"rendered":"<p>Voc\u00ea conhece a Bibliografia Brasileira do Resource Description and Access (RDA)?<\/p>\n","protected":false},"author":1,"featured_media":0,"comment_status":"open","ping_status":"open","sticky":false,"template":"","format":"standard","meta":{"_mi_skip_tracking":false,"_exactmetrics_sitenote_active":false,"_exactmetrics_sitenote_note":"","_exactmetrics_sitenote_category":0,"_jetpack_newsletter_access":"","footnotes":""},"categories":[60],"tags":[1371,43,637,1714],"class_list":["post-4782","post","type-post","status-publish","format-standard","hentry","category-noticias","tag-bibliografia","tag-catalogacao","tag-rda","tag-resource-description-and-access"],"jetpack_featured_media_url":"","jetpack_sharing_enabled":true,"jetpack-related-posts":[{"id":4612,"url":"https:\/\/mundobibliotecario.com.br\/index.php\/2017\/11\/18\/rda-resource-description-access-rumos-da-catalogacao-contemporanea\/","url_meta":{"origin":4782,"position":0},"title":"RDA &#8211; Resource Description Access: rumos da cataloga\u00e7\u00e3o contempor\u00e2nea","author":"mundobibliotecario","date":"18\/11\/2017","format":"image","excerpt":"","rel":"","context":"Em &quot;Eventos&quot;","block_context":{"text":"Eventos","link":"https:\/\/mundobibliotecario.com.br\/index.php\/category\/eventos\/"},"img":{"alt_text":"","src":"https:\/\/i0.wp.com\/mundobibliotecario.com.br\/wp-content\/uploads\/2017\/11\/aula-aberta-rda.png?resize=350%2C200","width":350,"height":200},"classes":[]},{"id":4641,"url":"https:\/\/mundobibliotecario.com.br\/index.php\/2018\/01\/25\/catalogacao-em-rda-introducao-ao-novo-codigo\/","url_meta":{"origin":4782,"position":1},"title":"Cataloga\u00e7\u00e3o em RDA: introdu\u00e7\u00e3o ao novo c\u00f3digo","author":"mundobibliotecario","date":"25\/01\/2018","format":false,"excerpt":"http:\/\/www.youtube.com\/watch?v=e21QwQmNFRY","rel":"","context":"Em &quot;Not\u00edcias&quot;","block_context":{"text":"Not\u00edcias","link":"https:\/\/mundobibliotecario.com.br\/index.php\/category\/noticias\/"},"img":{"alt_text":"","src":"https:\/\/i0.wp.com\/img.youtube.com\/vi\/e21QwQmNFRY\/0.jpg?resize=350%2C200","width":350,"height":200},"classes":[]},{"id":4991,"url":"https:\/\/mundobibliotecario.com.br\/index.php\/2018\/08\/24\/traducao-em-espanhol-do-material-de-treinamento-do-rda-preparado-e-armazenado-pela-biblioteca-do-congresso-lc\/","url_meta":{"origin":4782,"position":2},"title":"Tradu\u00e7\u00e3o em espanhol do material de treinamento do RDA preparado e armazenado pela Biblioteca do Congresso (LC)","author":"mundobibliotecario","date":"24\/08\/2018","format":false,"excerpt":"Fonte:\u00a0https:\/\/libguides.senylrc.org\/November_December_2014 Este projeto foi coordenado pela Biblioteca Nacional Mariano Moreno da Rep\u00fablica Argentina (BNMM), no \u00e2mbito da ABINIA (Associa\u00e7\u00e3o dos Estados Ibero-Americanos para o Desenvolvimento das Bibliotecas Nacionais da Am\u00e9rica Latina), com a contribui\u00e7\u00e3o das Bibliotecas Nacionais da Espanha, Chile e Col\u00f4mbia e colaboradora da Biblioteca do Congresso (LC, Biblioteca\u2026","rel":"","context":"Em &quot;Not\u00edcias&quot;","block_context":{"text":"Not\u00edcias","link":"https:\/\/mundobibliotecario.com.br\/index.php\/category\/noticias\/"},"img":{"alt_text":"","src":"","width":0,"height":0},"classes":[]},{"id":4706,"url":"https:\/\/mundobibliotecario.com.br\/index.php\/2018\/03\/05\/curso-de-catalogacao-com-rda-2a-edicao\/","url_meta":{"origin":4782,"position":3},"title":"Curso de cataloga\u00e7\u00e3o com RDA (2\u00aa edi\u00e7\u00e3o)","author":"mundobibliotecario","date":"05\/03\/2018","format":false,"excerpt":"A Universitat de les Illes Balears em parceria com a Mir\u00edada X oferta a 2\u00aa edi\u00e7\u00e3o do curso de Cataloga\u00e7\u00e3o com RDA. O curso \u00e9 gratuito e online, com certificado de participa\u00e7\u00e3o. Dura\u00e7\u00e3o: 6 semanas (40 horas de estudo previstas) Data de in\u00edcio: 28 de fevereiro de 2018 (ainda aberto\u2026","rel":"","context":"Em &quot;Curso&quot;","block_context":{"text":"Curso","link":"https:\/\/mundobibliotecario.com.br\/index.php\/category\/curso\/"},"img":{"alt_text":"","src":"","width":0,"height":0},"classes":[]},{"id":4558,"url":"https:\/\/mundobibliotecario.com.br\/index.php\/2017\/07\/27\/biblioup-cursos-de-capacitacao-em-biblioteconomia\/","url_meta":{"origin":4782,"position":4},"title":"BiblioUP: cursos de capacita\u00e7\u00e3o em Biblioteconomia!","author":"mundobibliotecario","date":"27\/07\/2017","format":false,"excerpt":"Contribui\u00e7\u00e3o de Tiago Fernandes. *** Hist\u00f3ria da BiblioUP Pode-se dizer que a BiblioUP surgiu no acaso de diversos pensamentos sobre neg\u00f3cios e empreendedorismo que um bibliotec\u00e1rio pode \u2018tocar\u2019. Atualmente fa\u00e7o um curso de p\u00f3s gradua\u00e7\u00e3o em Gest\u00e3o Empreendedora e querendo ou n\u00e3o, agu\u00e7amos o olhar para novas oportunidades e possibilidades.\u2026","rel":"","context":"Em &quot;Curso&quot;","block_context":{"text":"Curso","link":"https:\/\/mundobibliotecario.com.br\/index.php\/category\/curso\/"},"img":{"alt_text":"","src":"","width":0,"height":0},"classes":[]},{"id":2184,"url":"https:\/\/mundobibliotecario.com.br\/index.php\/2011\/09\/09\/novas-perspectivas-para-a-catalogacao-e-os-catalogadores\/","url_meta":{"origin":4782,"position":5},"title":"Novas perspectivas para a Cataloga\u00e7\u00e3o e os Catalogadores","author":"mundobibliotecario","date":"09\/09\/2011","format":false,"excerpt":"Foto por Eduardo Graziosi Silva Ontem participei do F\u00f3rum Permanente da UNICAMP \"Tecnologia Digital e Registros Informacionais: Novos Conceitos e Padr\u00f5es de Entrada de Dados e suas perspectivas para o tratamento e acesso \u00e0 informa\u00e7\u00e3o\". O evento como um todo foi de alt\u00edssimo n\u00edvel e n\u00e3o deixou a desejar em\u2026","rel":"","context":"Em &quot;Eventos&quot;","block_context":{"text":"Eventos","link":"https:\/\/mundobibliotecario.com.br\/index.php\/category\/eventos\/"},"img":{"alt_text":"","src":"https:\/\/mundobibliotecario.files.wordpress.com\/2011\/09\/foto-0052.jpg?w=350&h=200&crop=1","width":350,"height":200},"classes":[]}],"jetpack_likes_enabled":true,"jetpack_shortlink":"https:\/\/wp.me\/pcbzwa-1f8","_links":{"self":[{"href":"https:\/\/mundobibliotecario.com.br\/index.php\/wp-json\/wp\/v2\/posts\/4782","targetHints":{"allow":["GET"]}}],"collection":[{"href":"https:\/\/mundobibliotecario.com.br\/index.php\/wp-json\/wp\/v2\/posts"}],"about":[{"href":"https:\/\/mundobibliotecario.com.br\/index.php\/wp-json\/wp\/v2\/types\/post"}],"author":[{"embeddable":true,"href":"https:\/\/mundobibliotecario.com.br\/index.php\/wp-json\/wp\/v2\/users\/1"}],"replies":[{"embeddable":true,"href":"https:\/\/mundobibliotecario.com.br\/index.php\/wp-json\/wp\/v2\/comments?post=4782"}],"version-history":[{"count":0,"href":"https:\/\/mundobibliotecario.com.br\/index.php\/wp-json\/wp\/v2\/posts\/4782\/revisions"}],"wp:attachment":[{"href":"https:\/\/mundobibliotecario.com.br\/index.php\/wp-json\/wp\/v2\/media?parent=4782"}],"wp:term":[{"taxonomy":"category","embeddable":true,"href":"https:\/\/mundobibliotecario.com.br\/index.php\/wp-json\/wp\/v2\/categories?post=4782"},{"taxonomy":"post_tag","embeddable":true,"href":"https:\/\/mundobibliotecario.com.br\/index.php\/wp-json\/wp\/v2\/tags?post=4782"}],"curies":[{"name":"wp","href":"https:\/\/api.w.org\/{rel}","templated":true}]}}