{"id":4815,"date":"2018-07-02T16:00:02","date_gmt":"2018-07-02T19:00:02","guid":{"rendered":"http:\/\/mundobibliotecario.com.br\/?p=4815"},"modified":"2018-07-02T16:00:02","modified_gmt":"2018-07-02T19:00:02","slug":"biblioteca-parque-villa-lobos-entre-as-melhores-bibliotecas-publicas-do-mundo","status":"publish","type":"post","link":"https:\/\/mundobibliotecario.com.br\/index.php\/2018\/07\/02\/biblioteca-parque-villa-lobos-entre-as-melhores-bibliotecas-publicas-do-mundo\/","title":{"rendered":"Biblioteca Parque Villa-Lobos entre as melhores bibliotecas p\u00fablicas do mundo"},"content":{"rendered":"<div class=\"pn-materia-subtitulo\">Biblioteca brasileira concorre ao pr\u00eamio de melhor biblioteca p\u00fablica do mundo com outras quatro institui\u00e7\u00f5es dos EUA, Holanda, Cingapura e Noruega. Vencedora ser\u00e1 conhecida em agosto.<\/div>\n<div><\/div>\n<div class=\"pn-materia-corpo clearfix\">\n<div class=\"pn-materia-imagem\">\n<p><a href=\"http:\/\/mundobibliotecario.com.br\/wp-content\/uploads\/2018\/07\/bpqvl.jpg\"><img loading=\"lazy\" decoding=\"async\" class=\"aligncenter size-full wp-image-4817\" src=\"http:\/\/mundobibliotecario.com.br\/wp-content\/uploads\/2018\/07\/bpqvl.jpg\" alt=\"\" width=\"287\" height=\"179\" \/><\/a><\/p>\n<div class=\"pn-materia-legenda\" style=\"text-align:center;\">Biblioteca Parque Villa-Lobos | \u00a9 Equipe SP Leituras<\/div>\n<div><\/div>\n<\/div>\n<p>Foram anunciadas ontem (28) as cinco finalistas do Pr\u00eamio Internacional de Biblioteca P\u00fablica do Ano de 2018 e a Biblioteca Parque Villa-Lobos, de S\u00e3o Paulo, integra essa lista. Ao todo, o concurso recebeu 35 inscri\u00e7\u00f5es de\u00a019 pa\u00edses. As finalistas foram selecionadas por um j\u00fari composto por membros da Federa\u00e7\u00e3o Internacional de Associa\u00e7\u00f5es de Bibliotecas (IFLA), que realiza o pr\u00eamio junto com a Systematic. Para chegar \u00e0s finais do pr\u00eamio, as cinco bibliotecas\u00a0foram avaliadas em seis crit\u00e9rios que incluem a cultura local, a sustentabilidade, at\u00e9 que ponto a biblioteca leva em conta o desenvolvimento digital e os desejos e necessidades dos usu\u00e1rios. Para a escolha da Biblioteca Parque Villa-Lobos, o j\u00fari levou em conta o ambiente claro e aberto do espa\u00e7o e destacou que ela \u00e9 uma biblioteca ativa, cujo design de interiores e arquitetura possibilitam a realiza\u00e7\u00e3o de atividades de muitos tipos diferentes. Tamb\u00e9m concorrem a Austin Central Library nos EUA, por seu foco na sustentabilidade; o KopGroep Bibliotheken, na Holanda, por cooperar com o teatro local e pela intera\u00e7\u00e3o entre a arquitetura nova e antiga; a norueguesa Deichman Biblo Toyen, por seu amplo envolvimento de usu\u00e1rios; e a Biblioteca Regional de Tampines, em Cingapura, por facilitar os interesses de esportes, lazer e servi\u00e7os para os cidad\u00e3os. A vencedora ganhar\u00e1 um pr\u00eamio no valor de US$ 5 mil e ser\u00e1 anunciada no dia 28 de agosto, em Kuala Lumpur, na Mal\u00e1sia, durante a Reuni\u00e3o Anual da IFLA. Lembrando que a Biblioteca de S\u00e3o Paulo, irm\u00e3 da Villa-Lobos, nesse ano tamb\u00e9m ficou entre as\u00a0<a href=\"http:\/\/www.publishnews.com.br\/materias\/2018\/03\/09\/pra-ingles-ver-e-aplaudir\" target=\"_blank\" rel=\"noopener noreferrer\">finalistas de outro pr\u00eamio internacional<\/a>, o da Feira do Livro de Londres.<\/p>\n<\/div>\n<div><\/div>\n<div>Dispon\u00edvel em: &lt;<a href=\"http:\/\/www.publishnews.com.br\/materias\/2018\/06\/29\/biblioteca-parque-villa-lobos-entre-as-melhores-bibliotecas-publicas-do-mundo\">http:\/\/www.publishnews.com.br\/materias\/2018\/06\/29\/biblioteca-parque-villa-lobos-entre-as-melhores-bibliotecas-publicas-do-mundo<\/a>&gt;. Acesso em: 2 jul. 2018.<\/div>\n","protected":false},"excerpt":{"rendered":"<p>Biblioteca brasileira concorre ao pr\u00eamio de melhor biblioteca p\u00fablica do mundo com outras quatro institui\u00e7\u00f5es dos EUA, Holanda, Cingapura e Noruega. Vencedora ser\u00e1 conhecida em agosto. Biblioteca Parque Villa-Lobos | \u00a9 Equipe SP Leituras Foram anunciadas ontem (28) as cinco finalistas do Pr\u00eamio Internacional de Biblioteca P\u00fablica do Ano de 2018 e a Biblioteca Parque &#8230; <a title=\"Biblioteca Parque Villa-Lobos entre as melhores bibliotecas p\u00fablicas do mundo\" class=\"read-more\" href=\"https:\/\/mundobibliotecario.com.br\/index.php\/2018\/07\/02\/biblioteca-parque-villa-lobos-entre-as-melhores-bibliotecas-publicas-do-mundo\/\" aria-label=\"Read more about Biblioteca Parque Villa-Lobos entre as melhores bibliotecas p\u00fablicas do mundo\">Ler mais<\/a><\/p>\n","protected":false},"author":1,"featured_media":0,"comment_status":"open","ping_status":"open","sticky":false,"template":"","format":"standard","meta":{"_mi_skip_tracking":false,"_exactmetrics_sitenote_active":false,"_exactmetrics_sitenote_note":"","_exactmetrics_sitenote_category":0,"_jetpack_newsletter_access":"","footnotes":""},"categories":[60],"tags":[1390,1094,182],"class_list":["post-4815","post","type-post","status-publish","format-standard","hentry","category-noticias","tag-biblioteca-parque-villa-lobos","tag-ifla","tag-premio"],"jetpack_featured_media_url":"","jetpack_sharing_enabled":true,"jetpack-related-posts":[{"id":2970,"url":"https:\/\/mundobibliotecario.com.br\/index.php\/2013\/02\/28\/ifla-lanca-recursos-para-e-emprestimos-em-bibliotecas\/","url_meta":{"origin":4815,"position":0},"title":"IFLA lan\u00e7a recursos para e-empr\u00e9stimos em bibliotecas","author":"mundobibliotecario","date":"28\/02\/2013","format":false,"excerpt":"A IFLA (Federa\u00e7\u00e3o Internacional de Associa\u00e7\u00f5es e Institui\u00e7\u00f5es Bibliotec\u00e1rias) lan\u00e7ou um novo conjunto de recursos relacionados com e-books e bibliotecas. Fornecer acesso aos e-books \u00e9 uma das quest\u00f5es mais prementes enfrentadas pelas bibliotecas agora.\u00a0Bibliotecas p\u00fablicas, em particular, est\u00e3o lidando com implica\u00e7\u00f5es de r\u00e1pida mudan\u00e7a de modelos de neg\u00f3cios e de\u2026","rel":"","context":"Em &quot;Not\u00edcias&quot;","block_context":{"text":"Not\u00edcias","link":"https:\/\/mundobibliotecario.com.br\/index.php\/category\/noticias\/"},"img":{"alt_text":"","src":"","width":0,"height":0},"classes":[]},{"id":2151,"url":"https:\/\/mundobibliotecario.com.br\/index.php\/2011\/08\/19\/educacao-e-premiada-em-congresso-brasileiro-de-bibliotecas\/","url_meta":{"origin":4815,"position":1},"title":"Educa\u00e7\u00e3o \u00e9 premiada em Congresso Brasileiro de Bibliotecas","author":"mundobibliotecario","date":"19\/08\/2011","format":false,"excerpt":"\u00d3tima iniciativa que precisa ocorrer com mais frequ\u00eancia no Brasil, e que esperamos que ocorra\u00a0nos pr\u00f3ximos CBBD's! ***************** Projeto das Arapiraquinhas foi destaque no evento A implanta\u00e7\u00e3o do projeto das Arapiraquinhas- bibliotecas p\u00fablicas digitais instaladas nos bairros- j\u00e1 \u00e9 refer\u00eancia como modelo de pr\u00e1ticas de incentivo \u00e0 leitura e \u00e0\u2026","rel":"","context":"Em &quot;N\u00e3o classificado&quot;","block_context":{"text":"N\u00e3o classificado","link":"https:\/\/mundobibliotecario.com.br\/index.php\/category\/nao-classificado\/"},"img":{"alt_text":"","src":"","width":0,"height":0},"classes":[]},{"id":10014,"url":"https:\/\/mundobibliotecario.com.br\/index.php\/2022\/06\/27\/sao-paulo-lanca-biblioteca-digital-gratuita-com-mais-de-15-mil-titulos-e-atividades-culturais\/","url_meta":{"origin":4815,"position":2},"title":"S\u00e3o Paulo lan\u00e7a biblioteca digital gratuita com mais de 15 mil t\u00edtulos e atividades culturais","author":"mundobibliotecario","date":"27\/06\/2022","format":false,"excerpt":"A Secretaria de Cultura e Economia Criativa do Estado de S\u00e3o Paulo lan\u00e7ou a biblioteca digital gratuita do estado de S\u00e3o Paulo, BibliON, que abre com um acervo de mais de 15 mil t\u00edtulos e uma vasta grade de atividades culturais, como clubes de leitura e oficinas de capacita\u00e7\u00e3o. A\u2026","rel":"","context":"Em &quot;Not\u00edcias&quot;","block_context":{"text":"Not\u00edcias","link":"https:\/\/mundobibliotecario.com.br\/index.php\/category\/noticias\/"},"img":{"alt_text":"","src":"https:\/\/i0.wp.com\/mundobibliotecario.com.br\/wp-content\/uploads\/2022\/06\/bibliotecas-digitais-onde-podes-encontrar-livros-gratuitos-@Pexels-woman-sitting-on-chair-using-black-ipad-1024x683-1-696x464-1.jpg?resize=350%2C200&ssl=1","width":350,"height":200},"classes":[]},{"id":4449,"url":"https:\/\/mundobibliotecario.com.br\/index.php\/2017\/01\/04\/bibliotecas-parque-fecham-no-rio-secretaria-promete-retorno-rapido\/","url_meta":{"origin":4815,"position":3},"title":"Bibliotecas Parque fecham no Rio; secretaria promete retorno r\u00e1pido","author":"mundobibliotecario","date":"04\/01\/2017","format":false,"excerpt":"As quatro Bibliotecas Parque do Rio de Janeiro fecharam hoje (30) para o recesso de fim de ano, e apenas uma deve retornar na semana que vem. Os mais de 150 funcion\u00e1rios da rede receberam aviso-pr\u00e9vio no in\u00edcio do m\u00eas. Bibliotecas Parque do Rio fecharam hoje (30) e n\u00e3o h\u00e1\u2026","rel":"","context":"Em &quot;Not\u00edcias&quot;","block_context":{"text":"Not\u00edcias","link":"https:\/\/mundobibliotecario.com.br\/index.php\/category\/noticias\/"},"img":{"alt_text":"","src":"","width":0,"height":0},"classes":[]},{"id":3872,"url":"https:\/\/mundobibliotecario.com.br\/index.php\/2015\/09\/02\/ifla-publica-duas-novas-directrizes\/","url_meta":{"origin":4815,"position":4},"title":"IFLA publica duas novas directrizes","author":"mundobibliotecario","date":"02\/09\/2015","format":false,"excerpt":"Directrizes da IFLA para as Bibliotecas Escolares (2\u00aa edi\u00e7\u00e3o) As Directrizes da IFLA para as Bibliotecas Escolares, 2\u00aa edi\u00e7\u00e3o, foram aprovadas pelo Comit\u00e9 Profissional, sob proposta do Comit\u00e9 de Standards da IFLA no passado m\u00eas de junho. Escritas e revistas pela Sec\u00e7\u00e3o de Bibliotecas Escolares da IFLA ao longo de\u2026","rel":"","context":"Em &quot;Not\u00edcias&quot;","block_context":{"text":"Not\u00edcias","link":"https:\/\/mundobibliotecario.com.br\/index.php\/category\/noticias\/"},"img":{"alt_text":"","src":"","width":0,"height":0},"classes":[]},{"id":8488,"url":"https:\/\/mundobibliotecario.com.br\/index.php\/2021\/03\/31\/em-abril-acontece-a-reuniao-de-meio-de-ano-da-ifla-lac\/","url_meta":{"origin":4815,"position":5},"title":"Em abril acontece a reuni\u00e3o de meio de ano da IFLA LAC","author":"mundobibliotecario","date":"31\/03\/2021","format":false,"excerpt":"No \u00e2mbito deste encontro, que se realizar\u00e1 de 26 a 29 de abril, ser\u00e1 realizado o Semin\u00e1rio Internacional Virtual \u201cBibliotecas do futuro: inclusivas, inovadoras e resilientes\u201d. No \u00e2mbito da\u00a0Reuni\u00e3o Semestral\u00a0da\u00a0IFLA LAC\u00a0, que ser\u00e1 realizada de\u00a026 a 29\u00a0de abril\u00a0, a\u00a0Se\u00e7\u00e3o\u00a0da\u00a0Am\u00e9rica Latina e Caribe,\u00a0juntamente com a\u00a0Associa\u00e7\u00e3o de Ex\u00a0-\u00a0Alunos da Escola Interamericana de\u2026","rel":"","context":"Em &quot;Eventos&quot;","block_context":{"text":"Eventos","link":"https:\/\/mundobibliotecario.com.br\/index.php\/category\/eventos\/"},"img":{"alt_text":"","src":"https:\/\/i0.wp.com\/1.bp.blogspot.com\/-2qT1-xITjIM\/YF5DT16jijI\/AAAAAAABqH8\/5-5OvbHubjIOn_BQ7dx_utQAUG_J8kkPgCLcBGAsYHQ\/w452-h640\/En%2Babril%2Bllega%2Bla%2Breuni%25C3%25B3n%2Bde%2BMedio%2BA%25C3%25B1o%2Bde%2BIFLA%2BLAC-3.jpeg?resize=350%2C200&ssl=1","width":350,"height":200},"classes":[]}],"jetpack_likes_enabled":true,"jetpack_shortlink":"https:\/\/wp.me\/pcbzwa-1fF","_links":{"self":[{"href":"https:\/\/mundobibliotecario.com.br\/index.php\/wp-json\/wp\/v2\/posts\/4815","targetHints":{"allow":["GET"]}}],"collection":[{"href":"https:\/\/mundobibliotecario.com.br\/index.php\/wp-json\/wp\/v2\/posts"}],"about":[{"href":"https:\/\/mundobibliotecario.com.br\/index.php\/wp-json\/wp\/v2\/types\/post"}],"author":[{"embeddable":true,"href":"https:\/\/mundobibliotecario.com.br\/index.php\/wp-json\/wp\/v2\/users\/1"}],"replies":[{"embeddable":true,"href":"https:\/\/mundobibliotecario.com.br\/index.php\/wp-json\/wp\/v2\/comments?post=4815"}],"version-history":[{"count":0,"href":"https:\/\/mundobibliotecario.com.br\/index.php\/wp-json\/wp\/v2\/posts\/4815\/revisions"}],"wp:attachment":[{"href":"https:\/\/mundobibliotecario.com.br\/index.php\/wp-json\/wp\/v2\/media?parent=4815"}],"wp:term":[{"taxonomy":"category","embeddable":true,"href":"https:\/\/mundobibliotecario.com.br\/index.php\/wp-json\/wp\/v2\/categories?post=4815"},{"taxonomy":"post_tag","embeddable":true,"href":"https:\/\/mundobibliotecario.com.br\/index.php\/wp-json\/wp\/v2\/tags?post=4815"}],"curies":[{"name":"wp","href":"https:\/\/api.w.org\/{rel}","templated":true}]}}