{"id":482,"date":"2009-03-17T09:02:01","date_gmt":"2009-03-17T12:02:01","guid":{"rendered":"http:\/\/mundobibliotecario.wordpress.com\/?p=482"},"modified":"2009-03-17T09:02:01","modified_gmt":"2009-03-17T12:02:01","slug":"publicacao-de-livro-entra-na-era-virtual","status":"publish","type":"post","link":"https:\/\/mundobibliotecario.com.br\/index.php\/2009\/03\/17\/publicacao-de-livro-entra-na-era-virtual\/","title":{"rendered":"Publica\u00e7\u00e3o de livro entra na era virtual"},"content":{"rendered":"<p>O ESTADO DE S\u00c3O PAULO, 15.03.2009, p. B12 &#8211; Economia &#8211; Tecnologia<br \/>\nMariana Barbosa<\/p>\n<p>Internet d\u00e1 novo f\u00f4lego a editoras especializadas em ?autopublica\u00e7\u00e3o?<\/p>\n<p>A revolu\u00e7\u00e3o de costumes provocada pela internet &#8211; que transformou a ind\u00fastria fonogr\u00e1fica &#8211; est\u00e1 chegando ao mercado editorial e invertendo a rela\u00e7\u00e3o de poder entre editoras e escritores. Nos Estados Unidos, enquanto o bilion\u00e1rio mercado de livros est\u00e1 estagnado, o segmento chamado de &#8220;autopublica\u00e7\u00e3o&#8221; ou &#8220;impress\u00e3o sob demanda&#8221;, visto com um certo desd\u00e9m pelas editoras tradicionais, n\u00e3o para de crescer. Atualmente, 78% dos t\u00edtulos novos s\u00e3o de editoras que trabalham com autopublica\u00e7\u00e3o, segundo a Publishers Marketing Association.<\/p>\n<p>Confirmando a teoria da &#8220;cauda longa&#8221;, de Chris Anderson, essas editoras lucram com a venda de tiragens menores de um n\u00famero maior de autores. Nesse modelo, praticamente n\u00e3o existe rejei\u00e7\u00e3o. S\u00e3o as editoras que buscam seus autores, colocando na internet an\u00fancios de &#8220;publique seu livro&#8221;.<\/p>\n<p>No Brasil, por exemplo, a pequena Editorama, que tem um ano de vida, j\u00e1 conta com 120 t\u00edtulos. \u00c9 o autor quem banca a publica\u00e7\u00e3o e a editora fornece o suporte editorial (revis\u00e3o, edi\u00e7\u00e3o, design, registro no ISBN, impress\u00e3o). A primeira tiragem \u00e9 inteira do autor &#8211; que muitas vezes consegue ter lucro (ver ao lado).<\/p>\n<p>Se no passado o autor que bancava sua publica\u00e7\u00e3o encontrava dificuldades para distribuir seus livros, com a internet esse problema desaparece. A maior parte dessas editoras tem parcerias com grandes livrarias virtuais, como a Livraria Cultura, no Brasil.<\/p>\n<p>H\u00e1 outra grande vantagem: o livro nunca se esgota. Permanece num arquivo digital e pode ser impresso de acordo com a demanda, eliminando a necessidade de estoques. &#8220;Somos procurados por muita gente que quer republicar um livro feito com outra editora, que n\u00e3o se interessa por fazer uma nova tiragem&#8221;, conta o publisher Henrique Volpi, s\u00f3cio da Editorama, primeira editora brasileira a firmar um acordo de vendas no modelo de impress\u00e3o sob demanda com a BookSurge, subsidi\u00e1ria da Amazon.<\/p>\n<p>A partir da semana que vem, tr\u00eas t\u00edtulos da editora poder\u00e3o ser comprados no site da Amazon. At\u00e9 agosto, esse n\u00famero deve subir para 50. A Amazon n\u00e3o manter\u00e1 estoques. Os livros ser\u00e3o impressos nos Estados Unidos de acordo com a demanda.<\/p>\n<p>Adquirida pela Amazon em 2005, a BookSurge \u00e9 filha do boom da autopublica\u00e7\u00e3o. Foi fundada em 2000 por um grupo de escritores cansados da rejei\u00e7\u00e3o das grandes editoras e que buscavam melhores condi\u00e7\u00f5es para se publicar e vender livros. Hoje, a empresa ainda oferece servi\u00e7o de autopublica\u00e7\u00e3o e concentra todos os neg\u00f3cios de impress\u00e3o. H\u00e1 dois anos, firmou um acordo com grandes editoras, como HarperCollins, Pearson, Oxford University Press, entre outras, para imprimir sob demanda e vender no site da Amazon todos os seus t\u00edtulos ativos e fora de cat\u00e1logo.<\/p>\n<p>Enquanto no Brasil esse mercado \u00e9 nascente, ainda com poucas editoras, nos Estados Unidos j\u00e1 h\u00e1 dezenas. Algumas dedicam-se a publicar livros de maiores pretens\u00f5es liter\u00e1rias, com servi\u00e7os de edi\u00e7\u00e3o e revis\u00e3o. Mas o grosso desse mercado \u00e9 a a publica\u00e7\u00e3o de livros cujo alcance n\u00e3o vai muito al\u00e9m do pr\u00f3prio autor e seus familiares &#8211; segmento que nos EUA \u00e9 chamado de &#8220;Vanity Press&#8221;, ou &#8220;editora de vaidades&#8221;.<\/p>\n<p>O mais popular dos sites de autopublica\u00e7\u00e3o \u00e9 o Lulu.com, que permite materializar qualquer tipo de livro &#8211; romances, cat\u00e1logos, livro de receitas, \u00e1lbuns de foto -, al\u00e9m de CDs e DVDs. O usu\u00e1rio faz tudo pela internet, escolhe entre alguns modelos padr\u00f5es de diagrama\u00e7\u00e3o e de capa e, em poucos dias, recebe o produto em casa, na quantidade que desejar. O site possui ainda uma loja virtual onde a cria\u00e7\u00e3o de todos os seus clientes pode ser adquirida, dentro do sistema de impress\u00e3o sob demanda.<\/p>\n<p>O modelo de autopublica\u00e7\u00e3o tem sido muito procurado por autores que n\u00e3o t\u00eam acesso a grandes editoras e tamb\u00e9m por mestres e doutores interessados em publicar suas teses. Outro grande fil\u00e3o \u00e9 o de livros t\u00e9cnicos e cient\u00edficos escritos por professores, m\u00e9dicos, advogados, engenheiros, que costumam dar aulas ou palestras. &#8220;Esses profissionais, que vendem os pr\u00f3prios livros em palestras, est\u00e3o vendo que ganham muito mais na autopublica\u00e7\u00e3o do que em uma edi\u00e7\u00e3o tradicional&#8221;, explica Jo\u00e3o Scortecci, escritor e empres\u00e1rio que est\u00e1 nesse mercado de autopublica\u00e7\u00e3o h\u00e1 quase 30 anos. Com servi\u00e7os de edi\u00e7\u00e3o, gr\u00e1fica e comercializa\u00e7\u00e3o, o grupo Scortecci fatura R$ 5 milh\u00f5es.<\/p>\n<p>Ele diz que esse mercado mudou radicalmente nos \u00faltimos cinco anos. &#8220;Havia muito preconceito, mas hoje os autores est\u00e3o vendo que eles t\u00eam muito a ganhar.&#8221; Na opini\u00e3o dele, al\u00e9m da evolu\u00e7\u00e3o tecnol\u00f3gica das impressoras, esse mercado vem sendo impulsionado por uma mudan\u00e7a de comportamento. &#8220;Com essa onda de blogs, tem muita gente exercitando a escrita e querendo transformar seus di\u00e1rios, suas experi\u00eancias, em livros.&#8221;<\/p>\n<p>Scortecci reconhece que o preconceito contra a autopublica\u00e7\u00e3o ainda n\u00e3o acabou, mas rebate exibindo alguns pr\u00eamios liter\u00e1rios importantes: melhor livro de poesia da Academia Brasileira de Letras em 2008, com &#8220;Discurso Urbano&#8221;, de Izacyl Guimar\u00e3es Ferreira, e melhor romance da Funda\u00e7\u00e3o Biblioteca Nacional, em 2007, com &#8220;O Tempo F\u00edsico&#8221;, de Idalina Azevedo da Silva.<\/p>\n","protected":false},"excerpt":{"rendered":"<p>O ESTADO DE S\u00c3O PAULO, 15.03.2009, p. B12 &#8211; Economia &#8211; Tecnologia Mariana Barbosa Internet d\u00e1 novo f\u00f4lego a editoras especializadas em ?autopublica\u00e7\u00e3o? A revolu\u00e7\u00e3o de costumes provocada pela internet &#8211; que transformou a ind\u00fastria fonogr\u00e1fica &#8211; est\u00e1 chegando ao mercado editorial e invertendo a rela\u00e7\u00e3o de poder entre editoras e escritores. Nos Estados Unidos, &#8230; <a title=\"Publica\u00e7\u00e3o de livro entra na era virtual\" class=\"read-more\" href=\"https:\/\/mundobibliotecario.com.br\/index.php\/2009\/03\/17\/publicacao-de-livro-entra-na-era-virtual\/\" aria-label=\"Read more about Publica\u00e7\u00e3o de livro entra na era virtual\">Ler mais<\/a><\/p>\n","protected":false},"author":1,"featured_media":0,"comment_status":"open","ping_status":"open","sticky":false,"template":"","format":"standard","meta":{"_mi_skip_tracking":false,"_exactmetrics_sitenote_active":false,"_exactmetrics_sitenote_note":"","_exactmetrics_sitenote_category":0,"_jetpack_newsletter_access":"","footnotes":""},"categories":[60],"tags":[308,9],"class_list":["post-482","post","type-post","status-publish","format-standard","hentry","category-noticias","tag-editorama","tag-livro"],"jetpack_featured_media_url":"","jetpack_sharing_enabled":true,"jetpack-related-posts":[{"id":4951,"url":"https:\/\/mundobibliotecario.com.br\/index.php\/2018\/07\/23\/7-plataformas-para-autopublicacao-para-novos-escritores\/","url_meta":{"origin":482,"position":0},"title":"7 plataformas para autopublica\u00e7\u00e3o para novos escritores","author":"mundobibliotecario","date":"23\/07\/2018","format":false,"excerpt":"Publicar um livro ainda \u00e9 tarefa \u00e1rdua, especialmente quando o autor busca unicamente da forma mais tradicional, esperando ter enfim seu original aprovado por uma grande editora. No entanto, hoje existem alternativas interessantes, num mercado que cresce diariamente, pois as plataformas de autopublica\u00e7\u00e3o possibilitam a todos que desejem publicar e\u2026","rel":"","context":"Em &quot;Not\u00edcias&quot;","block_context":{"text":"Not\u00edcias","link":"https:\/\/mundobibliotecario.com.br\/index.php\/category\/noticias\/"},"img":{"alt_text":"","src":"","width":0,"height":0},"classes":[]},{"id":5002,"url":"https:\/\/mundobibliotecario.com.br\/index.php\/2018\/09\/12\/empreitadas-digitais-do-livro\/","url_meta":{"origin":482,"position":1},"title":"Empreitadas digitais do livro","author":"mundobibliotecario","date":"12\/09\/2018","format":false,"excerpt":"Terceira edi\u00e7\u00e3o do Pr\u00eamio Kindle de Literatura segue com inscri\u00e7\u00f5es abertas at\u00e9 15 de outubro \u00a0 \u00a0 \u00a0 \u00a0 \u00a0 \u00a0 Ricardo Garrido, gerente geral de aquisi\u00e7\u00e3o de conte\u00fado para Kindle: \"Em 2012, t\u00ednhamos 12 mil livros digitais em portugu\u00eas; hoje, temos mais de 150 mil\" \u00a0 \u00a0 Foi durante\u2026","rel":"","context":"Em &quot;Not\u00edcias&quot;","block_context":{"text":"Not\u00edcias","link":"https:\/\/mundobibliotecario.com.br\/index.php\/category\/noticias\/"},"img":{"alt_text":"","src":"https:\/\/i0.wp.com\/diariodonordeste.verdesmares.com.br\/polopoly_fs\/1.1995029.1536099838!\/image\/image.jpg_gen\/derivatives\/landscape_310\/image.jpg?resize=350%2C200","width":350,"height":200},"classes":[]},{"id":4719,"url":"https:\/\/mundobibliotecario.com.br\/index.php\/2018\/03\/15\/radiografia-da-autopublicacao-na-america-latina\/","url_meta":{"origin":482,"position":2},"title":"Radiografia da autopublica\u00e7\u00e3o na Am\u00e9rica Latina","author":"mundobibliotecario","date":"15\/03\/2018","format":false,"excerpt":"Radiograf\u00eda de la autopublicaci\u00f3n en Am\u00e9rica Latina. [e-Book]\u00a0 Bogot\u00e1, Cerlalc, 2018 Texto completo O surgimento da Internet e as novas tecnologias da informa\u00e7\u00e3o e da comunica\u00e7\u00e3o geraram um fen\u00f4meno sem precedentes na hist\u00f3ria da humanidade: qualquer pessoa hoje tem a possibilidade de publicar conte\u00fado e distribu\u00ed-lo instantaneamente onde quer que\u2026","rel":"","context":"Em &quot;Not\u00edcias&quot;","block_context":{"text":"Not\u00edcias","link":"https:\/\/mundobibliotecario.com.br\/index.php\/category\/noticias\/"},"img":{"alt_text":"","src":"https:\/\/i0.wp.com\/mundobibliotecario.com.br\/wp-content\/uploads\/2018\/03\/38585629990_1c28ac2ef4_o_d.png?resize=350%2C200","width":350,"height":200},"classes":[]},{"id":3143,"url":"https:\/\/mundobibliotecario.com.br\/index.php\/2013\/06\/20\/meditacoes-sobre-um-manifesto-bibliotecario\/","url_meta":{"origin":482,"position":3},"title":"Medita\u00e7\u00f5es sobre um manifesto bibliotec\u00e1rio","author":"mundobibliotecario","date":"20\/06\/2013","format":false,"excerpt":"Bibliotec\u00e1rios, n\u00e3o sei se ir\u00e3o \u00e0s ruas por uma causa profissional, mas em meio a tantas e di\u00e1rias manifesta\u00e7\u00f5es, no m\u00ednimo h\u00e1 que se pensar um pouco em algumas quest\u00f5es, para o bem do presente e do futuro de nossa profiss\u00e3o. Estamos subordinados \u00e0s editoras, e por editoras me refiro\u2026","rel":"","context":"Em &quot;Reflex\u00f5es&quot;","block_context":{"text":"Reflex\u00f5es","link":"https:\/\/mundobibliotecario.com.br\/index.php\/category\/reflexoes\/"},"img":{"alt_text":"","src":"","width":0,"height":0},"classes":[]},{"id":544,"url":"https:\/\/mundobibliotecario.com.br\/index.php\/2009\/04\/13\/empresas-do-ramo-dos-livros-sentem-peso-da-concorrencia\/","url_meta":{"origin":482,"position":4},"title":"Empresas do ramo dos livros sentem peso da concorr\u00eancia","author":"mundobibliotecario","date":"13\/04\/2009","format":false,"excerpt":"Nilbberth Silva \/ Ag\u00eancia USP O mercado do livro no Pa\u00eds enfrenta dificuldades cr\u00f4nicas pr\u00f3prias da \u00e1rea e excesso de competi\u00e7\u00e3o. As editoras de sucesso s\u00e3o aquelas que t\u00eam vantagens, como a vincula\u00e7\u00e3o a empresas maiores, multinacionais estrangeiras, organiza\u00e7\u00f5es religiosas ou sistemas de ensino. Os leitores aprendem a ler por\u2026","rel":"","context":"Em &quot;Not\u00edcias&quot;","block_context":{"text":"Not\u00edcias","link":"https:\/\/mundobibliotecario.com.br\/index.php\/category\/noticias\/"},"img":{"alt_text":"","src":"","width":0,"height":0},"classes":[]},{"id":7947,"url":"https:\/\/mundobibliotecario.com.br\/index.php\/2020\/12\/02\/com-um-olho-no-mercado-e-o-outro-no-publico-final-bienal-virtual-de-sp-comeca-na-proxima-segunda\/","url_meta":{"origin":482,"position":5},"title":"Com um olho no mercado e o outro no p\u00fablico final, Bienal Virtual de SP come\u00e7a na pr\u00f3xima segunda","author":"mundobibliotecario","date":"02\/12\/2020","format":false,"excerpt":"Programa\u00e7\u00e3o foi dividida em tr\u00eas espa\u00e7os: a Arena Virtual, o Sal\u00e3o de Ideias e o Papo de Mercado e o PN destacou algumas das mesas que acontecer\u00e3o nos pr\u00f3ximos dias Com a edi\u00e7\u00e3o presencial da Bienal Internacional do Livro de S\u00e3o Paulo adiada para 2022, este ano a C\u00e2mara Brasileira\u2026","rel":"","context":"Em &quot;Not\u00edcias&quot;","block_context":{"text":"Not\u00edcias","link":"https:\/\/mundobibliotecario.com.br\/index.php\/category\/noticias\/"},"img":{"alt_text":"","src":"https:\/\/i0.wp.com\/www.publishnews.com.br\/estaticos\/uploads\/2020\/12\/vfudJqLrHJ9n3Bq5zmxy7KMotbdG23OCY7o2kFPkuAUOLHWMKYAPlzQ06mxWqXJRzMmDXovGGF3q4S9r.jpg?resize=350%2C200&ssl=1","width":350,"height":200},"classes":[]}],"jetpack_likes_enabled":true,"jetpack_shortlink":"https:\/\/wp.me\/pcbzwa-7M","_links":{"self":[{"href":"https:\/\/mundobibliotecario.com.br\/index.php\/wp-json\/wp\/v2\/posts\/482","targetHints":{"allow":["GET"]}}],"collection":[{"href":"https:\/\/mundobibliotecario.com.br\/index.php\/wp-json\/wp\/v2\/posts"}],"about":[{"href":"https:\/\/mundobibliotecario.com.br\/index.php\/wp-json\/wp\/v2\/types\/post"}],"author":[{"embeddable":true,"href":"https:\/\/mundobibliotecario.com.br\/index.php\/wp-json\/wp\/v2\/users\/1"}],"replies":[{"embeddable":true,"href":"https:\/\/mundobibliotecario.com.br\/index.php\/wp-json\/wp\/v2\/comments?post=482"}],"version-history":[{"count":0,"href":"https:\/\/mundobibliotecario.com.br\/index.php\/wp-json\/wp\/v2\/posts\/482\/revisions"}],"wp:attachment":[{"href":"https:\/\/mundobibliotecario.com.br\/index.php\/wp-json\/wp\/v2\/media?parent=482"}],"wp:term":[{"taxonomy":"category","embeddable":true,"href":"https:\/\/mundobibliotecario.com.br\/index.php\/wp-json\/wp\/v2\/categories?post=482"},{"taxonomy":"post_tag","embeddable":true,"href":"https:\/\/mundobibliotecario.com.br\/index.php\/wp-json\/wp\/v2\/tags?post=482"}],"curies":[{"name":"wp","href":"https:\/\/api.w.org\/{rel}","templated":true}]}}