{"id":4824,"date":"2018-07-13T07:08:43","date_gmt":"2018-07-13T10:08:43","guid":{"rendered":"http:\/\/mundobibliotecario.com.br\/?p=4824"},"modified":"2018-07-13T07:08:43","modified_gmt":"2018-07-13T10:08:43","slug":"especial-10-anos-os-10-do-mundo-bibliotecario","status":"publish","type":"post","link":"https:\/\/mundobibliotecario.com.br\/index.php\/2018\/07\/13\/especial-10-anos-os-10-do-mundo-bibliotecario\/","title":{"rendered":"[Especial 10 anos] &#8211; Os 10+ do Mundo Bibliotec\u00e1rio"},"content":{"rendered":"<p>N\u00e3o \u00e9 todo dia que um blog comemora 10 anos.<\/p>\n<p>O tempo passou e esse dia chegou para o Mundo Bibliotec\u00e1rio!<\/p>\n<p><a href=\"https:\/\/mundobibliotecario.files.wordpress.com\/2016\/01\/logo_mundobiblio_030116.jpg\"><img loading=\"lazy\" decoding=\"async\" class=\"aligncenter wp-image-4165\" src=\"https:\/\/mundobibliotecario.files.wordpress.com\/2016\/01\/logo_mundobiblio_030116.jpg\" alt=\"\" width=\"364\" height=\"364\" srcset=\"https:\/\/mundobibliotecario.com.br\/wp-content\/uploads\/2016\/01\/logo_mundobiblio_030116.jpg 1111w, https:\/\/mundobibliotecario.com.br\/wp-content\/uploads\/2016\/01\/logo_mundobiblio_030116-300x300.jpg 300w, https:\/\/mundobibliotecario.com.br\/wp-content\/uploads\/2016\/01\/logo_mundobiblio_030116-1024x1024.jpg 1024w, https:\/\/mundobibliotecario.com.br\/wp-content\/uploads\/2016\/01\/logo_mundobiblio_030116-150x150.jpg 150w, https:\/\/mundobibliotecario.com.br\/wp-content\/uploads\/2016\/01\/logo_mundobiblio_030116-768x768.jpg 768w\" sizes=\"auto, (max-width: 364px) 100vw, 364px\" \/><\/a><\/p>\n<p>Comecei o blog despretensiosamente em 13 de julho de 2008, logo no primeiro ano da gradua\u00e7\u00e3o. E gra\u00e7as a voc\u00ea, leitor(a), ele continua!<\/p>\n<p>Ao longo do tempo muitas not\u00edcias foram compartilhadas, relatos de eventos que participei, concursos, o surgimento do curso de Biblioteconomia a dist\u00e2ncia, notas de falecimentos de personalidades da \u00e1rea, entre outros.<\/p>\n<p>Veja abaixo quais foram os 10+ mais nesses 10 anos!<!--more--><\/p>\n<h5>Os 10 principais Posts e P\u00e1ginas<\/h5>\n<p>P\u00e1gina inicial \/ Arquivos &#8211; 333.375 visualiza\u00e7\u00f5es<\/p>\n<p>Cursos EaD &#8211; 55.001 visualiza\u00e7\u00f5es<\/p>\n<p>Eventos &#8211; 26.415\u00a0visualiza\u00e7\u00f5es<\/p>\n<p>Conserva\u00e7\u00e3o de livros &#8211; 15.214\u00a0visualiza\u00e7\u00f5es<\/p>\n<p>Feira de livros &#8211; 12.662\u00a0visualiza\u00e7\u00f5es<\/p>\n<p>Professores t\u00eam estrat\u00e9gia para detectar pl\u00e1gio ou fraude em monografia &#8211; 10.357\u00a0visualiza\u00e7\u00f5es<\/p>\n<p>Novas normas da ABNT: NBR 10719:2015 e NBR 6021:2015 &#8211; 10.143<\/p>\n<p>A falta de h\u00e1bito de leitura e o analfabetismo funcional &#8211; 7.910\u00a0visualiza\u00e7\u00f5es<\/p>\n<p>Conhecendo o Di\u00e1rio Oficial da Uni\u00e3o &#8211; 7.692 visualiza\u00e7\u00f5es<\/p>\n<p>Insalubridade em Bibliotecas Garante Aposentadoria Especial &#8211; 6.019\u00a0visualiza\u00e7\u00f5es<\/p>\n<p>&nbsp;<\/p>\n<h5>Os 10 principais Referenciadores (Fontes de Tr\u00e1fego)<\/h5>\n<p>Sites de busca &#8211; 376.999\u00a0visualiza\u00e7\u00f5es<\/p>\n<p>Facebook &#8211; 20.879\u00a0visualiza\u00e7\u00f5es<\/p>\n<p>Painel do seu WordPress &#8211; 2.229\u00a0visualiza\u00e7\u00f5es<\/p>\n<p>android-app &#8211; 1.770\u00a0visualiza\u00e7\u00f5es<\/p>\n<p>Twitter &#8211; 1.761\u00a0visualiza\u00e7\u00f5es<\/p>\n<p>mail.yahoo.com &#8211; 898\u00a0visualiza\u00e7\u00f5es<\/p>\n<p>portaldobibliotecario.wordpress.com &#8211; 877\u00a0visualiza\u00e7\u00f5es<\/p>\n<p>snbp.bn.br &#8211; 608\u00a0visualiza\u00e7\u00f5es<\/p>\n<p>linkedin.com &#8211; 544\u00a0visualiza\u00e7\u00f5es<\/p>\n<p>snbp.culturadigital.br &#8211; 520\u00a0visualiza\u00e7\u00f5es<\/p>\n<p>&nbsp;<\/p>\n<h5>Os 10 principais Pa\u00edses<\/h5>\n<p>Brasil &#8211; 552.626\u00a0visualiza\u00e7\u00f5es<\/p>\n<p>Estados Unidos &#8211; 36.122\u00a0visualiza\u00e7\u00f5es<\/p>\n<p>Portugal &#8211; 6.964\u00a0visualiza\u00e7\u00f5es<\/p>\n<p>Angola &#8211; 966 visualiza\u00e7\u00f5es<\/p>\n<p>Mo\u00e7ambique &#8211; 905\u00a0visualiza\u00e7\u00f5es<\/p>\n<p>Canad\u00e1 &#8211; 749\u00a0visualiza\u00e7\u00f5es<\/p>\n<p>Espanha &#8211; 561\u00a0visualiza\u00e7\u00f5es<\/p>\n<p>Argentina &#8211; 381\u00a0visualiza\u00e7\u00f5es<\/p>\n<p>Alemanha &#8211; 329\u00a0visualiza\u00e7\u00f5es<\/p>\n<p>Fran\u00e7a &#8211; 324\u00a0visualiza\u00e7\u00f5es<\/p>\n<p>&nbsp;<\/p>\n<h5>Os 10 principais termos de busca<\/h5>\n<p>mundo bibliotecario &#8211; 2.226 visualiza\u00e7\u00f5es<\/p>\n<p>bibliotecario &#8211; 1.755\u00a0visualiza\u00e7\u00f5es<\/p>\n<p>biblioteconomia a distancia &#8211; 1.492\u00a0visualiza\u00e7\u00f5es<\/p>\n<p>mundo bibliotec\u00e1rio &#8211; 871\u00a0visualiza\u00e7\u00f5es<\/p>\n<p>abnt nbr 15287:2011 &#8211; 855\u00a0visualiza\u00e7\u00f5es<\/p>\n<p>concurso biblioteconomia &#8211; 809\u00a0visualiza\u00e7\u00f5es<\/p>\n<p>concursos biblioteconomia &#8211; 654\u00a0visualiza\u00e7\u00f5es<\/p>\n<p>bibliotec\u00e1rio &#8211; 632\u00a0visualiza\u00e7\u00f5es<\/p>\n<p>biblioteconomia concursos &#8211; 536\u00a0visualiza\u00e7\u00f5es<\/p>\n<p>abnt nbr 14724:2011 &#8211; 532\u00a0visualiza\u00e7\u00f5es<\/p>\n<p>&nbsp;<\/p>\n<h5>Os 10 principais Cliques<\/h5>\n<p>www.contentmind.com.br &#8211; 5.492\u00a0visualiza\u00e7\u00f5es<\/p>\n<p>extralibris.org &#8211; 3.465\u00a0visualiza\u00e7\u00f5es<\/p>\n<p>WordPress.com Media\u00a0 &#8211; 3.098\u00a0visualiza\u00e7\u00f5es<\/p>\n<p>www.pciconcursos.com.br &#8211; 2.738\u00a0visualiza\u00e7\u00f5es<\/p>\n<p>www.facebook.com &#8211; 2.419\u00a0visualiza\u00e7\u00f5es<\/p>\n<p>pt-br.wordpress.com &#8211; 2.293 visualiza\u00e7\u00f5es<\/p>\n<p>biblioteconomiaspvagas.com &#8211; 2.122\u00a0visualiza\u00e7\u00f5es<\/p>\n<p>www.bibliovagas.com.br &#8211; 1.930\u00a0visualiza\u00e7\u00f5es<\/p>\n<p>www.abnt.org.br &#8211; 1.467\u00a0visualiza\u00e7\u00f5es<\/p>\n<p>abntcatalogo.com.br &#8211; 1.450\u00a0visualiza\u00e7\u00f5es<\/p>\n","protected":false},"excerpt":{"rendered":"<p>N\u00e3o \u00e9 todo dia que um blog comemora 10 anos. O tempo passou e esse dia chegou para o Mundo Bibliotec\u00e1rio! Comecei o blog despretensiosamente em 13 de julho de 2008, logo no primeiro ano da gradua\u00e7\u00e3o. E gra\u00e7as a voc\u00ea, leitor(a), ele continua! Ao longo do tempo muitas not\u00edcias foram compartilhadas, relatos de eventos &#8230; <a title=\"[Especial 10 anos] &#8211; Os 10+ do Mundo Bibliotec\u00e1rio\" class=\"read-more\" href=\"https:\/\/mundobibliotecario.com.br\/index.php\/2018\/07\/13\/especial-10-anos-os-10-do-mundo-bibliotecario\/\" aria-label=\"Read more about [Especial 10 anos] &#8211; Os 10+ do Mundo Bibliotec\u00e1rio\">Ler mais<\/a><\/p>\n","protected":false},"author":1,"featured_media":0,"comment_status":"open","ping_status":"open","sticky":false,"template":"","format":"standard","meta":{"_mi_skip_tracking":false,"_exactmetrics_sitenote_active":false,"_exactmetrics_sitenote_note":"","_exactmetrics_sitenote_category":0,"_jetpack_newsletter_access":"","footnotes":""},"categories":[60],"tags":[685],"class_list":["post-4824","post","type-post","status-publish","format-standard","hentry","category-noticias","tag-mundo-bibliotecario"],"jetpack_featured_media_url":"","jetpack_sharing_enabled":true,"jetpack-related-posts":[{"id":9838,"url":"https:\/\/mundobibliotecario.com.br\/index.php\/2022\/03\/04\/live-panorama-das-bibliotecas-em-relacao-a-agenda-2030-10-03\/","url_meta":{"origin":4824,"position":0},"title":"Live: Panorama das bibliotecas em rela\u00e7\u00e3o \u00e0 Agenda 2030 \u2013 10\/03","author":"mundobibliotecario","date":"04\/03\/2022","format":false,"excerpt":"Para comemorar o\u00a0Dia do Bibliotec\u00e1rio\u00a0e dar continuidade \u00e0 s\u00e9rie de\u00a0lives\u00a0que abordam as necessidades atuais das bibliotecas universit\u00e1rias e da comunidade acad\u00eamica, o Sistema Integrado de Bibliotecas (SIBi-UFSCar) e o\u00a0Departamento de Ci\u00eancia da Informa\u00e7\u00e3o organizaram a\u00a0live\u00a0\u201cOito anos pela frente e o panorama das bibliotecas em rela\u00e7\u00e3o \u00e0 Agenda 2030\u201d.\u00a0\u00a0Restam apenas oito\u2026","rel":"","context":"Em &quot;Not\u00edcias&quot;","block_context":{"text":"Not\u00edcias","link":"https:\/\/mundobibliotecario.com.br\/index.php\/category\/noticias\/"},"img":{"alt_text":"dia do bibliotecario ufscar","src":"https:\/\/i0.wp.com\/mundobibliotecario.com.br\/wp-content\/uploads\/2022\/03\/image-1.jpeg?resize=350%2C200&ssl=1","width":350,"height":200},"classes":[]},{"id":1677,"url":"https:\/\/mundobibliotecario.com.br\/index.php\/2011\/01\/12\/nova-pagina-no-mundo-bibliotecario\/","url_meta":{"origin":4824,"position":1},"title":"Nova p\u00e1gina no Mundo Bibliotec\u00e1rio!","author":"mundobibliotecario","date":"12\/01\/2011","format":false,"excerpt":"Foi lan\u00e7ada hoje a nova p\u00e1gina do Mundo Bibliotec\u00e1rio chamada \"Eventos de Biblioteconomia e Ci\u00eancia da Informa\u00e7\u00e3o\"! Cont\u00e9m eventos nacionais e internacionais da \u00e1rea e ser\u00e1 continuamente atualizada, conforme j\u00e1 acontece com\u00a0as\u00a0p\u00e1ginas \"Feira de livros no Brasil\" e \"Feira de livros no mundo\". Para isso, aceito sugest\u00f5es para complementar o\u2026","rel":"","context":"Em &quot;Not\u00edcias&quot;","block_context":{"text":"Not\u00edcias","link":"https:\/\/mundobibliotecario.com.br\/index.php\/category\/noticias\/"},"img":{"alt_text":"","src":"","width":0,"height":0},"classes":[]},{"id":1693,"url":"https:\/\/mundobibliotecario.com.br\/index.php\/2011\/01\/20\/mais-uma-nova-pagina-no-mundo-bibliotecario\/","url_meta":{"origin":4824,"position":2},"title":"Mais uma nova p\u00e1gina no Mundo Bibliotec\u00e1rio","author":"mundobibliotecario","date":"20\/01\/2011","format":false,"excerpt":"Diante da alta procura por cursos de Biblioteconomia e Ci\u00eancia da Informa\u00e7\u00e3o neste blog, criei a p\u00e1gina Cursos a dist\u00e2ncia em Biblioteconomia e Ci\u00eancia da Informa\u00e7\u00e3o! Possui cursos nacionais e internacionais que visam \u00e0 atualiza\u00e7\u00e3o do profissional bibliotec\u00e1rio. Os temas s\u00e3o variados, assim como as datas e os valores. Bons\u2026","rel":"","context":"Em &quot;Not\u00edcias&quot;","block_context":{"text":"Not\u00edcias","link":"https:\/\/mundobibliotecario.com.br\/index.php\/category\/noticias\/"},"img":{"alt_text":"","src":"","width":0,"height":0},"classes":[]},{"id":5390,"url":"https:\/\/mundobibliotecario.com.br\/index.php\/2019\/12\/30\/estudo-de-usuarios-na-web-conheca-duas-tecnicas-que-o-curso-de-biblioteconomia-nao-ensina\/","url_meta":{"origin":4824,"position":3},"title":"Estudo de usu\u00e1rios na web: conhe\u00e7a duas t\u00e9cnicas que o curso de Biblioteconomia n\u00e3o ensina","author":"mundobibliotecario","date":"30\/12\/2019","format":false,"excerpt":"Se voc\u00ea \u00e9 o respons\u00e1vel pelo gerenciamento das redes sociais da biblioteca, provavelmente j\u00e1 deve ter visto gr\u00e1ficos e n\u00fameros fornecidas pelas pr\u00f3prias redes. Eles variam desde a quantidade de compartilhamentos, curtidas, informa\u00e7\u00f5es demogr\u00e1ficas e outras. \u00c9 preciso ir al\u00e9m desses dados e entender como eles podem ser aplicados na\u2026","rel":"","context":"Em &quot;Not\u00edcias&quot;","block_context":{"text":"Not\u00edcias","link":"https:\/\/mundobibliotecario.com.br\/index.php\/category\/noticias\/"},"img":{"alt_text":"","src":"https:\/\/i0.wp.com\/mundobibliotecario.com.br\/wp-content\/uploads\/2020\/01\/instagram.png?resize=350%2C200&ssl=1","width":350,"height":200},"classes":[]},{"id":4711,"url":"https:\/\/mundobibliotecario.com.br\/index.php\/2018\/03\/12\/dia-do-bibliotecario-entrevista-com-jose-domingos-brito\/","url_meta":{"origin":4824,"position":4},"title":"Dia do Bibliotec\u00e1rio: Entrevista com Jos\u00e9 Domingos Brito","author":"mundobibliotecario","date":"12\/03\/2018","format":false,"excerpt":"Para comemorar o Dia do Bibliotec\u00e1rio, o Mundo Bibliotec\u00e1rio realizou uma entrevista exclusiva com fundador do Sindicato dos Bibliotec\u00e1rios, Cientistas da Informa\u00e7\u00e3o, Historiadores, Muse\u00f3logos, Documentalistas, Arquivistas, Auxiliares de Biblioteca e de Centros de Documenta\u00e7\u00e3o no Estado de S\u00e3o Paulo (SinBiesp), Jos\u00e9 Domingos Brito! Confira! Mundo Bibliotec\u00e1rio - Como voc\u00ea se\u2026","rel":"","context":"Em &quot;Not\u00edcias&quot;","block_context":{"text":"Not\u00edcias","link":"https:\/\/mundobibliotecario.com.br\/index.php\/category\/noticias\/"},"img":{"alt_text":"","src":"","width":0,"height":0},"classes":[]},{"id":4966,"url":"https:\/\/mundobibliotecario.com.br\/index.php\/2018\/08\/05\/mesas-redondas-sinbiesp-na-25a-bienal-2018\/","url_meta":{"origin":4824,"position":5},"title":"Mesas redondas SinBiesp na 25\u00aa Bienal 2018","author":"mundobibliotecario","date":"05\/08\/2018","format":false,"excerpt":"DIA 07\/08\/2018 Ter\u00e7a-feira \u2013 14:30 hs \u00e1s 16:00hs \u00a0Abertura da primeira mesa redonda da programa\u00e7\u00e3o do SinBiesp Vera Stefanov\u00a0\u00a0\u2013 Consultora\u00a0da\u00a0 Bibliotec Gerenciamento da Informa\u00e7\u00e3o, criada em \u00a01989 e respons\u00e1vel\u00a0por desvendar o mercado com implanta\u00e7\u00e3o de bibliotecas nos mais diversos ramos de atividade.\u00a0Presidente do Sindicato dos Bibliotec\u00e1rios do Estado de S\u00e3o\u2026","rel":"","context":"Em &quot;Not\u00edcias&quot;","block_context":{"text":"Not\u00edcias","link":"https:\/\/mundobibliotecario.com.br\/index.php\/category\/noticias\/"},"img":{"alt_text":"","src":"","width":0,"height":0},"classes":[]}],"jetpack_likes_enabled":true,"jetpack_shortlink":"https:\/\/wp.me\/pcbzwa-1fO","_links":{"self":[{"href":"https:\/\/mundobibliotecario.com.br\/index.php\/wp-json\/wp\/v2\/posts\/4824","targetHints":{"allow":["GET"]}}],"collection":[{"href":"https:\/\/mundobibliotecario.com.br\/index.php\/wp-json\/wp\/v2\/posts"}],"about":[{"href":"https:\/\/mundobibliotecario.com.br\/index.php\/wp-json\/wp\/v2\/types\/post"}],"author":[{"embeddable":true,"href":"https:\/\/mundobibliotecario.com.br\/index.php\/wp-json\/wp\/v2\/users\/1"}],"replies":[{"embeddable":true,"href":"https:\/\/mundobibliotecario.com.br\/index.php\/wp-json\/wp\/v2\/comments?post=4824"}],"version-history":[{"count":0,"href":"https:\/\/mundobibliotecario.com.br\/index.php\/wp-json\/wp\/v2\/posts\/4824\/revisions"}],"wp:attachment":[{"href":"https:\/\/mundobibliotecario.com.br\/index.php\/wp-json\/wp\/v2\/media?parent=4824"}],"wp:term":[{"taxonomy":"category","embeddable":true,"href":"https:\/\/mundobibliotecario.com.br\/index.php\/wp-json\/wp\/v2\/categories?post=4824"},{"taxonomy":"post_tag","embeddable":true,"href":"https:\/\/mundobibliotecario.com.br\/index.php\/wp-json\/wp\/v2\/tags?post=4824"}],"curies":[{"name":"wp","href":"https:\/\/api.w.org\/{rel}","templated":true}]}}