{"id":4847,"date":"2010-03-23T08:35:47","date_gmt":"2010-03-23T11:35:47","guid":{"rendered":"http:\/\/mundobibliotecario.wordpress.com\/?p=1179"},"modified":"2010-03-23T08:35:47","modified_gmt":"2010-03-23T11:35:47","slug":"palestra-bibliotecas-na-era-digital-desafios-e-perspectivas-as-atividades-da-biblioteca-estadual-da-baviera-2","status":"publish","type":"post","link":"https:\/\/mundobibliotecario.com.br\/index.php\/2010\/03\/23\/palestra-bibliotecas-na-era-digital-desafios-e-perspectivas-as-atividades-da-biblioteca-estadual-da-baviera-2\/","title":{"rendered":"Palestra &quot;Bibliotecas na era digital: desafios e perspectivas, as atividades da Biblioteca Estadual da Baviera&quot;"},"content":{"rendered":"<p>*O Goethe-Institut S\u00e3o Paulo com apoio do Ita\u00fa Cultural promove a palestra*<br \/>\n*&#8221;Bibliotecas na era digital: desafios e perspectivas, as atividades da Biblioteca Estadual da Baviera&#8221;*<br \/>\npor *Klaus Ceynowa*, diretor da Biblioteca Estadual da Baviera<br \/>\nLocalizada em Munique e fundada em 1558, a Biblioteca Estadual da Baviera ( www.bsb-muenchen.de ) \u00e9 considerada uma das mais importantes bibliotecas da Europa, tendo recebido o honroso pr\u00eamio alem\u00e3o &#8220;Biblioteca do Ano 2008&#8221; pela excel\u00eancia de seus servi\u00e7os.<br \/>\n\u00c9 refer\u00eancia na Alemanha na \u00e1rea de preserva\u00e7\u00e3o e restaura\u00e7\u00e3o de acervos raros, digitaliza\u00e7\u00e3o e armazenamento permanente, al\u00e9m da Web 3D.<br \/>\nData: 24 de mar\u00e7o de 2010, 4\u00aa feira\u00a0 Hor\u00e1rio: 19:30h at\u00e9 21:30h\u00a0a partir de 19:00 h ser\u00e1 servido um caf\u00e9<br \/>\nLocal: Audit\u00f3rio do Ita\u00fa Cultural<br \/>\nAvenida Paulista 149, t\u00e9rreo &#8211; S\u00e3o Paulo &#8211; SP<br \/>\nEsta\u00e7\u00e3o Brigadeiro do metr\u00f4<br \/>\nEntrada livre<br \/>\nTradu\u00e7\u00e3o simult\u00e2nea do alem\u00e3o<br \/>\nInscri\u00e7\u00e3o gratuita e antecipada atrav\u00e9s do email<br \/>\nbiblioteca@saopaulo.goethe.org ou telefones 11-3296-7001\/3296-7051<br \/>\nRua Lisboa 974<br \/>\n05413-001 S\u00e3o Paulo &#8211; SP &#8211; Brasil<br \/>\nFone: + 55-11-3296-7001 (biblioteca)<br \/>\nFone: + 55-11-3296-7000 (PABX)<br \/>\nsannazzaro@saopaulo.goethe.org<br \/>\nwww.goethe.de\/saopaulo<\/p>\n","protected":false},"excerpt":{"rendered":"<p>*O Goethe-Institut S\u00e3o Paulo com apoio do Ita\u00fa Cultural promove a palestra* *&#8221;Bibliotecas na era digital: desafios e perspectivas, as atividades da Biblioteca Estadual da Baviera&#8221;* por *Klaus Ceynowa*, diretor da Biblioteca Estadual da Baviera Localizada em Munique e fundada em 1558, a Biblioteca Estadual da Baviera ( www.bsb-muenchen.de ) \u00e9 considerada uma das mais &#8230; <a title=\"Palestra &quot;Bibliotecas na era digital: desafios e perspectivas, as atividades da Biblioteca Estadual da Baviera&quot;\" class=\"read-more\" href=\"https:\/\/mundobibliotecario.com.br\/index.php\/2010\/03\/23\/palestra-bibliotecas-na-era-digital-desafios-e-perspectivas-as-atividades-da-biblioteca-estadual-da-baviera-2\/\" aria-label=\"Read more about Palestra &quot;Bibliotecas na era digital: desafios e perspectivas, as atividades da Biblioteca Estadual da Baviera&quot;\">Ler mais<\/a><\/p>\n","protected":false},"author":1,"featured_media":0,"comment_status":"open","ping_status":"open","sticky":false,"template":"","format":"standard","meta":{"_mi_skip_tracking":false,"_exactmetrics_sitenote_active":false,"_exactmetrics_sitenote_note":"","_exactmetrics_sitenote_category":0,"_jetpack_newsletter_access":"","footnotes":""},"categories":[27],"tags":[186],"class_list":["post-4847","post","type-post","status-publish","format-standard","hentry","category-eventos","tag-palestra"],"jetpack_featured_media_url":"","jetpack_sharing_enabled":true,"jetpack-related-posts":[{"id":1179,"url":"https:\/\/mundobibliotecario.com.br\/index.php\/2010\/03\/23\/palestra-bibliotecas-na-era-digital-desafios-e-perspectivas-as-atividades-da-biblioteca-estadual-da-baviera\/","url_meta":{"origin":4847,"position":0},"title":"Palestra &#8220;Bibliotecas na era digital: desafios e perspectivas, as atividades da Biblioteca Estadual da Baviera&#8221;","author":"mundobibliotecario","date":"23\/03\/2010","format":false,"excerpt":"*O Goethe-Institut S\u00e3o Paulo com apoio do Ita\u00fa Cultural promove a palestra* *\"Bibliotecas na era digital: desafios e perspectivas, as atividades da Biblioteca Estadual da Baviera\"* por *Klaus Ceynowa*, diretor da Biblioteca Estadual da Baviera Localizada em Munique e fundada em 1558, a Biblioteca Estadual da Baviera ( www.bsb-muenchen.de )\u2026","rel":"","context":"Em &quot;Eventos&quot;","block_context":{"text":"Eventos","link":"https:\/\/mundobibliotecario.com.br\/index.php\/category\/eventos\/"},"img":{"alt_text":"","src":"","width":0,"height":0},"classes":[]},{"id":4848,"url":"https:\/\/mundobibliotecario.com.br\/index.php\/2010\/03\/23\/palestra-bibliotecas-na-era-digital-desafios-e-perspectivas-as-atividades-da-biblioteca-estadual-da-baviera-2-2\/","url_meta":{"origin":4847,"position":1},"title":"Palestra &#034;Bibliotecas na era digital: desafios e perspectivas, as atividades da Biblioteca Estadual da Baviera&#034;","author":"mundobibliotecario","date":"23\/03\/2010","format":false,"excerpt":"*O Goethe-Institut S\u00e3o Paulo com apoio do Ita\u00fa Cultural promove a palestra* *\"Bibliotecas na era digital: desafios e perspectivas, as atividades da Biblioteca Estadual da Baviera\"* por *Klaus Ceynowa*, diretor da Biblioteca Estadual da Baviera Localizada em Munique e fundada em 1558, a Biblioteca Estadual da Baviera ( www.bsb-muenchen.de )\u2026","rel":"","context":"Em &quot;Eventos&quot;","block_context":{"text":"Eventos","link":"https:\/\/mundobibliotecario.com.br\/index.php\/category\/eventos\/"},"img":{"alt_text":"","src":"","width":0,"height":0},"classes":[]},{"id":1458,"url":"https:\/\/mundobibliotecario.com.br\/index.php\/2010\/09\/18\/palestra-arquivamento-do-passado-para-o-futuro-modernos-metodos-de-preservacao-de-acervos-de-bibliotecas-o-centro-de-digitalizacao-da-biblioteca-estadual-da-baviera\/","url_meta":{"origin":4847,"position":2},"title":"Palestra: Arquivamento do passado para o futuro: modernos m\u00e9todos de preserva\u00e7\u00e3o de acervos de bibliotecas &#8211; O Centro de Digitaliza\u00e7\u00e3o da Biblioteca Estadual da Baviera","author":"mundobibliotecario","date":"18\/09\/2010","format":false,"excerpt":"O Goethe-Institut S\u00e3o Paulo, com o apoio da Funda\u00e7\u00e3o Memorial da Am\u00e9rica Latina promove a palestra : Arquivamento do passado para o futuro: modernos m\u00e9todos de preserva\u00e7\u00e3o de acervos de bibliotecas - O Centro de Digitaliza\u00e7\u00e3o da Biblioteca Estadual da Baviera Desde 1997, o Centro de Digitaliza\u00e7\u00e3o da Biblioteca Estadual\u2026","rel":"","context":"Em &quot;Eventos&quot;","block_context":{"text":"Eventos","link":"https:\/\/mundobibliotecario.com.br\/index.php\/category\/eventos\/"},"img":{"alt_text":"","src":"","width":0,"height":0},"classes":[]},{"id":1479,"url":"https:\/\/mundobibliotecario.com.br\/index.php\/2010\/10\/05\/semana-nacional-do-livro-e-da-biblioteca-faculdade-de-odontologia-de-araraquara\/","url_meta":{"origin":4847,"position":3},"title":"Semana Nacional do Livro e da Biblioteca &#8211; Faculdade de Odontologia de Araraquara","author":"mundobibliotecario","date":"05\/10\/2010","format":false,"excerpt":"Semana Nacional do Livro e da Biblioteca Biblioteca Profa. Maria Dilma de Oliveira Gon\u00e7alves Faculdade de Odontologia de Araraquara De 18 a 22 de outubro de 2010 Tema: \u201cA evolu\u00e7\u00e3o da informa\u00e7\u00e3o\u201d Exposi\u00e7\u00e3o \u201cA evolu\u00e7\u00e3o da informa\u00e7\u00e3o\u201d Exposi\u00e7\u00e3o de Fotos: \u201cA biblioteca da Faculdade de Odontologia dos anos 60 at\u00e9\u2026","rel":"","context":"Em &quot;Eventos&quot;","block_context":{"text":"Eventos","link":"https:\/\/mundobibliotecario.com.br\/index.php\/category\/eventos\/"},"img":{"alt_text":"","src":"","width":0,"height":0},"classes":[]},{"id":2631,"url":"https:\/\/mundobibliotecario.com.br\/index.php\/2012\/06\/24\/biblioteca-porto-do-saber-curso-formacao-do-leitor\/","url_meta":{"origin":4847,"position":4},"title":"Biblioteca Porto do Saber &#8211; Curso Forma\u00e7\u00e3o do Leitor","author":"mundobibliotecario","date":"24\/06\/2012","format":false,"excerpt":"Biblioteca do futuro: sonho ou realidade? Na pr\u00f3xima quarta-feira dia 27 a Biblioteca Porto do Saber (Praia Grande) sediar\u00e1 o curso: A Forma\u00e7\u00e3o do Leitor Brasileiro e as Novas Plataformas Digitais e Sociais de Leitura dos E-books, E-readers, Tablets, Bibliotecas Digitais e M\u00eddias Sociais, promovido pela Secretaria da Cultura e\u2026","rel":"","context":"Em &quot;Eventos&quot;","block_context":{"text":"Eventos","link":"https:\/\/mundobibliotecario.com.br\/index.php\/category\/eventos\/"},"img":{"alt_text":"","src":"","width":0,"height":0},"classes":[]},{"id":175,"url":"https:\/\/mundobibliotecario.com.br\/index.php\/2008\/11\/18\/palestras-do-1%c2%ba-encontro-do-sistema-municipal-de-bibliotecas-publicas-de-sao-paulo-desafios-e-propostas-de-atuacao\/","url_meta":{"origin":4847,"position":5},"title":"Palestras do 1\u00ba Encontro do Sistema Municipal de Bibliotecas P\u00fablicas de S\u00e3o Paulo: desafios e propostas de atua\u00e7\u00e3o","author":"mundobibliotecario","date":"18\/11\/2008","format":false,"excerpt":"As palestras do primeiro Encontro do Sistema Municipal de Bibliotecas P\u00fablicas de S\u00e3o Paulo, ocorrido de 3 a 5 de novembro, est\u00e3o sendo preparadas em .pdf e estar\u00e3o a disposi\u00e7\u00e3o a partir de 2\u00aa feira, dia 17 de novembro de 2008 http:\/\/www.prefeitura.sp.gov.br\/cidade\/secretarias\/cultura\/bibliotecas\/ Fonte: BOB NEWS, S\u00e3o Paulo, 14 de novembro\u2026","rel":"","context":"Em &quot;Not\u00edcias&quot;","block_context":{"text":"Not\u00edcias","link":"https:\/\/mundobibliotecario.com.br\/index.php\/category\/noticias\/"},"img":{"alt_text":"","src":"","width":0,"height":0},"classes":[]}],"jetpack_likes_enabled":true,"jetpack_shortlink":"https:\/\/wp.me\/pcbzwa-1gb","_links":{"self":[{"href":"https:\/\/mundobibliotecario.com.br\/index.php\/wp-json\/wp\/v2\/posts\/4847","targetHints":{"allow":["GET"]}}],"collection":[{"href":"https:\/\/mundobibliotecario.com.br\/index.php\/wp-json\/wp\/v2\/posts"}],"about":[{"href":"https:\/\/mundobibliotecario.com.br\/index.php\/wp-json\/wp\/v2\/types\/post"}],"author":[{"embeddable":true,"href":"https:\/\/mundobibliotecario.com.br\/index.php\/wp-json\/wp\/v2\/users\/1"}],"replies":[{"embeddable":true,"href":"https:\/\/mundobibliotecario.com.br\/index.php\/wp-json\/wp\/v2\/comments?post=4847"}],"version-history":[{"count":0,"href":"https:\/\/mundobibliotecario.com.br\/index.php\/wp-json\/wp\/v2\/posts\/4847\/revisions"}],"wp:attachment":[{"href":"https:\/\/mundobibliotecario.com.br\/index.php\/wp-json\/wp\/v2\/media?parent=4847"}],"wp:term":[{"taxonomy":"category","embeddable":true,"href":"https:\/\/mundobibliotecario.com.br\/index.php\/wp-json\/wp\/v2\/categories?post=4847"},{"taxonomy":"post_tag","embeddable":true,"href":"https:\/\/mundobibliotecario.com.br\/index.php\/wp-json\/wp\/v2\/tags?post=4847"}],"curies":[{"name":"wp","href":"https:\/\/api.w.org\/{rel}","templated":true}]}}