{"id":4854,"date":"2010-11-24T08:16:50","date_gmt":"2010-11-24T11:16:50","guid":{"rendered":"http:\/\/mundobibliotecario.wordpress.com\/?p=1571"},"modified":"2020-07-21T23:55:35","modified_gmt":"2020-07-22T02:55:35","slug":"as-redes-sociais-sao-uma-ameaca-diz-fundador-da-web-2","status":"publish","type":"post","link":"https:\/\/mundobibliotecario.com.br\/index.php\/2010\/11\/24\/as-redes-sociais-sao-uma-ameaca-diz-fundador-da-web-2\/","title":{"rendered":"&quot;As redes sociais s\u00e3o uma amea\u00e7a&quot;, diz fundador da web"},"content":{"rendered":"<p>Por\u00a0IDG News Service<br \/>\nPublicada em 22 de novembro de 2010 \u00e0s 17h05<br \/>\nSir Tim Berners-Lee tamb\u00e9m criticou a Apple e o iTunes pelo seus m\u00e9todos restritivos e centralizadores.<br \/>\nO fundador da Web, Sir Tim Berners-Lee, criticou o uso das redes sociais afirmando que elas s\u00e3o &#8220;uma grande amea\u00e7a aos princ\u00edpios da internet&#8221;.<br \/>\nDe acordo com Berners-Lee, o Facebook e as demais m\u00eddias sociais encorajam os usu\u00e1rios a fornecerem suas informa\u00e7\u00f5es. No entanto, n\u00e3o compartilham estes dados com os outros websites.<br \/>\n&#8220;Na verdade, elas [as redes sociais] s\u00e3o mecanismos que restringem as informa\u00e7\u00f5es dos internautas, impedindo sua utiliza\u00e7\u00e3o pelo restante da web&#8221;, disse ele \u00e0 revista Scientific American.<br \/>\n&#8220;As redes sociais se tornaram uma plataforma central de conte\u00fado fechado. Quanto mais esse tipo de arquitetura ganhar espa\u00e7o, mais a web se tornar\u00e1 fragmentada e, consequentemente, menor ser\u00e1 o ambiente onde as pessoas poder\u00e3o compartilhar conte\u00fado de modo universal&#8221;, analisou Berners-Lee.<br \/>\nAl\u00e9m disso, ele tamb\u00e9m criticou a Apple e o iTunes pelo seus m\u00e9todos &#8220;restritivos e centralizadores&#8221;.<br \/>\n&#8220;Voc\u00ea s\u00f3 pode acessar um link do iTunes utilizando o pr\u00f3prio programa patenteado pela Apple. Voc\u00ea n\u00e3o est\u00e1 mais na web, na verdade, voc\u00ea est\u00e1 restrito a uma loja e n\u00e3o em uma ambiente aberto. Apesar de todas as caracter\u00edsticas incr\u00edveis, sua evolu\u00e7\u00e3o \u00e9 limitada ao desejo de uma \u00fanica companhia&#8221;, analisou ele.<br \/>\nJ\u00e1 sobre neutralidade na web, outro tema pol\u00eamico, Berners-Lee declarou que ela n\u00e3o s\u00f3 deve existir, como tamb\u00e9m deve incluir neutralidade nas linhas fixas e de banda larga m\u00f3vel.<br \/>\nSeus coment\u00e1rios v\u00eam apenas alguns dias depois do ministro da Cultura do Reino Unido, Ed Vaizey, sugerir que o pa\u00eds tivesse um projeto contr\u00e1rio as regras de democracia na rede, para que provedores e internautas, que pagam pelo acesso, tenham prioridade sobre o tr\u00e1fego.<br \/>\nNo entanto, Vaizey voltou atr\u00e1s e alegou que seus coment\u00e1rios est\u00e3o de acordo com os pensamentos de Berners-Lee.<br \/>\n(Carrie-Ann Skinner)<br \/>\nDispon\u00edvel em: &lt;http:\/\/idgnow.uol.com.br\/internet\/2010\/11\/22\/as-redes-sociais-sao-uma-ameaca-diz-fundador-da-web\/&gt;. Acesso em: 24 nov. 2010.<\/p>\n","protected":false},"excerpt":{"rendered":"<p>Por\u00a0IDG News Service Publicada em 22 de novembro de 2010 \u00e0s 17h05 Sir Tim Berners-Lee tamb\u00e9m criticou a Apple e o iTunes pelo seus m\u00e9todos restritivos e centralizadores. O fundador da Web, Sir Tim Berners-Lee, criticou o uso das redes sociais afirmando que elas s\u00e3o &#8220;uma grande amea\u00e7a aos princ\u00edpios da internet&#8221;. De acordo com &#8230; <a title=\"&quot;As redes sociais s\u00e3o uma amea\u00e7a&quot;, diz fundador da web\" class=\"read-more\" href=\"https:\/\/mundobibliotecario.com.br\/index.php\/2010\/11\/24\/as-redes-sociais-sao-uma-ameaca-diz-fundador-da-web-2\/\" aria-label=\"Read more about &quot;As redes sociais s\u00e3o uma amea\u00e7a&quot;, diz fundador da web\">Ler mais<\/a><\/p>\n","protected":false},"author":1,"featured_media":0,"comment_status":"open","ping_status":"open","sticky":false,"template":"","format":"standard","meta":{"_mi_skip_tracking":false,"_exactmetrics_sitenote_active":false,"_exactmetrics_sitenote_note":"","_exactmetrics_sitenote_category":0,"_jetpack_newsletter_access":"","footnotes":""},"categories":[60],"tags":[269,198,87],"class_list":["post-4854","post","type-post","status-publish","format-standard","hentry","category-noticias","tag-redes-sociais","tag-tim-berners-lee","tag-web"],"jetpack_featured_media_url":"","jetpack_sharing_enabled":true,"jetpack-related-posts":[{"id":1571,"url":"https:\/\/mundobibliotecario.com.br\/index.php\/2010\/11\/24\/as-redes-sociais-sao-uma-ameaca-diz-fundador-da-web\/","url_meta":{"origin":4854,"position":0},"title":"&#8220;As redes sociais s\u00e3o uma amea\u00e7a&#8221;, diz fundador da web","author":"mundobibliotecario","date":"24\/11\/2010","format":false,"excerpt":"Por\u00a0IDG News Service Publicada em 22 de novembro de 2010 \u00e0s 17h05 Sir Tim Berners-Lee tamb\u00e9m criticou a Apple e o iTunes pelo seus m\u00e9todos restritivos e centralizadores. O fundador da Web, Sir Tim Berners-Lee, criticou o uso das redes sociais afirmando que elas s\u00e3o \"uma grande amea\u00e7a aos princ\u00edpios\u2026","rel":"","context":"Em &quot;Not\u00edcias&quot;","block_context":{"text":"Not\u00edcias","link":"https:\/\/mundobibliotecario.com.br\/index.php\/category\/noticias\/"},"img":{"alt_text":"","src":"","width":0,"height":0},"classes":[]},{"id":4857,"url":"https:\/\/mundobibliotecario.com.br\/index.php\/2010\/11\/24\/as-redes-sociais-sao-uma-ameaca-diz-fundador-da-web-2-2\/","url_meta":{"origin":4854,"position":1},"title":"&#034;As redes sociais s\u00e3o uma amea\u00e7a&#034;, diz fundador da web","author":"mundobibliotecario","date":"24\/11\/2010","format":false,"excerpt":"Por\u00a0IDG News Service Publicada em 22 de novembro de 2010 \u00e0s 17h05 Sir Tim Berners-Lee tamb\u00e9m criticou a Apple e o iTunes pelo seus m\u00e9todos restritivos e centralizadores. O fundador da Web, Sir Tim Berners-Lee, criticou o uso das redes sociais afirmando que elas s\u00e3o \"uma grande amea\u00e7a aos princ\u00edpios\u2026","rel":"","context":"Em &quot;Not\u00edcias&quot;","block_context":{"text":"Not\u00edcias","link":"https:\/\/mundobibliotecario.com.br\/index.php\/category\/noticias\/"},"img":{"alt_text":"","src":"","width":0,"height":0},"classes":[]},{"id":306,"url":"https:\/\/mundobibliotecario.com.br\/index.php\/2009\/01\/23\/pai-da-web-defende-o-uso-livre-de-informacoes\/","url_meta":{"origin":4854,"position":2},"title":"&#039;Pai&#039; da web defende o uso livre de informa\u00e7\u00f5es","author":"mundobibliotecario","date":"23\/01\/2009","format":false,"excerpt":"VALOR, 21.01.09, p. B-3 - Empresa Gustavo Brigatto, de S\u00e3o Paulo O futuro da internet ser\u00e1 definido pelo p\u00fablico jovem, com a cria\u00e7\u00e3o de dezenas de inova\u00e7\u00f5es das quais ainda n\u00e3o h\u00e1 sequer ind\u00edcios, diz o programador ingl\u00eas Tim Berners-Lee - considerado o pai de alguns dos padr\u00f5es que permitiram\u2026","rel":"","context":"Em &quot;Not\u00edcias&quot;","block_context":{"text":"Not\u00edcias","link":"https:\/\/mundobibliotecario.com.br\/index.php\/category\/noticias\/"},"img":{"alt_text":"","src":"","width":0,"height":0},"classes":[]},{"id":130,"url":"https:\/\/mundobibliotecario.com.br\/index.php\/2008\/10\/19\/um-pouco-sobre-paul-otlet\/","url_meta":{"origin":4854,"position":3},"title":"Um pouco sobre Paul Otlet","author":"mundobibliotecario","date":"19\/10\/2008","format":false,"excerpt":"Museu celebra o verdadeiro precursor da web Em uma tarde enevoada de segunda-feira, a cidade medieval de Mons, na B\u00e9lgica, submersa na neblina, parece um lugar esquecido. Al\u00e9m da catedral g\u00f3tica obrigat\u00f3ria, n\u00e3o h\u00e1 muito mais que ver por aqui, se excluirmos um pequeno museu chamado Mundaneum, que fica em\u2026","rel":"","context":"Em &quot;Not\u00edcias&quot;","block_context":{"text":"Not\u00edcias","link":"https:\/\/mundobibliotecario.com.br\/index.php\/category\/noticias\/"},"img":{"alt_text":"","src":"","width":0,"height":0},"classes":[]},{"id":3535,"url":"https:\/\/mundobibliotecario.com.br\/index.php\/2014\/07\/13\/como-checar-o-conteudo-divulgado-em-redes-sociais\/","url_meta":{"origin":4854,"position":4},"title":"Como checar o conte\u00fado divulgado em redes sociais","author":"mundobibliotecario","date":"13\/07\/2014","format":false,"excerpt":"Os bibliotec\u00e1rios costumam falar que trabalham com informa\u00e7\u00e3o, conhecimento e, mais recentemente, com conte\u00fado. Ent\u00e3o porque n\u00e3o dar um conferida neste manual? Ou, melhor ainda, porque n\u00e3o pensarmos juntos em elaborar um manual pr\u00f3prio para nossa profiss\u00e3o? Afinal, como os jornalistas, devemos estar atento \u00e0s fontes de informa\u00e7\u00e3o e, claro,\u2026","rel":"","context":"Em &quot;Not\u00edcias&quot;","block_context":{"text":"Not\u00edcias","link":"https:\/\/mundobibliotecario.com.br\/index.php\/category\/noticias\/"},"img":{"alt_text":"","src":"","width":0,"height":0},"classes":[]},{"id":2148,"url":"https:\/\/mundobibliotecario.com.br\/index.php\/2011\/08\/18\/especialista-em-cibercultura-o-frances-pierre-levy-critica-intencao-inglesa-de-controlar-redes-sociais-e-fala-sobre-o-futuro-dos-livros\/","url_meta":{"origin":4854,"position":5},"title":"Especialista em cibercultura, o franc\u00eas Pierre L\u00e9vy critica inten\u00e7\u00e3o inglesa de controlar redes sociais e fala sobre o futuro dos livros","author":"mundobibliotecario","date":"18\/08\/2011","format":false,"excerpt":"RIO - H\u00e1 20 anos, quando a maioria da popula\u00e7\u00e3o do mundo n\u00e3o tinha a menor ideia do que era a internet, o fil\u00f3sofo franc\u00eas Pierre L\u00e9vy j\u00e1 estava de olho no futuro, com seus estudos sobre cibercultura e intelig\u00eancia coletiva. Hoje, L\u00e9vy \u00e9 uma refer\u00eancia, um estudioso cujas pesquisas\u2026","rel":"","context":"Em &quot;Not\u00edcias&quot;","block_context":{"text":"Not\u00edcias","link":"https:\/\/mundobibliotecario.com.br\/index.php\/category\/noticias\/"},"img":{"alt_text":"","src":"","width":0,"height":0},"classes":[]}],"jetpack_likes_enabled":true,"jetpack_shortlink":"https:\/\/wp.me\/pcbzwa-1gi","_links":{"self":[{"href":"https:\/\/mundobibliotecario.com.br\/index.php\/wp-json\/wp\/v2\/posts\/4854","targetHints":{"allow":["GET"]}}],"collection":[{"href":"https:\/\/mundobibliotecario.com.br\/index.php\/wp-json\/wp\/v2\/posts"}],"about":[{"href":"https:\/\/mundobibliotecario.com.br\/index.php\/wp-json\/wp\/v2\/types\/post"}],"author":[{"embeddable":true,"href":"https:\/\/mundobibliotecario.com.br\/index.php\/wp-json\/wp\/v2\/users\/1"}],"replies":[{"embeddable":true,"href":"https:\/\/mundobibliotecario.com.br\/index.php\/wp-json\/wp\/v2\/comments?post=4854"}],"version-history":[{"count":1,"href":"https:\/\/mundobibliotecario.com.br\/index.php\/wp-json\/wp\/v2\/posts\/4854\/revisions"}],"predecessor-version":[{"id":7424,"href":"https:\/\/mundobibliotecario.com.br\/index.php\/wp-json\/wp\/v2\/posts\/4854\/revisions\/7424"}],"wp:attachment":[{"href":"https:\/\/mundobibliotecario.com.br\/index.php\/wp-json\/wp\/v2\/media?parent=4854"}],"wp:term":[{"taxonomy":"category","embeddable":true,"href":"https:\/\/mundobibliotecario.com.br\/index.php\/wp-json\/wp\/v2\/categories?post=4854"},{"taxonomy":"post_tag","embeddable":true,"href":"https:\/\/mundobibliotecario.com.br\/index.php\/wp-json\/wp\/v2\/tags?post=4854"}],"curies":[{"name":"wp","href":"https:\/\/api.w.org\/{rel}","templated":true}]}}