{"id":4855,"date":"2010-12-06T15:33:07","date_gmt":"2010-12-06T18:33:07","guid":{"rendered":"http:\/\/mundobibliotecario.wordpress.com\/?p=1598"},"modified":"2020-07-22T11:26:59","modified_gmt":"2020-07-22T14:26:59","slug":"submissao-de-artigos-para-a-ciencia-da-informacao-2","status":"publish","type":"post","link":"https:\/\/mundobibliotecario.com.br\/index.php\/2010\/12\/06\/submissao-de-artigos-para-a-ciencia-da-informacao-2\/","title":{"rendered":"Submiss\u00e3o de artigos para a &quot;Ci\u00eancia da Informa\u00e7\u00e3o&quot;"},"content":{"rendered":"<h2>Avisos e informa\u00e7\u00f5es importantes: Submiss\u00f5es \u00e0 revista Ci\u00eancia da Informa\u00e7\u00e3o<\/h2>\n<div id=\"content\">\n<table width=\"100%\">\n<tbody>\n<tr>\n<td>A revista Ci\u00eancia da Informa\u00e7\u00e3o est\u00e1 recebendo trabalhos em submiss\u00e3o<\/td>\n<\/tr>\n<\/tbody>\n<\/table>\n<\/div>\n<p>\u00a0<br \/>\nDispon\u00edvel em: &lt;http:\/\/revista.ibict.br\/index.php\/ciinf\/announcement\/view\/6&gt;. Acesso em: 6 dez. 2010.<\/p>\n","protected":false},"excerpt":{"rendered":"<p>Avisos e informa\u00e7\u00f5es importantes: Submiss\u00f5es \u00e0 revista Ci\u00eancia da Informa\u00e7\u00e3o A revista Ci\u00eancia da Informa\u00e7\u00e3o est\u00e1 recebendo trabalhos em submiss\u00e3o \u00a0 Dispon\u00edvel em: &lt;http:\/\/revista.ibict.br\/index.php\/ciinf\/announcement\/view\/6&gt;. Acesso em: 6 dez. 2010.<\/p>\n","protected":false},"author":1,"featured_media":0,"comment_status":"open","ping_status":"open","sticky":false,"template":"","format":"standard","meta":{"_mi_skip_tracking":false,"_exactmetrics_sitenote_active":false,"_exactmetrics_sitenote_note":"","_exactmetrics_sitenote_category":0,"_jetpack_newsletter_access":"","footnotes":""},"categories":[60],"tags":[40,165,672],"class_list":["post-4855","post","type-post","status-publish","format-standard","hentry","category-noticias","tag-ciencia-da-informacao","tag-periodico","tag-submissao"],"jetpack_featured_media_url":"","jetpack_sharing_enabled":true,"jetpack-related-posts":[{"id":1598,"url":"https:\/\/mundobibliotecario.com.br\/index.php\/2010\/12\/06\/submissao-de-artigos-para-a-ciencia-da-informacao\/","url_meta":{"origin":4855,"position":0},"title":"Submiss\u00e3o de artigos para a &#8220;Ci\u00eancia da Informa\u00e7\u00e3o&#8221;","author":"mundobibliotecario","date":"06\/12\/2010","format":false,"excerpt":"Avisos e informa\u00e7\u00f5es importantes: Submiss\u00f5es \u00e0 revista Ci\u00eancia da Informa\u00e7\u00e3o A revista Ci\u00eancia da Informa\u00e7\u00e3o est\u00e1 recebendo trabalhos em submiss\u00e3o Dispon\u00edvel em: <http:\/\/revista.ibict.br\/index.php\/ciinf\/announcement\/view\/6>. Acesso em: 6 dez. 2010.","rel":"","context":"Em &quot;Not\u00edcias&quot;","block_context":{"text":"Not\u00edcias","link":"https:\/\/mundobibliotecario.com.br\/index.php\/category\/noticias\/"},"img":{"alt_text":"","src":"","width":0,"height":0},"classes":[]},{"id":4858,"url":"https:\/\/mundobibliotecario.com.br\/index.php\/2010\/12\/06\/submissao-de-artigos-para-a-ciencia-da-informacao-2-2\/","url_meta":{"origin":4855,"position":1},"title":"Submiss\u00e3o de artigos para a &#034;Ci\u00eancia da Informa\u00e7\u00e3o&#034;","author":"mundobibliotecario","date":"06\/12\/2010","format":false,"excerpt":"Avisos e informa\u00e7\u00f5es importantes: Submiss\u00f5es \u00e0 revista Ci\u00eancia da Informa\u00e7\u00e3o A revista Ci\u00eancia da Informa\u00e7\u00e3o est\u00e1 recebendo trabalhos em submiss\u00e3o \u00a0 Dispon\u00edvel em: <http:\/\/revista.ibict.br\/index.php\/ciinf\/announcement\/view\/6>. Acesso em: 6 dez. 2010.","rel":"","context":"Em &quot;Not\u00edcias&quot;","block_context":{"text":"Not\u00edcias","link":"https:\/\/mundobibliotecario.com.br\/index.php\/category\/noticias\/"},"img":{"alt_text":"","src":"","width":0,"height":0},"classes":[]},{"id":675,"url":"https:\/\/mundobibliotecario.com.br\/index.php\/2009\/06\/09\/periodico-cultura-em-recorte-abre-submissao\/","url_meta":{"origin":4855,"position":2},"title":"Peri\u00f3dico &quot;Cultura em Recorte&quot; abre submiss\u00e3o","author":"mundobibliotecario","date":"09\/06\/2009","format":false,"excerpt":"O peri\u00f3dico Cultura em Recorte abre submiss\u00e3o para artigos in\u00e9ditos e resenhas. Link para orienta\u00e7\u00f5es: \u00a0Escopo da revista: A Cultura em Recorte: Revista Eletr\u00f4nica de Museologia e A\u00e7\u00e3o Cultural \u00e9 um\u00a0espa\u00e7o para a divulga\u00e7\u00e3o de resultados de pesquisas, reflex\u00f5es e quaisquer outras informa\u00e7\u00f5es relevantes dessas duas \u00e1reas, ou seja, um\u2026","rel":"","context":"Em &quot;Not\u00edcias&quot;","block_context":{"text":"Not\u00edcias","link":"https:\/\/mundobibliotecario.com.br\/index.php\/category\/noticias\/"},"img":{"alt_text":"","src":"","width":0,"height":0},"classes":[]},{"id":4841,"url":"https:\/\/mundobibliotecario.com.br\/index.php\/2009\/06\/09\/periodico-cultura-em-recorte-abre-submissao-2\/","url_meta":{"origin":4855,"position":3},"title":"Peri\u00f3dico &#034;Cultura em Recorte&#034; abre submiss\u00e3o","author":"mundobibliotecario","date":"09\/06\/2009","format":false,"excerpt":"O peri\u00f3dico Cultura em Recorte abre submiss\u00e3o para artigos in\u00e9ditos e resenhas. Link para orienta\u00e7\u00f5es: \u00a0Escopo da revista: A Cultura em Recorte: Revista Eletr\u00f4nica de Museologia e A\u00e7\u00e3o Cultural \u00e9 um\u00a0espa\u00e7o para a divulga\u00e7\u00e3o de resultados de pesquisas, reflex\u00f5es e quaisquer outras informa\u00e7\u00f5es relevantes dessas duas \u00e1reas, ou seja, um\u2026","rel":"","context":"Em &quot;Not\u00edcias&quot;","block_context":{"text":"Not\u00edcias","link":"https:\/\/mundobibliotecario.com.br\/index.php\/category\/noticias\/"},"img":{"alt_text":"","src":"","width":0,"height":0},"classes":[]},{"id":1595,"url":"https:\/\/mundobibliotecario.com.br\/index.php\/2010\/12\/03\/portal-de-periodicos-premia-projetos-em-ciencia-da-informacao-e-administracao-e-gestao\/","url_meta":{"origin":4855,"position":4},"title":"Portal de Peri\u00f3dicos premia projetos em Ci\u00eancia da Informa\u00e7\u00e3o e Administra\u00e7\u00e3o e Gest\u00e3o","author":"mundobibliotecario","date":"03\/12\/2010","format":false,"excerpt":"Foi lan\u00e7ada nesta semana, mais uma edi\u00e7\u00e3o do Pr\u00eamio Emerald\/Capes. A iniciativa pretende estimular o acesso e o uso do Portal de Peri\u00f3dicos e promover a pesquisa nas \u00e1reas de Ci\u00eancia da Informa\u00e7\u00e3o e Administra\u00e7\u00e3o e Gest\u00e3o, com premia\u00e7\u00f5es no valor de R$ 5.295,00 por categoria. As inscri\u00e7\u00f5es v\u00e3o at\u00e9\u2026","rel":"","context":"Em &quot;Not\u00edcias&quot;","block_context":{"text":"Not\u00edcias","link":"https:\/\/mundobibliotecario.com.br\/index.php\/category\/noticias\/"},"img":{"alt_text":"","src":"","width":0,"height":0},"classes":[]},{"id":2083,"url":"https:\/\/mundobibliotecario.com.br\/index.php\/2011\/06\/16\/novas-revistas-de-biblioteconomia-e-ciencia-da-informacao\/","url_meta":{"origin":4855,"position":5},"title":"Novas revistas de Biblioteconomia e Ci\u00eancia da Informa\u00e7\u00e3o","author":"mundobibliotecario","date":"16\/06\/2011","format":false,"excerpt":"Recentemente foram lan\u00e7adas dois peri\u00f3dicos em Biblioteconomia e Ci\u00eancia da Informa\u00e7\u00e3o: Perspectivas em Gest\u00e3o e Conhecimento e M\u00faltiplos Olhares em Ci\u00eancia da Informa\u00e7\u00e3o. Parab\u00e9ns aos editores e \u00e0s universidades pela iniciativa!","rel":"","context":"Em &quot;Not\u00edcias&quot;","block_context":{"text":"Not\u00edcias","link":"https:\/\/mundobibliotecario.com.br\/index.php\/category\/noticias\/"},"img":{"alt_text":"","src":"","width":0,"height":0},"classes":[]}],"jetpack_likes_enabled":true,"jetpack_shortlink":"https:\/\/wp.me\/pcbzwa-1gj","_links":{"self":[{"href":"https:\/\/mundobibliotecario.com.br\/index.php\/wp-json\/wp\/v2\/posts\/4855","targetHints":{"allow":["GET"]}}],"collection":[{"href":"https:\/\/mundobibliotecario.com.br\/index.php\/wp-json\/wp\/v2\/posts"}],"about":[{"href":"https:\/\/mundobibliotecario.com.br\/index.php\/wp-json\/wp\/v2\/types\/post"}],"author":[{"embeddable":true,"href":"https:\/\/mundobibliotecario.com.br\/index.php\/wp-json\/wp\/v2\/users\/1"}],"replies":[{"embeddable":true,"href":"https:\/\/mundobibliotecario.com.br\/index.php\/wp-json\/wp\/v2\/comments?post=4855"}],"version-history":[{"count":1,"href":"https:\/\/mundobibliotecario.com.br\/index.php\/wp-json\/wp\/v2\/posts\/4855\/revisions"}],"predecessor-version":[{"id":7562,"href":"https:\/\/mundobibliotecario.com.br\/index.php\/wp-json\/wp\/v2\/posts\/4855\/revisions\/7562"}],"wp:attachment":[{"href":"https:\/\/mundobibliotecario.com.br\/index.php\/wp-json\/wp\/v2\/media?parent=4855"}],"wp:term":[{"taxonomy":"category","embeddable":true,"href":"https:\/\/mundobibliotecario.com.br\/index.php\/wp-json\/wp\/v2\/categories?post=4855"},{"taxonomy":"post_tag","embeddable":true,"href":"https:\/\/mundobibliotecario.com.br\/index.php\/wp-json\/wp\/v2\/tags?post=4855"}],"curies":[{"name":"wp","href":"https:\/\/api.w.org\/{rel}","templated":true}]}}