{"id":4862,"date":"2011-01-21T10:10:42","date_gmt":"2011-01-21T13:10:42","guid":{"rendered":"http:\/\/mundobibliotecario.wordpress.com\/?p=1696"},"modified":"2020-07-21T23:22:32","modified_gmt":"2020-07-22T02:22:32","slug":"simposio-reforcar-a-cultura-de-leitura-e-os-livros-na-era-digital-direitos-autorais-como-um-meio-para-fomentar-a-criatividade-e-o-acesso-2","status":"publish","type":"post","link":"https:\/\/mundobibliotecario.com.br\/index.php\/2011\/01\/21\/simposio-reforcar-a-cultura-de-leitura-e-os-livros-na-era-digital-direitos-autorais-como-um-meio-para-fomentar-a-criatividade-e-o-acesso-2\/","title":{"rendered":"Simp\u00f3sio &quot;Refor\u00e7ar a Cultura de Leitura e os Livros na Era Digital &#8211; Direitos Autorais como um meio para fomentar a criatividade e o acesso&quot;"},"content":{"rendered":"<p>Est\u00e3o dispon\u00edveis na Internet uma <a href=\"http:\/\/www.ifla.org\/en\/news\/proceedings-of-the-international-symposium-on-enhancing-the-culture-of-reading-and-books-in-the\">not\u00edcia no site da IFLA<\/a> sobre o evento &#8220;Enhancing the Culture of Reading and Books in the Digital Age &#8211; Copyright as a means to foster creativity and access&#8221; e os anais.<br \/>\nO Simp\u00f3sio ocorreu no Jap\u00e3o, nos dias 1\u00ba e 2 de dezembro de 2010. Foram abordados os seguintes eixos tem\u00e1ticos:<br \/>\n1. Quadros jur\u00eddicos internacionais para a prote\u00e7\u00e3o dos direitos autorais e direitos conexos<br \/>\n2. A import\u00e2ncia dos direitos autorais na sociedade<br \/>\n3. Provendo acesso para trabalhos sob direitos autorais<br \/>\n4. Alfabetiza\u00e7\u00e3o, publica\u00e7\u00e3o, bibliotecas e leitura<br \/>\n5. Digitaliza\u00e7\u00e3o<br \/>\n6. Acesso para usu\u00e1rios com necessidades especiais\/incapacidades<br \/>\nBoa leitura!<\/p>\n","protected":false},"excerpt":{"rendered":"<p>Est\u00e3o dispon\u00edveis na Internet uma not\u00edcia no site da IFLA sobre o evento &#8220;Enhancing the Culture of Reading and Books in the Digital Age &#8211; Copyright as a means to foster creativity and access&#8221; e os anais. O Simp\u00f3sio ocorreu no Jap\u00e3o, nos dias 1\u00ba e 2 de dezembro de 2010. Foram abordados os seguintes &#8230; <a title=\"Simp\u00f3sio &quot;Refor\u00e7ar a Cultura de Leitura e os Livros na Era Digital &#8211; Direitos Autorais como um meio para fomentar a criatividade e o acesso&quot;\" class=\"read-more\" href=\"https:\/\/mundobibliotecario.com.br\/index.php\/2011\/01\/21\/simposio-reforcar-a-cultura-de-leitura-e-os-livros-na-era-digital-direitos-autorais-como-um-meio-para-fomentar-a-criatividade-e-o-acesso-2\/\" aria-label=\"Read more about Simp\u00f3sio &quot;Refor\u00e7ar a Cultura de Leitura e os Livros na Era Digital &#8211; Direitos Autorais como um meio para fomentar a criatividade e o acesso&quot;\">Ler mais<\/a><\/p>\n","protected":false},"author":1,"featured_media":0,"comment_status":"open","ping_status":"open","sticky":false,"template":"","format":"standard","meta":{"_mi_skip_tracking":false,"_exactmetrics_sitenote_active":false,"_exactmetrics_sitenote_note":"","_exactmetrics_sitenote_category":0,"_jetpack_newsletter_access":"","footnotes":""},"categories":[60],"tags":[692,2,126,76,8,695],"class_list":["post-4862","post","type-post","status-publish","format-standard","hentry","category-noticias","tag-anais","tag-biblioteca","tag-digitalizacao","tag-direito-autoral","tag-leitura","tag-simposio"],"jetpack_featured_media_url":"","jetpack_sharing_enabled":true,"jetpack-related-posts":[{"id":4863,"url":"https:\/\/mundobibliotecario.com.br\/index.php\/2011\/01\/21\/simposio-reforcar-a-cultura-de-leitura-e-os-livros-na-era-digital-direitos-autorais-como-um-meio-para-fomentar-a-criatividade-e-o-acesso-2-2\/","url_meta":{"origin":4862,"position":0},"title":"Simp\u00f3sio &#034;Refor\u00e7ar a Cultura de Leitura e os Livros na Era Digital &#8211; Direitos Autorais como um meio para fomentar a criatividade e o acesso&#034;","author":"mundobibliotecario","date":"21\/01\/2011","format":false,"excerpt":"Est\u00e3o dispon\u00edveis na Internet uma not\u00edcia no site da IFLA sobre o evento \"Enhancing the Culture of Reading and Books in the Digital Age - Copyright as a means to foster creativity and access\" e os anais. O Simp\u00f3sio ocorreu no Jap\u00e3o, nos dias 1\u00ba e 2 de dezembro de\u2026","rel":"","context":"Em &quot;Not\u00edcias&quot;","block_context":{"text":"Not\u00edcias","link":"https:\/\/mundobibliotecario.com.br\/index.php\/category\/noticias\/"},"img":{"alt_text":"","src":"","width":0,"height":0},"classes":[]},{"id":1696,"url":"https:\/\/mundobibliotecario.com.br\/index.php\/2011\/01\/21\/simposio-reforcar-a-cultura-de-leitura-e-os-livros-na-era-digital-direitos-autorais-como-um-meio-para-fomentar-a-criatividade-e-o-acesso\/","url_meta":{"origin":4862,"position":1},"title":"Simp\u00f3sio &#8220;Refor\u00e7ar a Cultura de Leitura e os Livros na Era Digital &#8211; Direitos Autorais como um meio para fomentar a criatividade e o acesso&#8221;","author":"mundobibliotecario","date":"21\/01\/2011","format":false,"excerpt":"Est\u00e3o dispon\u00edveis na Internet uma not\u00edcia no site da IFLA sobre o evento \"Enhancing the Culture of Reading and Books in the Digital Age - Copyright as a means to foster creativity and access\" e os anais. O Simp\u00f3sio ocorreu no Jap\u00e3o, nos dias 1\u00ba e 2 de dezembro de\u2026","rel":"","context":"Em &quot;Not\u00edcias&quot;","block_context":{"text":"Not\u00edcias","link":"https:\/\/mundobibliotecario.com.br\/index.php\/category\/noticias\/"},"img":{"alt_text":"","src":"","width":0,"height":0},"classes":[]},{"id":1237,"url":"https:\/\/mundobibliotecario.com.br\/index.php\/2010\/04\/24\/simposio-internacional-de-politicas-publicas-para-acervos-digitais\/","url_meta":{"origin":4862,"position":2},"title":"SIMP\u00d3SIO INTERNACIONAL DE POL\u00cdTICAS P\u00daBLICAS PARA ACERVOS DIGITAIS","author":"mundobibliotecario","date":"24\/04\/2010","format":false,"excerpt":"Data: 26\/04 a 29\/04 O evento \u00e9 gratuito, aberto ao p\u00fablico (sujeito \u00e0 lota\u00e7\u00e3o da sala) e ser\u00e1 transmitido pela internet. Programa\u00e7\u00e3o: 26.04 (segunda-feira) 19h30 Coquetel e Abertura com Prof. Jos\u00e9 de Oliveira Ascens\u00e3o (Portugal) 27.04 (ter\u00e7a-feira) 9h \u00e0s 11h30: Grandes Projetos de Digitaliza\u00e7\u00e3o -Mathias Schindler (Wikimedia Foundation\/ Alemanha) -Frederic\u2026","rel":"","context":"Em &quot;Eventos&quot;","block_context":{"text":"Eventos","link":"https:\/\/mundobibliotecario.com.br\/index.php\/category\/eventos\/"},"img":{"alt_text":"","src":"","width":0,"height":0},"classes":[]},{"id":3585,"url":"https:\/\/mundobibliotecario.com.br\/index.php\/2014\/09\/20\/bibliotecas-podem-digitalizar-livro-sem-autorizacao-decide-corte-europeia\/","url_meta":{"origin":4862,"position":3},"title":"Bibliotecas podem digitalizar livro sem autoriza\u00e7\u00e3o, decide corte europeia","author":"mundobibliotecario","date":"20\/09\/2014","format":false,"excerpt":"Por\u00a0Aline Pinheiro O Tribunal de Justi\u00e7a da Uni\u00e3o Europeia decidiu que o direito dos autores pode ser flexibilizado em prol do compartilhamento do conhecimento. Por isso, uma biblioteca pode digitalizar uma obra mesmo contra a vontade do detentor dos direitos autorais e disponibilizar essa obra para o p\u00fablico. O documento\u2026","rel":"","context":"Em &quot;Not\u00edcias&quot;","block_context":{"text":"Not\u00edcias","link":"https:\/\/mundobibliotecario.com.br\/index.php\/category\/noticias\/"},"img":{"alt_text":"","src":"","width":0,"height":0},"classes":[]},{"id":1924,"url":"https:\/\/mundobibliotecario.com.br\/index.php\/2011\/03\/31\/biblioteca-digital-melhor-que-do-google\/","url_meta":{"origin":4862,"position":4},"title":"Biblioteca digital melhor que do Google","author":"mundobibliotecario","date":"31\/03\/2011","format":false,"excerpt":"Robert Darnton* Artigo originalmente publicado no New York Times, de 23\/03\/2011. URL: http:\/\/www.nytimes.com\/2011\/03\/24\/opinion\/24darnton.html?_r=2&hp=&pagewanted=print Tradu\u00e7\u00e3o publicada no Estado de S. Paulo, de 28\/03\/2011. \u00a0 Somente uma institui\u00e7\u00e3o p\u00fablica pode cuidar do acesso \u00e0 heran\u00e7a cultural O juiz federal Denny Chin, de Manhattan, rejeitou na ter\u00e7a o acordo entre o Google, que\u2026","rel":"","context":"Em &quot;Not\u00edcias&quot;","block_context":{"text":"Not\u00edcias","link":"https:\/\/mundobibliotecario.com.br\/index.php\/category\/noticias\/"},"img":{"alt_text":"","src":"","width":0,"height":0},"classes":[]},{"id":3928,"url":"https:\/\/mundobibliotecario.com.br\/index.php\/2015\/09\/14\/um-ambiente-ideal-para-a-investigacao-em-direitos-autorais-na-era-digital-a-perspectiva-europeia\/","url_meta":{"origin":4862,"position":5},"title":"Um ambiente ideal para a investiga\u00e7\u00e3o em direitos autorais na era digital: a perspectiva europeia","author":"mundobibliotecario","date":"14\/09\/2015","format":false,"excerpt":"Vale a pena ver a apresenta\u00e7\u00e3o A research-friendly copyright environment in the digital age: a European perspective. Ela apresenta alguns t\u00f3picos sobre o tratamento que a lei europeia\u00a0vem dando aos direitos autorais no contexto digital. A apresenta\u00e7\u00e3o est\u00e1 dispon\u00edvel no link acima em ingl\u00eas. Boa leitura!","rel":"","context":"Em &quot;Not\u00edcias&quot;","block_context":{"text":"Not\u00edcias","link":"https:\/\/mundobibliotecario.com.br\/index.php\/category\/noticias\/"},"img":{"alt_text":"","src":"","width":0,"height":0},"classes":[]}],"jetpack_likes_enabled":true,"jetpack_shortlink":"https:\/\/wp.me\/pcbzwa-1gq","_links":{"self":[{"href":"https:\/\/mundobibliotecario.com.br\/index.php\/wp-json\/wp\/v2\/posts\/4862","targetHints":{"allow":["GET"]}}],"collection":[{"href":"https:\/\/mundobibliotecario.com.br\/index.php\/wp-json\/wp\/v2\/posts"}],"about":[{"href":"https:\/\/mundobibliotecario.com.br\/index.php\/wp-json\/wp\/v2\/types\/post"}],"author":[{"embeddable":true,"href":"https:\/\/mundobibliotecario.com.br\/index.php\/wp-json\/wp\/v2\/users\/1"}],"replies":[{"embeddable":true,"href":"https:\/\/mundobibliotecario.com.br\/index.php\/wp-json\/wp\/v2\/comments?post=4862"}],"version-history":[{"count":1,"href":"https:\/\/mundobibliotecario.com.br\/index.php\/wp-json\/wp\/v2\/posts\/4862\/revisions"}],"predecessor-version":[{"id":6345,"href":"https:\/\/mundobibliotecario.com.br\/index.php\/wp-json\/wp\/v2\/posts\/4862\/revisions\/6345"}],"wp:attachment":[{"href":"https:\/\/mundobibliotecario.com.br\/index.php\/wp-json\/wp\/v2\/media?parent=4862"}],"wp:term":[{"taxonomy":"category","embeddable":true,"href":"https:\/\/mundobibliotecario.com.br\/index.php\/wp-json\/wp\/v2\/categories?post=4862"},{"taxonomy":"post_tag","embeddable":true,"href":"https:\/\/mundobibliotecario.com.br\/index.php\/wp-json\/wp\/v2\/tags?post=4862"}],"curies":[{"name":"wp","href":"https:\/\/api.w.org\/{rel}","templated":true}]}}