{"id":4881,"date":"2011-05-21T17:28:21","date_gmt":"2011-05-21T20:28:21","guid":{"rendered":"http:\/\/mundobibliotecario.wordpress.com\/?p=2035"},"modified":"2011-05-21T17:28:21","modified_gmt":"2011-05-21T20:28:21","slug":"eos-international-publica-o-guia-de-sobrevivencia-da-biblioteca-digital-2-2","status":"publish","type":"post","link":"https:\/\/mundobibliotecario.com.br\/index.php\/2011\/05\/21\/eos-international-publica-o-guia-de-sobrevivencia-da-biblioteca-digital-2-2\/","title":{"rendered":"EOS International publica  &#034;O Guia de Sobreviv\u00eancia da Biblioteca Digital&#034;"},"content":{"rendered":"<p>EOS International anunciou que vai publicar um novo livro, &#8220;O Guia de Sobreviv\u00eancia da Biblioteca Digital&#8221;, de Joseph R. Matthews em\u00a0maio 2011. A vers\u00e3o do ebook estar\u00e1 dispon\u00edvel atrav\u00e9s do iBooks, Amazon, Website EOS, e nas 5 principais\u00a0confer\u00eancias de bibliotecas deste ano. \u00a0&#8220;O Guia de Sobreviv\u00eancia da Biblioteca Digital&#8221;, de Joseph R. Matthews \u00e9 um excelente livro para todos os bibliotec\u00e1rios que est\u00e3o se movendo para a arena da biblioteca digital. Ele \u00e9 escrito de uma forma concisa que facilmente gui\u00e1-lo atrav\u00e9s do processo de migra\u00e7\u00e3o das tradicionais \/ h\u00edbrido para o sistema digital. O livro discute brevemente a evolu\u00e7\u00e3o das bibliotecas e as tecnologias que lhes permitam gerir eficazmente cada os crescentes recursos da biblioteca digital.<br \/>\nDispon\u00edvel em: &lt;<a href=\"http:\/\/xrefer.blogspot.com\/2011\/05\/eos-international-to-publish-digital.html?utm_source=feedburner&amp;utm_medium=feed&amp;utm_campaign=Feed%3A+blogspot%2FiRcS+%28Peter+Scott%27s+Library+Blog%29&amp;utm_content=Google+Reader\">http:\/\/xrefer.blogspot.com\/2011\/05\/eos-international-to-publish-digital.html?utm_source=feedburner&amp;utm_medium=feed&amp;utm_campaign=Feed%3A+blogspot%2FiRcS+%28Peter+Scott%27s+Library+Blog%29&amp;utm_content=Google+Reader<\/a>&gt;. Acesso em: 21 mai. 2011.<\/p>\n","protected":false},"excerpt":{"rendered":"<p>EOS International anunciou que vai publicar um novo livro, &#8220;O Guia de Sobreviv\u00eancia da Biblioteca Digital&#8221;, de Joseph R. Matthews em\u00a0maio 2011. A vers\u00e3o do ebook estar\u00e1 dispon\u00edvel atrav\u00e9s do iBooks, Amazon, Website EOS, e nas 5 principais\u00a0confer\u00eancias de bibliotecas deste ano. \u00a0&#8220;O Guia de Sobreviv\u00eancia da Biblioteca Digital&#8221;, de Joseph R. Matthews \u00e9 um &#8230; <a title=\"EOS International publica  &#034;O Guia de Sobreviv\u00eancia da Biblioteca Digital&#034;\" class=\"read-more\" href=\"https:\/\/mundobibliotecario.com.br\/index.php\/2011\/05\/21\/eos-international-publica-o-guia-de-sobrevivencia-da-biblioteca-digital-2-2\/\" aria-label=\"Read more about EOS International publica  &#034;O Guia de Sobreviv\u00eancia da Biblioteca Digital&#034;\">Ler mais<\/a><\/p>\n","protected":false},"author":1,"featured_media":0,"comment_status":"open","ping_status":"open","sticky":false,"template":"","format":"standard","meta":{"_mi_skip_tracking":false,"_exactmetrics_sitenote_active":false,"_exactmetrics_sitenote_note":"","_exactmetrics_sitenote_category":0,"_jetpack_newsletter_access":"","footnotes":""},"categories":[60],"tags":[365,9],"class_list":["post-4881","post","type-post","status-publish","format-standard","hentry","category-noticias","tag-biblioteca-digital","tag-livro"],"jetpack_featured_media_url":"","jetpack_sharing_enabled":true,"jetpack-related-posts":[{"id":2035,"url":"https:\/\/mundobibliotecario.com.br\/index.php\/2011\/05\/21\/eos-international-publica-o-guia-de-sobrevivencia-da-biblioteca-digital\/","url_meta":{"origin":4881,"position":0},"title":"EOS International publica  &#8220;O Guia de Sobreviv\u00eancia da Biblioteca Digital&#8221;","author":"mundobibliotecario","date":"21\/05\/2011","format":false,"excerpt":"EOS International anunciou que vai publicar um novo livro, \"O Guia de Sobreviv\u00eancia da Biblioteca Digital\", de Joseph R. Matthews em\u00a0maio 2011. A vers\u00e3o do ebook estar\u00e1 dispon\u00edvel atrav\u00e9s do iBooks, Amazon, Website EOS, e nas 5 principais\u00a0confer\u00eancias de bibliotecas deste ano. \u00a0\"O Guia de Sobreviv\u00eancia da Biblioteca Digital\", de\u2026","rel":"","context":"Em &quot;Not\u00edcias&quot;","block_context":{"text":"Not\u00edcias","link":"https:\/\/mundobibliotecario.com.br\/index.php\/category\/noticias\/"},"img":{"alt_text":"","src":"","width":0,"height":0},"classes":[]},{"id":4878,"url":"https:\/\/mundobibliotecario.com.br\/index.php\/2011\/05\/21\/eos-international-publica-o-guia-de-sobrevivencia-da-biblioteca-digital-2\/","url_meta":{"origin":4881,"position":1},"title":"EOS International publica  &quot;O Guia de Sobreviv\u00eancia da Biblioteca Digital&quot;","author":"mundobibliotecario","date":"21\/05\/2011","format":false,"excerpt":"EOS International anunciou que vai publicar um novo livro, \"O Guia de Sobreviv\u00eancia da Biblioteca Digital\", de Joseph R. Matthews em\u00a0maio 2011. A vers\u00e3o do ebook estar\u00e1 dispon\u00edvel atrav\u00e9s do iBooks, Amazon, Website EOS, e nas 5 principais\u00a0confer\u00eancias de bibliotecas deste ano. \u00a0\"O Guia de Sobreviv\u00eancia da Biblioteca Digital\", de\u2026","rel":"","context":"Em &quot;Not\u00edcias&quot;","block_context":{"text":"Not\u00edcias","link":"https:\/\/mundobibliotecario.com.br\/index.php\/category\/noticias\/"},"img":{"alt_text":"","src":"","width":0,"height":0},"classes":[]},{"id":2744,"url":"https:\/\/mundobibliotecario.com.br\/index.php\/2012\/11\/04\/biblioteca-digital-de-pernambuco-sera-lancada-em-breve\/","url_meta":{"origin":4881,"position":2},"title":"Biblioteca Digital de Pernambuco ser\u00e1 lan\u00e7ada em breve","author":"mundobibliotecario","date":"04\/11\/2012","format":false,"excerpt":"Jornal do Brasil Antonio Campos O Instituto Maximiano Campos (IMC) e a ARC - Ind\u00fastrias Criativas estar\u00e3o lan\u00e7ando, em breve, o projeto Biblioteca Digital de Pernambuco. Ser\u00e1 uma biblioteca virtual em nuvem de livros digitais. O foco ser\u00e3o os autores pernambucanos, mas n\u00e3o um ambiente exclusivo deles. Ser\u00e1 lan\u00e7ada a\u2026","rel":"","context":"Em &quot;Not\u00edcias&quot;","block_context":{"text":"Not\u00edcias","link":"https:\/\/mundobibliotecario.com.br\/index.php\/category\/noticias\/"},"img":{"alt_text":"","src":"","width":0,"height":0},"classes":[]},{"id":9594,"url":"https:\/\/mundobibliotecario.com.br\/index.php\/2021\/11\/06\/projeto-de-fabio-luis-que-propoe-biblioteca-publica-digital-e-aprovado-na-camara\/","url_meta":{"origin":4881,"position":3},"title":"Projeto de Fabio Luis que prop\u00f5e biblioteca p\u00fablica digital \u00e9 aprovado na C\u00e2mara","author":"mundobibliotecario","date":"06\/11\/2021","format":false,"excerpt":"Fabio Luis defende o servi\u00e7o p\u00fablico tecnol\u00f3gico e eficiente \u2013 Foto: Alexandre Pimenta A C\u00e2mara de Vereadores aprovou o projeto elaborado pelo vereador Fabio Luis (Republicanos) que institui a Biblioteca P\u00fablica Digital de Dourados. A iniciativa teve ades\u00e3o de todos os parlamentares da Casa de Leis durante vota\u00e7\u00e3o na sess\u00e3o\u2026","rel":"","context":"Em &quot;Not\u00edcias&quot;","block_context":{"text":"Not\u00edcias","link":"https:\/\/mundobibliotecario.com.br\/index.php\/category\/noticias\/"},"img":{"alt_text":"","src":"https:\/\/i0.wp.com\/mundobibliotecario.com.br\/wp-content\/uploads\/2021\/10\/Fabio-Luis-300x200-1.jpeg?resize=350%2C200&ssl=1","width":350,"height":200},"classes":[]},{"id":2218,"url":"https:\/\/mundobibliotecario.com.br\/index.php\/2011\/09\/23\/kindle-com-acesso-a-livros-de-bibliotecas-publicas\/","url_meta":{"origin":4881,"position":4},"title":"Kindle com acesso a livros de bibliotecas p\u00fablicas","author":"mundobibliotecario","date":"23\/09\/2011","format":false,"excerpt":"A Amazon passou a permitir a requisi\u00e7\u00e3o e leitura de livros de bibliotecas p\u00fablicas atrav\u00e9s do seu leitor de ebooks e aplica\u00e7\u00f5es para computadores e smartphones, anunciou ontem a empresa, num comunicado oficial. A novidade vem trazer uma nova dimens\u00e3o ao dispositivo, ao fornecer acesso gratuito \u00e0s obras em formato\u2026","rel":"","context":"Em &quot;Not\u00edcias&quot;","block_context":{"text":"Not\u00edcias","link":"https:\/\/mundobibliotecario.com.br\/index.php\/category\/noticias\/"},"img":{"alt_text":"","src":"","width":0,"height":0},"classes":[]},{"id":5592,"url":"https:\/\/mundobibliotecario.com.br\/index.php\/2020\/04\/28\/senac-lanca-biblioteca-digital-com-mais-de-600-livros-gratuitos\/","url_meta":{"origin":4881,"position":5},"title":"Senac lan\u00e7a biblioteca digital com mais de 600 livros gratuitos","author":"mundobibliotecario","date":"28\/04\/2020","format":false,"excerpt":"Na plataforma, \u00e9 poss\u00edvel selecionar livros favoritos, adicionar anota\u00e7\u00f5es sobre o conte\u00fado e criar listas de leitura Uma excelente not\u00edcia para quem \u00e9 apaixonado por leitura e n\u00e3o quer deixar o h\u00e1bito de lado durante a quarentena: uma biblioteca digital foi lan\u00e7ada, com mais de 600 livros gratuitos. A iniciativa\u2026","rel":"","context":"Em &quot;N\u00e3o classificado&quot;","block_context":{"text":"N\u00e3o classificado","link":"https:\/\/mundobibliotecario.com.br\/index.php\/category\/nao-classificado\/"},"img":{"alt_text":"","src":"","width":0,"height":0},"classes":[]}],"jetpack_likes_enabled":true,"jetpack_shortlink":"https:\/\/wp.me\/pcbzwa-1gJ","_links":{"self":[{"href":"https:\/\/mundobibliotecario.com.br\/index.php\/wp-json\/wp\/v2\/posts\/4881","targetHints":{"allow":["GET"]}}],"collection":[{"href":"https:\/\/mundobibliotecario.com.br\/index.php\/wp-json\/wp\/v2\/posts"}],"about":[{"href":"https:\/\/mundobibliotecario.com.br\/index.php\/wp-json\/wp\/v2\/types\/post"}],"author":[{"embeddable":true,"href":"https:\/\/mundobibliotecario.com.br\/index.php\/wp-json\/wp\/v2\/users\/1"}],"replies":[{"embeddable":true,"href":"https:\/\/mundobibliotecario.com.br\/index.php\/wp-json\/wp\/v2\/comments?post=4881"}],"version-history":[{"count":0,"href":"https:\/\/mundobibliotecario.com.br\/index.php\/wp-json\/wp\/v2\/posts\/4881\/revisions"}],"wp:attachment":[{"href":"https:\/\/mundobibliotecario.com.br\/index.php\/wp-json\/wp\/v2\/media?parent=4881"}],"wp:term":[{"taxonomy":"category","embeddable":true,"href":"https:\/\/mundobibliotecario.com.br\/index.php\/wp-json\/wp\/v2\/categories?post=4881"},{"taxonomy":"post_tag","embeddable":true,"href":"https:\/\/mundobibliotecario.com.br\/index.php\/wp-json\/wp\/v2\/tags?post=4881"}],"curies":[{"name":"wp","href":"https:\/\/api.w.org\/{rel}","templated":true}]}}