{"id":4886,"date":"2011-07-26T14:46:18","date_gmt":"2011-07-26T17:46:18","guid":{"rendered":"http:\/\/mundobibliotecario.wordpress.com\/?p=2135"},"modified":"2011-07-26T14:46:18","modified_gmt":"2011-07-26T17:46:18","slug":"oficina-gratuita-bancos-e-arquivos-de-imagens-fotograficas-principios-de-gestao-da-informacao-modulo-i-analise-leitura-e-indexacao-2-2","status":"publish","type":"post","link":"https:\/\/mundobibliotecario.com.br\/index.php\/2011\/07\/26\/oficina-gratuita-bancos-e-arquivos-de-imagens-fotograficas-principios-de-gestao-da-informacao-modulo-i-analise-leitura-e-indexacao-2-2\/","title":{"rendered":"Oficina gratuita: &#034;Bancos e Arquivos de Imagens Fotogr\u00e1ficas: princ\u00edpios de gest\u00e3o da informa\u00e7\u00e3o &#8211; M\u00f3dulo I: an\u00e1lise, leitura e indexa\u00e7\u00e3o&#034;"},"content":{"rendered":"<p>Ocorrer\u00e1, no dia 29\/07 (sexta-feira), das 13h &#8216;as 17h, em S\u00e3o Carlos, na Biblioteca P\u00fablica Municipal Amadeu Amaral, Rua 13 de maio, 2000 &#8211; esquina com avenida S\u00e3o Carlos, a oficina:<br \/>\n&#8220;Bancos e Arquivos de Imagens Fotogr\u00e1ficas: princ\u00edpios de gest\u00e3o da informa\u00e7\u00e3o &#8211; M\u00f3dulo I: an\u00e1lise, leitura e indexa\u00e7\u00e3o&#8221;. Todos receber\u00e3o certificados. O evento ser\u00e1 gratuito.<br \/>\nEssa oficina faz parte do projeto Audiovisual &amp; Informa\u00e7\u00e3o, que ser\u00e1 apresentado no dia do evento. O projeto conta com mais de 100 horas de cursos, oficinas e atividades, tendo como objetivo desenvolver compet\u00eancias para forma\u00e7\u00e3o de gestores de bancos e arquivos de imagens, al\u00e9m de som, express\u00f5es sonoras e m\u00eddias digitais interativas e tamb\u00e9m as suas formas de media\u00e7\u00e3o cultural&#8230;<br \/>\nParticipe! haver\u00e1 sorteiros e promo\u00e7\u00f5es. Lan\u00e7aremos uma cole\u00e7\u00e3o de livros sobre a gest\u00e3o da informa\u00e7\u00e3o audiovisual para todos os profissionais da informa\u00e7\u00e3o. Temos muitas surpresas e novidades nessa \u00e1rea. Algo novo e in\u00e9dito. Um grande projeto.<br \/>\nTemos 20 vagas dispon\u00edveis.<br \/>\nabra\u00e7os a todos e segue o programa completo da oficina:<br \/>\nBancos e Arquivos de Imagens Fotogr\u00e1ficas &#8211; M\u00f3dulo I<br \/>\nPrinc\u00edpios de Gest\u00e3o da Informa\u00e7\u00e3o: leitura, an\u00e1lise e indexa\u00e7\u00e3o<br \/>\n_________________________<br \/>\nPROPOSTA DO CURSO<br \/>\nConstruir compet\u00eancias para gerenciar a informa\u00e7\u00e3o em bancos e arquivos de imagens fotogr\u00e1ficas. Imagem fotogr\u00e1ficas \u00e9 informa\u00e7\u00e3o? Como ler, analisar e indexa\u00e7\u00e3o as imagens? Quais crit\u00e9rios, pol\u00edticas, procedimentos e metodologias contribuem para a gest\u00e3o eficiente da informa\u00e7\u00e3o em bancos de imagens fotogr\u00e1ficas, tendo em vista todo o seu potencial plural de usos e significa\u00e7\u00e3o. Quais fatores influenciam no alcance dos melhores resultados nos processos de pesquisa, busca e recupera\u00e7\u00e3o de imagens fotogr\u00e1ficas<br \/>\n____________<br \/>\nCONTE\u00daDO<br \/>\n1) Imagens fotogr\u00e1ficas: olhares, percep\u00e7\u00f5es e sensa\u00e7\u00f5es<br \/>\n2) Imagem Fotogr\u00e1fica: o documento e a informa\u00e7\u00e3o<br \/>\n3) Informa\u00e7\u00e3o e imagens fotogr\u00e1ficas: o jogo da significa\u00e7\u00e3o<br \/>\n4) O gestor da informa\u00e7\u00e3o em imagens fotogr\u00e1ficas: quem \u00e9 esse profissional?<br \/>\n4.1) Perfil, forma\u00e7\u00e3o e compet\u00eancias<br \/>\n5) A imagem fotogr\u00e1fica no jornalismo<br \/>\n6) A imagem fotogr\u00e1fica na publicidade<br \/>\n7) A imagem fotogr\u00e1fica na ci\u00eancia, tecnologia e sa\u00fade<br \/>\n8) Mem\u00f3ria, informa\u00e7\u00e3o e imagem fotogr\u00e1fica<br \/>\n9) Bancos e Arquivos de Imagens Fotogr\u00e1ficas: elementos introdut\u00f3rios<br \/>\n10) Imagens fotogr\u00e1ficas: princ\u00edpios de gest\u00e3o da informa\u00e7\u00e3o<br \/>\n10.1) Leitura e an\u00e1lise de imagens fotogr\u00e1ficas<br \/>\n10.2) Indexa\u00e7\u00e3o de imagens fotogr\u00e1ficas<br \/>\n11) Linguagens e tecnologias da informa\u00e7\u00e3o para a gest\u00e3o de imagens fotogr\u00e1ficas: princ\u00edpios elementares<br \/>\n___________________<br \/>\nA QUEM SE DESTINA<br \/>\nEstudantes e profissionais das Ci\u00eancias da Informa\u00e7\u00e3o, Comunica\u00e7\u00e3o, Linguagem e Educa\u00e7\u00e3o e todos os interessados pelo tema<br \/>\n________________<br \/>\nCARGA HOR\u00c1RIA<br \/>\n4 horas \u0096 Ser\u00e1 emitido Certificado<br \/>\n______________<br \/>\nLOCA E DATA<br \/>\nBiblioteca P\u00fablica Municipal Amadeu Amaral<br \/>\nRua 13 de maio, 2000 &#8211; esquina com avenida S\u00e3o Carlos<br \/>\nData: 29 de julho de 2011 (sexta-feira)<br \/>\nHor\u00e1rios: das 13h00h \u00e0s 17h00<br \/>\n_________________________<br \/>\nCOMO FAZER A INSCRI\u00c7\u00c3O<br \/>\nPreencher e enviar os seguintes dados:<br \/>\nNome:<br \/>\nRG.:<br \/>\nE-mail:<br \/>\nTelefone:<br \/>\nData da Oficina:<br \/>\nLocal de realiza\u00e7\u00e3o da oficina:<br \/>\nHor\u00e1rio:<br \/>\nCategoria: ( ) estudante ( ) profissional<br \/>\nEnviar e-mail para: <a href=\"http:\/\/bmail.uol.com.br\/compose?to=informacaoaudiovisual\" target=\"_blank\" rel=\"noopener noreferrer\">informacaoaudiovisual@gmail.com<\/a> ou <a href=\"http:\/\/bmail.uol.com.br\/compose?to=ronni\" target=\"_blank\" rel=\"noopener noreferrer\">ronni@informacaoaudiovisual.com.br<\/a><br \/>\n_________________<br \/>\nPROFESSOR<br \/>\nGestor e Consultor, com 13 anos de experi\u00eancia, em trabalhos e projetos ligados \u00e0 cria\u00e7\u00e3o, implanta\u00e7\u00e3o e reestrutura\u00e7\u00e3o de Bancos e Arquivos de Imagens Fotogr\u00e1ficas; an\u00e1lise, tratamento e indexa\u00e7\u00e3o de imagens em empresas no Brasil e no exterior (TYBA Imagens, Getty Images Latin America, Sambaphotos, Stockphotos\/Latinstock, Banco de dados \u0096 Folha de S. PAULO entre outros)<br \/>\nBibliotec\u00e1rio, professor e autor dos seguintes livros:<br \/>\n&#8220;Que frio!&#8221;, editora Scipione, 1993;<br \/>\n&#8220;Audiovisual &amp; Informa\u00e7\u00e3o: princ\u00edpios elementares&#8221;, 2011 (Ebook);<br \/>\n&#8220;Audiovisual &amp; Ci\u00eancia da Informa\u00e7\u00e3o: com a palavra, a imagem e o som&#8221; \u0096 no prelo (2011) ;<br \/>\n&#8220;Bancos e Arquivos de Imagens Fotogr\u00e1ficas: princ\u00edpios de gest\u00e3o da informa\u00e7\u00e3o&#8221; \u0096 no prelo (2011).<br \/>\nE-mail: <a href=\"http:\/\/bmail.uol.com.br\/compose?to=ronni\" target=\"_blank\" rel=\"noopener noreferrer\">ronni@informacaoaudiovisual.com.br<\/a> \u0096<br \/>\nBlog: informacaoaudiovisual.blogspot.com<br \/>\ntwitter.com\/infoaudiovisual<br \/>\nfacebook.com\/informacaoaudiovisual<\/p>\n","protected":false},"excerpt":{"rendered":"<p>Ocorrer\u00e1, no dia 29\/07 (sexta-feira), das 13h &#8216;as 17h, em S\u00e3o Carlos, na Biblioteca P\u00fablica Municipal Amadeu Amaral, Rua 13 de maio, 2000 &#8211; esquina com avenida S\u00e3o Carlos, a oficina: &#8220;Bancos e Arquivos de Imagens Fotogr\u00e1ficas: princ\u00edpios de gest\u00e3o da informa\u00e7\u00e3o &#8211; M\u00f3dulo I: an\u00e1lise, leitura e indexa\u00e7\u00e3o&#8221;. Todos receber\u00e3o certificados. O evento ser\u00e1 &#8230; <a title=\"Oficina gratuita: &#034;Bancos e Arquivos de Imagens Fotogr\u00e1ficas: princ\u00edpios de gest\u00e3o da informa\u00e7\u00e3o &#8211; M\u00f3dulo I: an\u00e1lise, leitura e indexa\u00e7\u00e3o&#034;\" class=\"read-more\" href=\"https:\/\/mundobibliotecario.com.br\/index.php\/2011\/07\/26\/oficina-gratuita-bancos-e-arquivos-de-imagens-fotograficas-principios-de-gestao-da-informacao-modulo-i-analise-leitura-e-indexacao-2-2\/\" aria-label=\"Read more about Oficina gratuita: &#034;Bancos e Arquivos de Imagens Fotogr\u00e1ficas: princ\u00edpios de gest\u00e3o da informa\u00e7\u00e3o &#8211; M\u00f3dulo I: an\u00e1lise, leitura e indexa\u00e7\u00e3o&#034;\">Ler mais<\/a><\/p>\n","protected":false},"author":1,"featured_media":0,"comment_status":"open","ping_status":"open","sticky":false,"template":"","format":"standard","meta":{"_mi_skip_tracking":false,"_exactmetrics_sitenote_active":false,"_exactmetrics_sitenote_note":"","_exactmetrics_sitenote_category":0,"_jetpack_newsletter_access":"","footnotes":""},"categories":[252],"tags":[679,789,475,717],"class_list":["post-4886","post","type-post","status-publish","format-standard","hentry","category-curso","tag-fotografia","tag-imagem","tag-indexacao","tag-oficina"],"jetpack_featured_media_url":"","jetpack_sharing_enabled":true,"jetpack-related-posts":[{"id":2135,"url":"https:\/\/mundobibliotecario.com.br\/index.php\/2011\/07\/26\/oficina-gratuita-bancos-e-arquivos-de-imagens-fotograficas-principios-de-gestao-da-informacao-modulo-i-analise-leitura-e-indexacao\/","url_meta":{"origin":4886,"position":0},"title":"Oficina gratuita: &#8220;Bancos e Arquivos de Imagens Fotogr\u00e1ficas: princ\u00edpios de gest\u00e3o da informa\u00e7\u00e3o &#8211; M\u00f3dulo I: an\u00e1lise, leitura e indexa\u00e7\u00e3o&#8221;","author":"mundobibliotecario","date":"26\/07\/2011","format":false,"excerpt":"Ocorrer\u00e1, no dia 29\/07 (sexta-feira), das 13h 'as 17h, em S\u00e3o Carlos, na Biblioteca P\u00fablica Municipal Amadeu Amaral, Rua 13 de maio, 2000 - esquina com avenida S\u00e3o Carlos, a oficina: \"Bancos e Arquivos de Imagens Fotogr\u00e1ficas: princ\u00edpios de gest\u00e3o da informa\u00e7\u00e3o - M\u00f3dulo I: an\u00e1lise, leitura e indexa\u00e7\u00e3o\". Todos\u2026","rel":"","context":"Em &quot;Curso&quot;","block_context":{"text":"Curso","link":"https:\/\/mundobibliotecario.com.br\/index.php\/category\/curso\/"},"img":{"alt_text":"","src":"","width":0,"height":0},"classes":[]},{"id":4885,"url":"https:\/\/mundobibliotecario.com.br\/index.php\/2011\/07\/26\/oficina-gratuita-bancos-e-arquivos-de-imagens-fotograficas-principios-de-gestao-da-informacao-modulo-i-analise-leitura-e-indexacao-2\/","url_meta":{"origin":4886,"position":1},"title":"Oficina gratuita: &quot;Bancos e Arquivos de Imagens Fotogr\u00e1ficas: princ\u00edpios de gest\u00e3o da informa\u00e7\u00e3o &#8211; M\u00f3dulo I: an\u00e1lise, leitura e indexa\u00e7\u00e3o&quot;","author":"mundobibliotecario","date":"26\/07\/2011","format":false,"excerpt":"Ocorrer\u00e1, no dia 29\/07 (sexta-feira), das 13h 'as 17h, em S\u00e3o Carlos, na Biblioteca P\u00fablica Municipal Amadeu Amaral, Rua 13 de maio, 2000 - esquina com avenida S\u00e3o Carlos, a oficina: \"Bancos e Arquivos de Imagens Fotogr\u00e1ficas: princ\u00edpios de gest\u00e3o da informa\u00e7\u00e3o - M\u00f3dulo I: an\u00e1lise, leitura e indexa\u00e7\u00e3o\". Todos\u2026","rel":"","context":"Em &quot;Curso&quot;","block_context":{"text":"Curso","link":"https:\/\/mundobibliotecario.com.br\/index.php\/category\/curso\/"},"img":{"alt_text":"","src":"","width":0,"height":0},"classes":[]},{"id":1848,"url":"https:\/\/mundobibliotecario.com.br\/index.php\/2011\/03\/08\/oficina-pratico-experimental-introducao-a-infor-macao-audiovisual-imagens-expressoes-sonoras-e-midias-digitais-interativas\/","url_meta":{"origin":4886,"position":2},"title":"Oficina pr\u00e1tico-experimental &#8220;Introdu\u00e7\u00e3o \u00e0 Informa\u00e7\u00e3o Audiovisual: Imagens, express\u00f5es sonoras e m\u00eddias digitais interativas&#8221;","author":"mundobibliotecario","date":"08\/03\/2011","format":false,"excerpt":"Um filme. Uma fotografia. Um grito. Pinceladas. Cores. Formas. Voc\u00ea acha que esses exemplos de express\u00f5es audiovisuais podem ser caracterizados conceitualmente como informa\u00e7\u00e3o? Existem mais semelhan\u00e7as ou mais diferen\u00e7as entre o prazer na leitura de um livro e as m\u00faltiplas sensa\u00e7\u00f5es estimuladas ao assistirmos a um desenho animado, jogarmos um\u2026","rel":"","context":"Em &quot;Curso&quot;","block_context":{"text":"Curso","link":"https:\/\/mundobibliotecario.com.br\/index.php\/category\/curso\/"},"img":{"alt_text":"","src":"","width":0,"height":0},"classes":[]},{"id":4866,"url":"https:\/\/mundobibliotecario.com.br\/index.php\/2011\/03\/08\/oficina-pratico-experimental-introducao-a-infor-macao-audiovisual-imagens-expressoes-sonoras-e-midias-digitais-interativas-2\/","url_meta":{"origin":4886,"position":3},"title":"Oficina pr\u00e1tico-experimental &quot;Introdu\u00e7\u00e3o \u00e0 Informa\u00e7\u00e3o Audiovisual: Imagens, express\u00f5es sonoras e m\u00eddias digitais interativas&quot;","author":"mundobibliotecario","date":"08\/03\/2011","format":false,"excerpt":"Um filme. Uma fotografia. Um grito. Pinceladas. Cores. Formas. Voc\u00ea acha que esses exemplos de express\u00f5es audiovisuais podem ser caracterizados conceitualmente como informa\u00e7\u00e3o? Existem mais semelhan\u00e7as ou mais diferen\u00e7as entre o prazer na leitura de um livro e as m\u00faltiplas sensa\u00e7\u00f5es estimuladas ao assistirmos a um desenho animado, jogarmos um\u2026","rel":"","context":"Em &quot;Curso&quot;","block_context":{"text":"Curso","link":"https:\/\/mundobibliotecario.com.br\/index.php\/category\/curso\/"},"img":{"alt_text":"","src":"","width":0,"height":0},"classes":[]},{"id":4867,"url":"https:\/\/mundobibliotecario.com.br\/index.php\/2011\/03\/08\/oficina-pratico-experimental-introducao-a-infor-macao-audiovisual-imagens-expressoes-sonoras-e-midias-digitais-interativas-2-2\/","url_meta":{"origin":4886,"position":4},"title":"Oficina pr\u00e1tico-experimental &#034;Introdu\u00e7\u00e3o \u00e0 Informa\u00e7\u00e3o Audiovisual: Imagens, express\u00f5es sonoras e m\u00eddias digitais interativas&#034;","author":"mundobibliotecario","date":"08\/03\/2011","format":false,"excerpt":"Um filme. Uma fotografia. Um grito. Pinceladas. Cores. Formas. Voc\u00ea acha que esses exemplos de express\u00f5es audiovisuais podem ser caracterizados conceitualmente como informa\u00e7\u00e3o? Existem mais semelhan\u00e7as ou mais diferen\u00e7as entre o prazer na leitura de um livro e as m\u00faltiplas sensa\u00e7\u00f5es estimuladas ao assistirmos a um desenho animado, jogarmos um\u2026","rel":"","context":"Em &quot;Curso&quot;","block_context":{"text":"Curso","link":"https:\/\/mundobibliotecario.com.br\/index.php\/category\/curso\/"},"img":{"alt_text":"","src":"","width":0,"height":0},"classes":[]},{"id":4569,"url":"https:\/\/mundobibliotecario.com.br\/index.php\/2017\/08\/21\/cursos-on-line-eou-semipresenciais-in-company-para-autores-editores-cientificos-e-equipes-editoriais-bibliotecarios-e-demais-profissionais-da-informacao-concurseiros-eou-em-atividade-profissional\/","url_meta":{"origin":4886,"position":5},"title":"Cursos on-line e\/ou semipresenciais in-company para autores, editores cient\u00edficos e equipes editoriais, bibliotec\u00e1rios e demais profissionais da informa\u00e7\u00e3o, concurseiros e\/ou em atividade profissional","author":"mundobibliotecario","date":"21\/08\/2017","format":false,"excerpt":"01.\u00a0Herramientas de preservaci\u00f3n en DSpace: conversi\u00f3n a XML\u00a0-\u00a0\u00a0Joel Torres \u2013 30h\/30 dias -\u00a0C\u00f3mo facilitar los procesos de preservaci\u00f3n digital en DSpace a trav\u00e9s del uso de herramientas de conversi\u00f3n desde formatos tradicionales hacia el formato XML 02.\u00a0Convert2XML: herramienta de conversi\u00f3n a XML JATS integrada a OJS\u00a0- Araceli Olivo \u2013 30h\/30\u2026","rel":"","context":"Em &quot;Curso&quot;","block_context":{"text":"Curso","link":"https:\/\/mundobibliotecario.com.br\/index.php\/category\/curso\/"},"img":{"alt_text":"","src":"","width":0,"height":0},"classes":[]}],"jetpack_likes_enabled":true,"jetpack_shortlink":"https:\/\/wp.me\/pcbzwa-1gO","_links":{"self":[{"href":"https:\/\/mundobibliotecario.com.br\/index.php\/wp-json\/wp\/v2\/posts\/4886","targetHints":{"allow":["GET"]}}],"collection":[{"href":"https:\/\/mundobibliotecario.com.br\/index.php\/wp-json\/wp\/v2\/posts"}],"about":[{"href":"https:\/\/mundobibliotecario.com.br\/index.php\/wp-json\/wp\/v2\/types\/post"}],"author":[{"embeddable":true,"href":"https:\/\/mundobibliotecario.com.br\/index.php\/wp-json\/wp\/v2\/users\/1"}],"replies":[{"embeddable":true,"href":"https:\/\/mundobibliotecario.com.br\/index.php\/wp-json\/wp\/v2\/comments?post=4886"}],"version-history":[{"count":0,"href":"https:\/\/mundobibliotecario.com.br\/index.php\/wp-json\/wp\/v2\/posts\/4886\/revisions"}],"wp:attachment":[{"href":"https:\/\/mundobibliotecario.com.br\/index.php\/wp-json\/wp\/v2\/media?parent=4886"}],"wp:term":[{"taxonomy":"category","embeddable":true,"href":"https:\/\/mundobibliotecario.com.br\/index.php\/wp-json\/wp\/v2\/categories?post=4886"},{"taxonomy":"post_tag","embeddable":true,"href":"https:\/\/mundobibliotecario.com.br\/index.php\/wp-json\/wp\/v2\/tags?post=4886"}],"curies":[{"name":"wp","href":"https:\/\/api.w.org\/{rel}","templated":true}]}}